{"id":2703,"date":"2020-10-30T12:10:43","date_gmt":"2020-10-30T11:10:43","guid":{"rendered":"http:\/\/agora.xtec.cat\/ceip-valdelors-vandellos\/?p=2703"},"modified":"2020-10-30T12:22:18","modified_gmt":"2020-10-30T11:22:18","slug":"castanyada-2020","status":"publish","type":"post","link":"https:\/\/agora.xtec.cat\/ceip-valdelors-vandellos\/general\/castanyada-2020\/","title":{"rendered":"CASTANYADA 2020"},"content":{"rendered":"<p>Aqu\u00ed teniu una mostra de l&#8217;activitat que s&#8217;ha realitzat des de l&#8217;\u00e0mbit art\u00edstic: m\u00fasica; per tal de celebrar la Festa tradicional de la Castanyada.<br \/>\nAquest any es celebra de manera diferent degut als moments que estem vivint.  <\/p>\n<p>https:\/\/youtu.be\/d15k4f8zpYQ<\/p>\n","protected":false},"excerpt":{"rendered":"<p>Aqu\u00ed teniu una mostra de l&#8217;activitat que s&#8217;ha realitzat des de l&#8217;\u00e0mbit art\u00edstic: m\u00fasica.&hellip;  <a href=\"https:\/\/agora.xtec.cat\/ceip-valdelors-vandellos\/general\/castanyada-2020\/\" title=\"Read CASTANYADA 2020\">Llegeix m\u00e9s\u00bb<\/a><\/p>\n","protected":false},"author":6,"featured_media":2704,"comment_status":"open","ping_status":"closed","sticky":false,"template":"","format":"standard","meta":{"_bbp_topic_count":0,"_bbp_reply_count":0,"_bbp_total_topic_count":0,"_bbp_total_reply_count":0,"_bbp_voice_count":0,"_bbp_anonymous_reply_count":0,"_bbp_topic_count_hidden":0,"_bbp_reply_count_hidden":0,"_bbp_forum_subforum_count":0,"footnotes":""},"categories":[1,4],"tags":[],"class_list":["post-2703","post","type-post","status-publish","format-standard","has-post-thumbnail","hentry","category-general","category-portada"],"post_mailing_queue_ids":[],"_links":{"self":[{"href":"https:\/\/agora.xtec.cat\/ceip-valdelors-vandellos\/wp-json\/wp\/v2\/posts\/2703","targetHints":{"allow":["GET"]}}],"collection":[{"href":"https:\/\/agora.xtec.cat\/ceip-valdelors-vandellos\/wp-json\/wp\/v2\/posts"}],"about":[{"href":"https:\/\/agora.xtec.cat\/ceip-valdelors-vandellos\/wp-json\/wp\/v2\/types\/post"}],"author":[{"embeddable":true,"href":"https:\/\/agora.xtec.cat\/ceip-valdelors-vandellos\/wp-json\/wp\/v2\/users\/6"}],"replies":[{"embeddable":true,"href":"https:\/\/agora.xtec.cat\/ceip-valdelors-vandellos\/wp-json\/wp\/v2\/comments?post=2703"}],"version-history":[{"count":2,"href":"https:\/\/agora.xtec.cat\/ceip-valdelors-vandellos\/wp-json\/wp\/v2\/posts\/2703\/revisions"}],"predecessor-version":[{"id":2707,"href":"https:\/\/agora.xtec.cat\/ceip-valdelors-vandellos\/wp-json\/wp\/v2\/posts\/2703\/revisions\/2707"}],"wp:featuredmedia":[{"embeddable":true,"href":"https:\/\/agora.xtec.cat\/ceip-valdelors-vandellos\/wp-json\/wp\/v2\/media\/2704"}],"wp:attachment":[{"href":"https:\/\/agora.xtec.cat\/ceip-valdelors-vandellos\/wp-json\/wp\/v2\/media?parent=2703"}],"wp:term":[{"taxonomy":"category","embeddable":true,"href":"https:\/\/agora.xtec.cat\/ceip-valdelors-vandellos\/wp-json\/wp\/v2\/categories?post=2703"},{"taxonomy":"post_tag","embeddable":true,"href":"https:\/\/agora.xtec.cat\/ceip-valdelors-vandellos\/wp-json\/wp\/v2\/tags?post=2703"}],"curies":[{"name":"wp","href":"https:\/\/api.w.org\/{rel}","templated":true}]}}