{"id":2523,"date":"2020-05-08T20:19:27","date_gmt":"2020-05-08T18:19:27","guid":{"rendered":"http:\/\/agora.xtec.cat\/ceip-valdelors-vandellos\/?p=2523"},"modified":"2020-05-28T15:43:11","modified_gmt":"2020-05-28T13:43:11","slug":"preinscripcio-2020-2021","status":"publish","type":"post","link":"https:\/\/agora.xtec.cat\/ceip-valdelors-vandellos\/general\/preinscripcio-2020-2021\/","title":{"rendered":"PREINSCRIPCI\u00d3 2020-2021"},"content":{"rendered":"<p>La crisi sanit\u00e0ria ocasionada per la covid-19 ha comportat la suspensi\u00f3 del procediment de preinscripci\u00f3 i matr\u00edcula d\u2019alumnes, regulat mitjan\u00e7ant la Resoluci\u00f3 EDU\/576\/2020, de 28 de febrer, per la qual s\u2019aproven les normes de preinscripci\u00f3 i matr\u00edcula d&#8217;alumnes als centres del Servei d&#8217;Educaci\u00f3 de Catalunya i altres centres educatius, en els diversos ensenyaments sostinguts amb fons p\u00fablics, per al curs 2020-2021.<\/p>\n<div class=\"intro\">\n<p>Per fer possible la realitzaci\u00f3 d\u2019aquest procediment, que \u00e9s imprescindible per al funcionament correcte del sistema,\u00a0<strong>s\u2019han\u00a0ajustat els calendaris i s\u2019han introdu\u00eft alguns canvis en la gesti\u00f3,\u00a0amb la\u00a0incorporaci\u00f3 de totes les mesures de prevenci\u00f3\u00a0imprescindibles per fer les gestions de forma segura, tant per al personal implicat com per a la ciutadana.<\/strong><\/p>\n<p><a href=\"https:\/\/agora.xtec.cat\/ceip-valdelors-vandellos\/wp-content\/uploads\/usu1532\/2020\/05\/OFERTA-INICIAL-DE-PLACES-curs-20-21.pdf\">OFERTA INICIAL DE PLACES curs 20-21<\/a><\/p>\n<p><a href=\"https:\/\/agora.xtec.cat\/ceip-valdelors-vandellos\/wp-content\/uploads\/usu1532\/2020\/05\/CALENDARI-DE-PREINSCRIPCIONS.pdf\">CALENDARI DE PREINSCRIPCIONS<\/a><\/p>\n<p><a href=\"https:\/\/agora.xtec.cat\/ceip-valdelors-vandellos\/wp-content\/uploads\/usu1532\/2020\/05\/DOCUMENTACI\u00d3-I-CRITERIS-DE-PRIORITAT.pdf\">DOCUMENTACI\u00d3 I CRITERIS DE PRIORITAT<\/a><\/p>\n<p><a href=\"https:\/\/agora.xtec.cat\/ceip-valdelors-vandellos\/wp-content\/uploads\/usu1532\/2020\/05\/MESURES-PREVENTIVES-GENERALS.pdf\">MESURES PREVENTIVES GENERALS<\/a><\/p>\n<p>&nbsp;<\/p>\n<p>&nbsp;<\/p>\n<\/div>\n","protected":false},"excerpt":{"rendered":"<p>La crisi sanit\u00e0ria ocasionada per la covid-19 ha comportat la suspensi\u00f3 del procediment de preinscripci\u00f3 i matr\u00edcula d\u2019alumnes, regulat mitjan\u00e7ant la Resoluci\u00f3 EDU\/576\/2020, de 28 de febrer, per la qual s\u2019aproven les normes de preinscripci\u00f3 i matr\u00edcula d&#8217;alumnes als centres del Servei d&#8217;Educaci\u00f3 de Catalunya&hellip;  <a href=\"https:\/\/agora.xtec.cat\/ceip-valdelors-vandellos\/general\/preinscripcio-2020-2021\/\" title=\"Read PREINSCRIPCI\u00d3 2020-2021\">Llegeix m\u00e9s\u00bb<\/a><\/p>\n","protected":false},"author":7,"featured_media":2524,"comment_status":"open","ping_status":"closed","sticky":false,"template":"","format":"standard","meta":{"_bbp_topic_count":0,"_bbp_reply_count":0,"_bbp_total_topic_count":0,"_bbp_total_reply_count":0,"_bbp_voice_count":0,"_bbp_anonymous_reply_count":0,"_bbp_topic_count_hidden":0,"_bbp_reply_count_hidden":0,"_bbp_forum_subforum_count":0,"footnotes":""},"categories":[60,59,58,61,1,4],"tags":[],"class_list":["post-2523","post","type-post","status-publish","format-standard","has-post-thumbnail","hentry","category-cicle-superior-i-4t","category-cicle-inicial-i-3r","category-educacio-infantil","category-families","category-general","category-portada"],"post_mailing_queue_ids":[],"_links":{"self":[{"href":"https:\/\/agora.xtec.cat\/ceip-valdelors-vandellos\/wp-json\/wp\/v2\/posts\/2523","targetHints":{"allow":["GET"]}}],"collection":[{"href":"https:\/\/agora.xtec.cat\/ceip-valdelors-vandellos\/wp-json\/wp\/v2\/posts"}],"about":[{"href":"https:\/\/agora.xtec.cat\/ceip-valdelors-vandellos\/wp-json\/wp\/v2\/types\/post"}],"author":[{"embeddable":true,"href":"https:\/\/agora.xtec.cat\/ceip-valdelors-vandellos\/wp-json\/wp\/v2\/users\/7"}],"replies":[{"embeddable":true,"href":"https:\/\/agora.xtec.cat\/ceip-valdelors-vandellos\/wp-json\/wp\/v2\/comments?post=2523"}],"version-history":[{"count":3,"href":"https:\/\/agora.xtec.cat\/ceip-valdelors-vandellos\/wp-json\/wp\/v2\/posts\/2523\/revisions"}],"predecessor-version":[{"id":2544,"href":"https:\/\/agora.xtec.cat\/ceip-valdelors-vandellos\/wp-json\/wp\/v2\/posts\/2523\/revisions\/2544"}],"wp:featuredmedia":[{"embeddable":true,"href":"https:\/\/agora.xtec.cat\/ceip-valdelors-vandellos\/wp-json\/wp\/v2\/media\/2524"}],"wp:attachment":[{"href":"https:\/\/agora.xtec.cat\/ceip-valdelors-vandellos\/wp-json\/wp\/v2\/media?parent=2523"}],"wp:term":[{"taxonomy":"category","embeddable":true,"href":"https:\/\/agora.xtec.cat\/ceip-valdelors-vandellos\/wp-json\/wp\/v2\/categories?post=2523"},{"taxonomy":"post_tag","embeddable":true,"href":"https:\/\/agora.xtec.cat\/ceip-valdelors-vandellos\/wp-json\/wp\/v2\/tags?post=2523"}],"curies":[{"name":"wp","href":"https:\/\/api.w.org\/{rel}","templated":true}]}}