{"id":2514,"date":"2020-05-07T12:14:26","date_gmt":"2020-05-07T10:14:26","guid":{"rendered":"http:\/\/agora.xtec.cat\/ceip-valdelors-vandellos\/?p=2514"},"modified":"2020-05-11T11:31:22","modified_gmt":"2020-05-11T09:31:22","slug":"reptes-confinats","status":"publish","type":"post","link":"https:\/\/agora.xtec.cat\/ceip-valdelors-vandellos\/general\/reptes-confinats\/","title":{"rendered":"REPTES CONFINATS"},"content":{"rendered":"<p>Estimades fam\u00edlies aqu\u00ed teniu alguns dels reptes que hem fet durant aquestes setmanes des de casa confinats. Moltes gr\u00e0cies per la vostra implicaci\u00f3!!<\/p>\n<p style=\"font-weight: 400;\">Repte construccions infantil:\u00a0<a href=\"https:\/\/photos.app.goo.gl\/G2agXa6fXbkP4fw46\" data-saferedirecturl=\"https:\/\/www.google.com\/url?q=https:\/\/photos.app.goo.gl\/G2agXa6fXbkP4fw46&amp;source=gmail&amp;ust=1588931742445000&amp;usg=AFQjCNHHoF0Siy23uar5gAw-rckUeFlYag\">https:\/\/photos.app.goo.gl\/G2agXa6fXbkP4fw46<\/a><\/p>\n<p style=\"font-weight: 400;\">Repte d&#8217;angl\u00e8s:\u00a0<a href=\"https:\/\/photos.app.goo.gl\/ktzGJBEfZ8cQQBLi8\" data-saferedirecturl=\"https:\/\/www.google.com\/url?q=https:\/\/photos.app.goo.gl\/ktzGJBEfZ8cQQBLi8&amp;source=gmail&amp;ust=1588931742445000&amp;usg=AFQjCNEeeguytk8DA0I-3NLD9VsfRPWcMQ\">https:\/\/photos.app.goo.gl\/ktzGJBEfZ8cQQBLi8<\/a><\/p>\n","protected":false},"excerpt":{"rendered":"<p>Estimades fam\u00edlies aqu\u00ed teniu alguns dels reptes que hem fet durant aquestes setmanes des de casa confinats. Moltes gr\u00e0cies per la vostra implicaci\u00f3!!<br \/>\nRepte construccions infantil:\u00a0<a href=\"https:\/\/photos.app.goo.gl\/G2agXa6fXbkP4fw46\" data-saferedirecturl=\"https:\/\/www.google.com\/url?q=https:\/\/photos.app.goo.gl\/G2agXa6fXbkP4fw46&amp;source=gmail&amp;ust=1588931742445000&amp;usg=AFQjCNHHoF0Siy23uar5gAw-rckUeFlYag\">https:\/\/photos.app.goo.gl\/G2agXa6fXbkP4fw46<\/a><br \/>\nRepte d&#8217;angl\u00e8s:\u00a0<a href=\"https:\/\/photos.app.goo.gl\/ktzGJBEfZ8cQQBLi8\" data-saferedirecturl=\"https:\/\/www.google.com\/url?q=https:\/\/photos.app.goo.gl\/ktzGJBEfZ8cQQBLi8&amp;source=gmail&amp;ust=1588931742445000&amp;usg=AFQjCNEeeguytk8DA0I-3NLD9VsfRPWcMQ\">https:\/\/photos.app.goo.gl\/ktzGJBEfZ8cQQBLi8<\/a><\/p>\n","protected":false},"author":7,"featured_media":2515,"comment_status":"open","ping_status":"closed","sticky":false,"template":"","format":"standard","meta":{"_bbp_topic_count":0,"_bbp_reply_count":0,"_bbp_total_topic_count":0,"_bbp_total_reply_count":0,"_bbp_voice_count":0,"_bbp_anonymous_reply_count":0,"_bbp_topic_count_hidden":0,"_bbp_reply_count_hidden":0,"_bbp_forum_subforum_count":0,"footnotes":""},"categories":[60,59,58,61,1,4],"tags":[],"class_list":["post-2514","post","type-post","status-publish","format-standard","has-post-thumbnail","hentry","category-cicle-superior-i-4t","category-cicle-inicial-i-3r","category-educacio-infantil","category-families","category-general","category-portada"],"post_mailing_queue_ids":[],"_links":{"self":[{"href":"https:\/\/agora.xtec.cat\/ceip-valdelors-vandellos\/wp-json\/wp\/v2\/posts\/2514","targetHints":{"allow":["GET"]}}],"collection":[{"href":"https:\/\/agora.xtec.cat\/ceip-valdelors-vandellos\/wp-json\/wp\/v2\/posts"}],"about":[{"href":"https:\/\/agora.xtec.cat\/ceip-valdelors-vandellos\/wp-json\/wp\/v2\/types\/post"}],"author":[{"embeddable":true,"href":"https:\/\/agora.xtec.cat\/ceip-valdelors-vandellos\/wp-json\/wp\/v2\/users\/7"}],"replies":[{"embeddable":true,"href":"https:\/\/agora.xtec.cat\/ceip-valdelors-vandellos\/wp-json\/wp\/v2\/comments?post=2514"}],"version-history":[{"count":4,"href":"https:\/\/agora.xtec.cat\/ceip-valdelors-vandellos\/wp-json\/wp\/v2\/posts\/2514\/revisions"}],"predecessor-version":[{"id":2533,"href":"https:\/\/agora.xtec.cat\/ceip-valdelors-vandellos\/wp-json\/wp\/v2\/posts\/2514\/revisions\/2533"}],"wp:featuredmedia":[{"embeddable":true,"href":"https:\/\/agora.xtec.cat\/ceip-valdelors-vandellos\/wp-json\/wp\/v2\/media\/2515"}],"wp:attachment":[{"href":"https:\/\/agora.xtec.cat\/ceip-valdelors-vandellos\/wp-json\/wp\/v2\/media?parent=2514"}],"wp:term":[{"taxonomy":"category","embeddable":true,"href":"https:\/\/agora.xtec.cat\/ceip-valdelors-vandellos\/wp-json\/wp\/v2\/categories?post=2514"},{"taxonomy":"post_tag","embeddable":true,"href":"https:\/\/agora.xtec.cat\/ceip-valdelors-vandellos\/wp-json\/wp\/v2\/tags?post=2514"}],"curies":[{"name":"wp","href":"https:\/\/api.w.org\/{rel}","templated":true}]}}