{"id":2426,"date":"2020-03-21T11:38:00","date_gmt":"2020-03-21T10:38:00","guid":{"rendered":"http:\/\/agora.xtec.cat\/ceip-valdelors-vandellos\/?p=2426"},"modified":"2020-03-26T12:11:16","modified_gmt":"2020-03-26T11:11:16","slug":"recomanacions-per-aquests-dies-a-casa","status":"publish","type":"post","link":"https:\/\/agora.xtec.cat\/ceip-valdelors-vandellos\/general\/recomanacions-per-aquests-dies-a-casa\/","title":{"rendered":"RECOMANACIONS PER AQUESTS DIES A CASA"},"content":{"rendered":"<p style=\"font-weight: 400;\">Estimades fam\u00edlies i alumnat de l\u2019Escola Valdelors,<\/p>\n<p style=\"font-weight: 400;\">Continuem en aquesta situaci\u00f3 nova, excepcional i d&#8217;emerg\u00e8ncia. \u00c9s molt important per la salut mental de tothom que tinguem paci\u00e8ncia, molts \u00e0nims i calma. Hem d\u2019intentar aprofitar i gaudir de la millor manera possible de les hores del dia confinats a casa.<\/p>\n<p style=\"font-weight: 400;\">Des del claustre de la nostra escola estem vetllant i recollint orientacions d\u2019activitats que els vostres fills\/es puguin anar fent a casa durant aquests dies, per tal de contribuir al desenvolupament de l&#8217;autonomia personal (gesti\u00f3 del temps, autoregulaci\u00f3, presa de decisions&#8230;) i ser significatives per a l&#8217;aprenentatge; poden consistir en la realitzaci\u00f3 d&#8217;activitats d&#8217;observaci\u00f3 i de contrast d&#8217;elements propers a la realitat de l&#8217;alumne, de cerca d&#8217;informaci\u00f3, d&#8217;indagaci\u00f3, de lectura, culturals, art\u00edstiques, l\u00fadiques&#8230;, activitats alternatives a l\u2019aprenentatge a l&#8217;aula que no \u00e9s possible fer pel tancament dels centres.<\/p>\n<p style=\"font-weight: 400;\">Estem segurs que les fam\u00edlies ja us esteu apanyant molt b\u00e9, per\u00f2 considerem oport\u00fa donar-vos aquests consells, recomanacions i recursos.<\/p>\n<p style=\"font-weight: 400;\">Qualsevol suport entre tota la Comunitat Educativa \u00e9s important en aquests moments de crisi sanit\u00e0ria i confinament.<\/p>\n<p style=\"font-weight: 400;\">Molts \u00e0nims i una estimada molt forta per a tots i totes!!!<\/p>\n<p style=\"font-weight: 400;\"><em>L\u2019equip docent de l\u2019Escola Valdelors<\/em><\/p>\n<p>Cliqueu els enlla\u00e7os seg\u00fcents:<\/p>\n<h2><a href=\"https:\/\/agora.xtec.cat\/ceip-valdelors-vandellos\/wp-content\/uploads\/usu1532\/2020\/03\/Recomancions-per-aquest-dies-a-casa.pdf\">&#8211; Carta de Recomancions<\/a><\/h2>\n<h2><a href=\"https:\/\/agora.xtec.cat\/ceip-valdelors-vandellos\/wp-content\/uploads\/usu1532\/2020\/03\/INNOVAMAT.pdf\">&#8211; Informaci\u00f3 INNOVAMAT<\/a><\/h2>\n<h2><a href=\"https:\/\/agora.xtec.cat\/ceip-valdelors-vandellos\/wp-content\/uploads\/usu1532\/2020\/03\/190320-Nota-Educacio-i-TV3.pdf\">&#8211; Nota Educacio i TV3<\/a><\/h2>\n","protected":false},"excerpt":{"rendered":"<p>Estimades fam\u00edlies i alumnat de l\u2019Escola Valdelors,<br \/>\nContinuem en aquesta situaci\u00f3 nova, excepcional i d&#8217;emerg\u00e8ncia. \u00c9s molt important per la salut mental de tothom que tinguem paci\u00e8ncia, molts \u00e0nims i calma. Hem d\u2019intentar aprofitar i gaudir de la millor manera possible de les hores del dia&hellip;  <a href=\"https:\/\/agora.xtec.cat\/ceip-valdelors-vandellos\/general\/recomanacions-per-aquests-dies-a-casa\/\" title=\"Read RECOMANACIONS PER AQUESTS DIES A CASA\">Llegeix m\u00e9s\u00bb<\/a><\/p>\n","protected":false},"author":7,"featured_media":2436,"comment_status":"open","ping_status":"closed","sticky":false,"template":"","format":"standard","meta":{"_bbp_topic_count":0,"_bbp_reply_count":0,"_bbp_total_topic_count":0,"_bbp_total_reply_count":0,"_bbp_voice_count":0,"_bbp_anonymous_reply_count":0,"_bbp_topic_count_hidden":0,"_bbp_reply_count_hidden":0,"_bbp_forum_subforum_count":0,"footnotes":""},"categories":[68,62,60,59,58,61,1,4],"tags":[],"class_list":["post-2426","post","type-post","status-publish","format-standard","has-post-thumbnail","hentry","category-afa","category-biblioteca","category-cicle-superior-i-4t","category-cicle-inicial-i-3r","category-educacio-infantil","category-families","category-general","category-portada"],"post_mailing_queue_ids":[],"_links":{"self":[{"href":"https:\/\/agora.xtec.cat\/ceip-valdelors-vandellos\/wp-json\/wp\/v2\/posts\/2426","targetHints":{"allow":["GET"]}}],"collection":[{"href":"https:\/\/agora.xtec.cat\/ceip-valdelors-vandellos\/wp-json\/wp\/v2\/posts"}],"about":[{"href":"https:\/\/agora.xtec.cat\/ceip-valdelors-vandellos\/wp-json\/wp\/v2\/types\/post"}],"author":[{"embeddable":true,"href":"https:\/\/agora.xtec.cat\/ceip-valdelors-vandellos\/wp-json\/wp\/v2\/users\/7"}],"replies":[{"embeddable":true,"href":"https:\/\/agora.xtec.cat\/ceip-valdelors-vandellos\/wp-json\/wp\/v2\/comments?post=2426"}],"version-history":[{"count":4,"href":"https:\/\/agora.xtec.cat\/ceip-valdelors-vandellos\/wp-json\/wp\/v2\/posts\/2426\/revisions"}],"predecessor-version":[{"id":2512,"href":"https:\/\/agora.xtec.cat\/ceip-valdelors-vandellos\/wp-json\/wp\/v2\/posts\/2426\/revisions\/2512"}],"wp:featuredmedia":[{"embeddable":true,"href":"https:\/\/agora.xtec.cat\/ceip-valdelors-vandellos\/wp-json\/wp\/v2\/media\/2436"}],"wp:attachment":[{"href":"https:\/\/agora.xtec.cat\/ceip-valdelors-vandellos\/wp-json\/wp\/v2\/media?parent=2426"}],"wp:term":[{"taxonomy":"category","embeddable":true,"href":"https:\/\/agora.xtec.cat\/ceip-valdelors-vandellos\/wp-json\/wp\/v2\/categories?post=2426"},{"taxonomy":"post_tag","embeddable":true,"href":"https:\/\/agora.xtec.cat\/ceip-valdelors-vandellos\/wp-json\/wp\/v2\/tags?post=2426"}],"curies":[{"name":"wp","href":"https:\/\/api.w.org\/{rel}","templated":true}]}}