{"id":2326,"date":"2020-01-27T11:12:39","date_gmt":"2020-01-27T10:12:39","guid":{"rendered":"http:\/\/agora.xtec.cat\/ceip-valdelors-vandellos\/?p=2326"},"modified":"2020-01-27T11:16:36","modified_gmt":"2020-01-27T10:16:36","slug":"noticiari-dels-alumnes","status":"publish","type":"post","link":"https:\/\/agora.xtec.cat\/ceip-valdelors-vandellos\/general\/noticiari-dels-alumnes\/","title":{"rendered":"NOTICIARI DELS ALUMNES"},"content":{"rendered":"<p>Dins de l&#8217;espai Periodistes, els alumnes han redactat diferents not\u00edcies relacionades amb l&#8217;escola. A l&#8217;espai d&#8217;Inform\u00e0tics les han editat amb processador de text i aqu\u00ed tenim el resultat.<\/p>\n<p>Obriu els enlla\u00e7os per consultar cada not\u00edcia:<\/p>\n<h4><a href=\"https:\/\/agora.xtec.cat\/ceip-valdelors-vandellos\/wp-content\/uploads\/usu1532\/2020\/01\/La-festa-major.pdf\">La festa major<\/a><\/h4>\n<h4><a href=\"https:\/\/agora.xtec.cat\/ceip-valdelors-vandellos\/wp-content\/uploads\/usu1532\/2020\/01\/El-pati-i-els-seus-espais-JFR.pdf\">El pati i els seus espais<\/a><\/h4>\n<h4><a href=\"https:\/\/agora.xtec.cat\/ceip-valdelors-vandellos\/wp-content\/uploads\/usu1532\/2020\/01\/Joan-Douae-Lluc.pdf\">Canvis en la manera de treballar a EI<\/a><\/h4>\n<h4><a href=\"https:\/\/agora.xtec.cat\/ceip-valdelors-vandellos\/wp-content\/uploads\/usu1532\/2020\/01\/jaume-jad-i-genis.pdf\">Espais a l&#8217;escola<\/a><\/h4>\n<h4><a href=\"https:\/\/agora.xtec.cat\/ceip-valdelors-vandellos\/wp-content\/uploads\/usu1532\/2020\/01\/lol.pdf\">La Castanyada a l&#8217;escola<\/a><\/h4>\n","protected":false},"excerpt":{"rendered":"<p>Dins de l&#8217;espai Periodistes, els alumnes han redactat diferents not\u00edcies relacionades amb l&#8217;escola. A l&#8217;espai d&#8217;Inform\u00e0tics les han editat amb processador de text i aqu\u00ed tenim el resultat.<br \/>\nObriu els enlla\u00e7os per consultar cada not\u00edcia:<br \/>\n<a href=\"https:\/\/agora.xtec.cat\/ceip-valdelors-vandellos\/wp-content\/uploads\/usu1532\/2020\/01\/La-festa-major.pdf\">La festa major<\/a><br \/>\n<a href=\"https:\/\/agora.xtec.cat\/ceip-valdelors-vandellos\/wp-content\/uploads\/usu1532\/2020\/01\/El-pati-i-els-seus-espais-JFR.pdf\">El pati i els seus espais<\/a><br \/>\n<a href=\"https:\/\/agora.xtec.cat\/ceip-valdelors-vandellos\/wp-content\/uploads\/usu1532\/2020\/01\/Joan-Douae-Lluc.pdf\">Canvis en&hellip;  <a href=\"https:\/\/agora.xtec.cat\/ceip-valdelors-vandellos\/general\/noticiari-dels-alumnes\/\" title=\"Read NOTICIARI DELS ALUMNES\">Llegeix m\u00e9s\u00bb<\/a><\/p>\n","protected":false},"author":7,"featured_media":2334,"comment_status":"open","ping_status":"closed","sticky":false,"template":"","format":"standard","meta":{"_bbp_topic_count":0,"_bbp_reply_count":0,"_bbp_total_topic_count":0,"_bbp_total_reply_count":0,"_bbp_voice_count":0,"_bbp_anonymous_reply_count":0,"_bbp_topic_count_hidden":0,"_bbp_reply_count_hidden":0,"_bbp_forum_subforum_count":0,"footnotes":""},"categories":[60,59,58,61,1,4],"tags":[],"class_list":["post-2326","post","type-post","status-publish","format-standard","has-post-thumbnail","hentry","category-cicle-superior-i-4t","category-cicle-inicial-i-3r","category-educacio-infantil","category-families","category-general","category-portada"],"post_mailing_queue_ids":[],"_links":{"self":[{"href":"https:\/\/agora.xtec.cat\/ceip-valdelors-vandellos\/wp-json\/wp\/v2\/posts\/2326","targetHints":{"allow":["GET"]}}],"collection":[{"href":"https:\/\/agora.xtec.cat\/ceip-valdelors-vandellos\/wp-json\/wp\/v2\/posts"}],"about":[{"href":"https:\/\/agora.xtec.cat\/ceip-valdelors-vandellos\/wp-json\/wp\/v2\/types\/post"}],"author":[{"embeddable":true,"href":"https:\/\/agora.xtec.cat\/ceip-valdelors-vandellos\/wp-json\/wp\/v2\/users\/7"}],"replies":[{"embeddable":true,"href":"https:\/\/agora.xtec.cat\/ceip-valdelors-vandellos\/wp-json\/wp\/v2\/comments?post=2326"}],"version-history":[{"count":2,"href":"https:\/\/agora.xtec.cat\/ceip-valdelors-vandellos\/wp-json\/wp\/v2\/posts\/2326\/revisions"}],"predecessor-version":[{"id":2335,"href":"https:\/\/agora.xtec.cat\/ceip-valdelors-vandellos\/wp-json\/wp\/v2\/posts\/2326\/revisions\/2335"}],"wp:featuredmedia":[{"embeddable":true,"href":"https:\/\/agora.xtec.cat\/ceip-valdelors-vandellos\/wp-json\/wp\/v2\/media\/2334"}],"wp:attachment":[{"href":"https:\/\/agora.xtec.cat\/ceip-valdelors-vandellos\/wp-json\/wp\/v2\/media?parent=2326"}],"wp:term":[{"taxonomy":"category","embeddable":true,"href":"https:\/\/agora.xtec.cat\/ceip-valdelors-vandellos\/wp-json\/wp\/v2\/categories?post=2326"},{"taxonomy":"post_tag","embeddable":true,"href":"https:\/\/agora.xtec.cat\/ceip-valdelors-vandellos\/wp-json\/wp\/v2\/tags?post=2326"}],"curies":[{"name":"wp","href":"https:\/\/api.w.org\/{rel}","templated":true}]}}