{"id":1949,"date":"2018-12-18T12:47:35","date_gmt":"2018-12-18T11:47:35","guid":{"rendered":"http:\/\/agora.xtec.cat\/ceip-valdelors-vandellos\/?p=1949"},"modified":"2018-12-18T12:47:35","modified_gmt":"2018-12-18T11:47:35","slug":"festival-de-nadal","status":"publish","type":"post","link":"https:\/\/agora.xtec.cat\/ceip-valdelors-vandellos\/general\/festival-de-nadal\/","title":{"rendered":"FESTIVAL DE NADAL"},"content":{"rendered":"<p>Tots l\u2019alumnat i professorat s\u2019ha esfor\u00e7at molt per oferir un teatre per a contribuir a v\u00e8ncer el c\u00e0ncer. L\u2019escola i la Marat\u00f3 us agreixen la vostra participaci\u00f3.<\/p>\n<p>Els alumnes ens van oferir un espectacle fant\u00e0stic, on tothom va demostrar l&#8217;artista que porta dins.<\/p>\n<p>Us deixem algunes fotos i v\u00eddeos en el seg\u00fcent enlla\u00e7:<\/p>\n<p><a href=\"https:\/\/photos.app.goo.gl\/VUAvngSmCk5amY548\">https:\/\/photos.app.goo.gl\/VUAvngSmCk5amY548<\/a><\/p>\n<p>&nbsp;<\/p>\n","protected":false},"excerpt":{"rendered":"<p>Tots l\u2019alumnat i professorat s\u2019ha esfor\u00e7at molt per oferir un teatre per a contribuir a v\u00e8ncer el c\u00e0ncer. L\u2019escola i la Marat\u00f3 us agreixen la vostra participaci\u00f3.<br \/>\nEls alumnes ens van oferir un espectacle fant\u00e0stic, on tothom va demostrar l&#8217;artista que porta dins.<br \/>\nUs deixem algunes fotos&hellip;  <a href=\"https:\/\/agora.xtec.cat\/ceip-valdelors-vandellos\/general\/festival-de-nadal\/\" title=\"Read FESTIVAL DE NADAL\">Llegeix m\u00e9s\u00bb<\/a><\/p>\n","protected":false},"author":7,"featured_media":1950,"comment_status":"open","ping_status":"closed","sticky":false,"template":"","format":"standard","meta":{"_bbp_topic_count":0,"_bbp_reply_count":0,"_bbp_total_topic_count":0,"_bbp_total_reply_count":0,"_bbp_voice_count":0,"_bbp_anonymous_reply_count":0,"_bbp_topic_count_hidden":0,"_bbp_reply_count_hidden":0,"_bbp_forum_subforum_count":0,"footnotes":""},"categories":[60,59,58,1,4],"tags":[],"class_list":["post-1949","post","type-post","status-publish","format-standard","has-post-thumbnail","hentry","category-cicle-superior-i-4t","category-cicle-inicial-i-3r","category-educacio-infantil","category-general","category-portada"],"post_mailing_queue_ids":[],"_links":{"self":[{"href":"https:\/\/agora.xtec.cat\/ceip-valdelors-vandellos\/wp-json\/wp\/v2\/posts\/1949","targetHints":{"allow":["GET"]}}],"collection":[{"href":"https:\/\/agora.xtec.cat\/ceip-valdelors-vandellos\/wp-json\/wp\/v2\/posts"}],"about":[{"href":"https:\/\/agora.xtec.cat\/ceip-valdelors-vandellos\/wp-json\/wp\/v2\/types\/post"}],"author":[{"embeddable":true,"href":"https:\/\/agora.xtec.cat\/ceip-valdelors-vandellos\/wp-json\/wp\/v2\/users\/7"}],"replies":[{"embeddable":true,"href":"https:\/\/agora.xtec.cat\/ceip-valdelors-vandellos\/wp-json\/wp\/v2\/comments?post=1949"}],"version-history":[{"count":1,"href":"https:\/\/agora.xtec.cat\/ceip-valdelors-vandellos\/wp-json\/wp\/v2\/posts\/1949\/revisions"}],"predecessor-version":[{"id":1951,"href":"https:\/\/agora.xtec.cat\/ceip-valdelors-vandellos\/wp-json\/wp\/v2\/posts\/1949\/revisions\/1951"}],"wp:featuredmedia":[{"embeddable":true,"href":"https:\/\/agora.xtec.cat\/ceip-valdelors-vandellos\/wp-json\/wp\/v2\/media\/1950"}],"wp:attachment":[{"href":"https:\/\/agora.xtec.cat\/ceip-valdelors-vandellos\/wp-json\/wp\/v2\/media?parent=1949"}],"wp:term":[{"taxonomy":"category","embeddable":true,"href":"https:\/\/agora.xtec.cat\/ceip-valdelors-vandellos\/wp-json\/wp\/v2\/categories?post=1949"},{"taxonomy":"post_tag","embeddable":true,"href":"https:\/\/agora.xtec.cat\/ceip-valdelors-vandellos\/wp-json\/wp\/v2\/tags?post=1949"}],"curies":[{"name":"wp","href":"https:\/\/api.w.org\/{rel}","templated":true}]}}