{"id":1945,"date":"2018-12-18T12:26:23","date_gmt":"2018-12-18T11:26:23","guid":{"rendered":"http:\/\/agora.xtec.cat\/ceip-valdelors-vandellos\/?p=1945"},"modified":"2018-12-18T12:27:00","modified_gmt":"2018-12-18T11:27:00","slug":"activitats-infantil-ambients-i-sortides-al-bosc","status":"publish","type":"post","link":"https:\/\/agora.xtec.cat\/ceip-valdelors-vandellos\/general\/activitats-infantil-ambients-i-sortides-al-bosc\/","title":{"rendered":"ACTIVITATS INFANTIL: AMBIENTS I SORTIDES AL BOSC"},"content":{"rendered":"<p><strong>Ambients<\/strong><\/p>\n<p>A infantil continuem treballant amb ambients. Mireu algunes activitats:<\/p>\n<p><a href=\"https:\/\/photos.app.goo.gl\/JRpMTCFWoKczEs5Q7\">https:\/\/photos.app.goo.gl\/JRpMTCFWoKczEs5Q7<\/a><\/p>\n<p>&nbsp;<\/p>\n<p><strong>Sortides al bosc<\/strong><\/p>\n<p>El bosc ens agrada cada vegada m\u00e9s. Aquesta sortida vam tenir la companyia del Ventura que en va ensenyar diverses plantes. Gr\u00e0cies a ell hem apadrinat un ametller i aix\u00ed podrem veure com evoluciona amb els canvis d\u2019estacions.<\/p>\n<p><a href=\"https:\/\/photos.app.goo.gl\/V1KqY3hJqFybrFr28\">https:\/\/photos.app.goo.gl\/V1KqY3hJqFybrFr28<\/a><\/p>\n","protected":false},"excerpt":{"rendered":"<p>Ambients<br \/>\nA infantil continuem treballant amb ambients. Mireu algunes activitats:<br \/>\n<a href=\"https:\/\/photos.app.goo.gl\/JRpMTCFWoKczEs5Q7\">https:\/\/photos.app.goo.gl\/JRpMTCFWoKczEs5Q7<\/a><br \/>\n&nbsp;<br \/>\nSortides al bosc<br \/>\nEl bosc ens agrada cada vegada m\u00e9s. Aquesta sortida vam tenir la companyia del Ventura que en va ensenyar diverses plantes. Gr\u00e0cies a ell hem apadrinat un ametller i aix\u00ed podrem veure com evoluciona&hellip;  <a href=\"https:\/\/agora.xtec.cat\/ceip-valdelors-vandellos\/general\/activitats-infantil-ambients-i-sortides-al-bosc\/\" title=\"Read ACTIVITATS INFANTIL: AMBIENTS I SORTIDES AL BOSC\">Llegeix m\u00e9s\u00bb<\/a><\/p>\n","protected":false},"author":7,"featured_media":1946,"comment_status":"open","ping_status":"closed","sticky":false,"template":"","format":"standard","meta":{"_bbp_topic_count":0,"_bbp_reply_count":0,"_bbp_total_topic_count":0,"_bbp_total_reply_count":0,"_bbp_voice_count":0,"_bbp_anonymous_reply_count":0,"_bbp_topic_count_hidden":0,"_bbp_reply_count_hidden":0,"_bbp_forum_subforum_count":0,"footnotes":""},"categories":[58,1,4],"tags":[],"class_list":["post-1945","post","type-post","status-publish","format-standard","has-post-thumbnail","hentry","category-educacio-infantil","category-general","category-portada"],"post_mailing_queue_ids":[],"_links":{"self":[{"href":"https:\/\/agora.xtec.cat\/ceip-valdelors-vandellos\/wp-json\/wp\/v2\/posts\/1945","targetHints":{"allow":["GET"]}}],"collection":[{"href":"https:\/\/agora.xtec.cat\/ceip-valdelors-vandellos\/wp-json\/wp\/v2\/posts"}],"about":[{"href":"https:\/\/agora.xtec.cat\/ceip-valdelors-vandellos\/wp-json\/wp\/v2\/types\/post"}],"author":[{"embeddable":true,"href":"https:\/\/agora.xtec.cat\/ceip-valdelors-vandellos\/wp-json\/wp\/v2\/users\/7"}],"replies":[{"embeddable":true,"href":"https:\/\/agora.xtec.cat\/ceip-valdelors-vandellos\/wp-json\/wp\/v2\/comments?post=1945"}],"version-history":[{"count":2,"href":"https:\/\/agora.xtec.cat\/ceip-valdelors-vandellos\/wp-json\/wp\/v2\/posts\/1945\/revisions"}],"predecessor-version":[{"id":1948,"href":"https:\/\/agora.xtec.cat\/ceip-valdelors-vandellos\/wp-json\/wp\/v2\/posts\/1945\/revisions\/1948"}],"wp:featuredmedia":[{"embeddable":true,"href":"https:\/\/agora.xtec.cat\/ceip-valdelors-vandellos\/wp-json\/wp\/v2\/media\/1946"}],"wp:attachment":[{"href":"https:\/\/agora.xtec.cat\/ceip-valdelors-vandellos\/wp-json\/wp\/v2\/media?parent=1945"}],"wp:term":[{"taxonomy":"category","embeddable":true,"href":"https:\/\/agora.xtec.cat\/ceip-valdelors-vandellos\/wp-json\/wp\/v2\/categories?post=1945"},{"taxonomy":"post_tag","embeddable":true,"href":"https:\/\/agora.xtec.cat\/ceip-valdelors-vandellos\/wp-json\/wp\/v2\/tags?post=1945"}],"curies":[{"name":"wp","href":"https:\/\/api.w.org\/{rel}","templated":true}]}}