{"id":14155,"date":"2026-04-21T17:32:32","date_gmt":"2026-04-21T15:32:32","guid":{"rendered":"https:\/\/agora.xtec.cat\/ceip-valdelors-vandellos\/?p=14155"},"modified":"2026-04-21T17:48:26","modified_gmt":"2026-04-21T15:48:26","slug":"moltes-felcitats-petits-faristols-i-certamen-de-lectura-en-veu-alta-a-reus","status":"publish","type":"post","link":"https:\/\/agora.xtec.cat\/ceip-valdelors-vandellos\/general\/moltes-felcitats-petits-faristols-i-certamen-de-lectura-en-veu-alta-a-reus\/","title":{"rendered":"MOLTES FELCITATS. PETITS FARISTOLS i CERTAMEN DE LECTURA EN VEU ALTA A REUS"},"content":{"rendered":"\n<p class=\"has-vivid-cyan-blue-color has-text-color has-link-color wp-elements-456fa4eb7a5cf63a8017cd1391691692\"><strong>Emocions, lectura i talent a la XIV Mostra de Faristols Menuts i al Certamen de lectura en veu alta<\/strong><\/p>\n\n\n\n<p>El certamen de lectura en veu alta<\/p>\n\n\n\n<p><strong>Participaci\u00f3 al Certamen de Lectura en Veu Alta<\/strong><\/p>\n\n\n\n<p>Volem felicitar l\u2019Alex Climent i la Nit Torres per la seva participaci\u00f3 en el Certamen de Lectura en Veu Alta, organitzat pel CRP de Reus, dins les categories de grumets verds i vermells.<\/p>\n\n\n\n<p>Tots dos van demostrar un gran nivell lector dalt de l\u2019escenari, aix\u00ed com seguretat, expressivitat i una excel\u00b7lent preparaci\u00f3. La seva actuaci\u00f3 \u00e9s fruit de l\u2019esfor\u00e7, la const\u00e0ncia i el treball fet durant setmanes.<\/p>\n\n\n\n<p>Enhorabona, Alex i Nit, per representar tan b\u00e9 el centre i per fer-nos gaudir de la lectura!<\/p>\n\n\n\n<figure class=\"wp-block-gallery has-nested-images columns-default is-cropped wp-block-gallery-1 is-layout-flex wp-block-gallery-is-layout-flex\">\n<figure class=\"wp-block-image size-large\"><a href=\"https:\/\/agora.xtec.cat\/ceip-valdelors-vandellos\/wp-content\/uploads\/usu1532\/2026\/04\/IMG_3572-scaled.jpeg\"><img loading=\"lazy\" decoding=\"async\" width=\"768\" height=\"1024\" data-id=\"14156\" src=\"https:\/\/agora.xtec.cat\/ceip-valdelors-vandellos\/wp-content\/uploads\/usu1532\/2026\/04\/IMG_3572-768x1024.jpeg\" alt=\"\" class=\"wp-image-14156\" srcset=\"https:\/\/agora.xtec.cat\/ceip-valdelors-vandellos\/wp-content\/uploads\/usu1532\/2026\/04\/IMG_3572-768x1024.jpeg 768w, https:\/\/agora.xtec.cat\/ceip-valdelors-vandellos\/wp-content\/uploads\/usu1532\/2026\/04\/IMG_3572-225x300.jpeg 225w, https:\/\/agora.xtec.cat\/ceip-valdelors-vandellos\/wp-content\/uploads\/usu1532\/2026\/04\/IMG_3572-1152x1536.jpeg 1152w, https:\/\/agora.xtec.cat\/ceip-valdelors-vandellos\/wp-content\/uploads\/usu1532\/2026\/04\/IMG_3572-1536x2048.jpeg 1536w, https:\/\/agora.xtec.cat\/ceip-valdelors-vandellos\/wp-content\/uploads\/usu1532\/2026\/04\/IMG_3572-scaled.jpeg 1920w\" sizes=\"auto, (max-width: 768px) 100vw, 768px\" \/><\/a><\/figure>\n\n\n\n<figure class=\"wp-block-image size-large\"><a href=\"https:\/\/agora.xtec.cat\/ceip-valdelors-vandellos\/wp-content\/uploads\/usu1532\/2026\/04\/IMG_3554-scaled.jpeg\"><img loading=\"lazy\" decoding=\"async\" width=\"768\" height=\"1024\" data-id=\"14160\" src=\"https:\/\/agora.xtec.cat\/ceip-valdelors-vandellos\/wp-content\/uploads\/usu1532\/2026\/04\/IMG_3554-768x1024.jpeg\" alt=\"\" class=\"wp-image-14160\" srcset=\"https:\/\/agora.xtec.cat\/ceip-valdelors-vandellos\/wp-content\/uploads\/usu1532\/2026\/04\/IMG_3554-768x1024.jpeg 768w, https:\/\/agora.xtec.cat\/ceip-valdelors-vandellos\/wp-content\/uploads\/usu1532\/2026\/04\/IMG_3554-225x300.jpeg 225w, https:\/\/agora.xtec.cat\/ceip-valdelors-vandellos\/wp-content\/uploads\/usu1532\/2026\/04\/IMG_3554-1152x1536.jpeg 1152w, https:\/\/agora.xtec.cat\/ceip-valdelors-vandellos\/wp-content\/uploads\/usu1532\/2026\/04\/IMG_3554-1536x2048.jpeg 1536w, https:\/\/agora.xtec.cat\/ceip-valdelors-vandellos\/wp-content\/uploads\/usu1532\/2026\/04\/IMG_3554-scaled.jpeg 1920w\" sizes=\"auto, (max-width: 768px) 100vw, 768px\" \/><\/a><\/figure>\n\n\n\n<figure class=\"wp-block-image size-large\"><a href=\"https:\/\/agora.xtec.cat\/ceip-valdelors-vandellos\/wp-content\/uploads\/usu1532\/2026\/04\/IMG_3545-scaled.jpeg\"><img loading=\"lazy\" decoding=\"async\" width=\"768\" height=\"1024\" data-id=\"14159\" src=\"https:\/\/agora.xtec.cat\/ceip-valdelors-vandellos\/wp-content\/uploads\/usu1532\/2026\/04\/IMG_3545-768x1024.jpeg\" alt=\"\" class=\"wp-image-14159\" srcset=\"https:\/\/agora.xtec.cat\/ceip-valdelors-vandellos\/wp-content\/uploads\/usu1532\/2026\/04\/IMG_3545-768x1024.jpeg 768w, https:\/\/agora.xtec.cat\/ceip-valdelors-vandellos\/wp-content\/uploads\/usu1532\/2026\/04\/IMG_3545-225x300.jpeg 225w, https:\/\/agora.xtec.cat\/ceip-valdelors-vandellos\/wp-content\/uploads\/usu1532\/2026\/04\/IMG_3545-1152x1536.jpeg 1152w, https:\/\/agora.xtec.cat\/ceip-valdelors-vandellos\/wp-content\/uploads\/usu1532\/2026\/04\/IMG_3545-1536x2048.jpeg 1536w, https:\/\/agora.xtec.cat\/ceip-valdelors-vandellos\/wp-content\/uploads\/usu1532\/2026\/04\/IMG_3545-scaled.jpeg 1920w\" sizes=\"auto, (max-width: 768px) 100vw, 768px\" \/><\/a><\/figure>\n\n\n\n<figure class=\"wp-block-image size-large\"><a href=\"https:\/\/agora.xtec.cat\/ceip-valdelors-vandellos\/wp-content\/uploads\/usu1532\/2026\/04\/IMG_3544-scaled.jpeg\"><img loading=\"lazy\" decoding=\"async\" width=\"768\" height=\"1024\" data-id=\"14157\" src=\"https:\/\/agora.xtec.cat\/ceip-valdelors-vandellos\/wp-content\/uploads\/usu1532\/2026\/04\/IMG_3544-768x1024.jpeg\" alt=\"\" class=\"wp-image-14157\" srcset=\"https:\/\/agora.xtec.cat\/ceip-valdelors-vandellos\/wp-content\/uploads\/usu1532\/2026\/04\/IMG_3544-768x1024.jpeg 768w, https:\/\/agora.xtec.cat\/ceip-valdelors-vandellos\/wp-content\/uploads\/usu1532\/2026\/04\/IMG_3544-225x300.jpeg 225w, https:\/\/agora.xtec.cat\/ceip-valdelors-vandellos\/wp-content\/uploads\/usu1532\/2026\/04\/IMG_3544-1152x1536.jpeg 1152w, https:\/\/agora.xtec.cat\/ceip-valdelors-vandellos\/wp-content\/uploads\/usu1532\/2026\/04\/IMG_3544-1536x2048.jpeg 1536w, https:\/\/agora.xtec.cat\/ceip-valdelors-vandellos\/wp-content\/uploads\/usu1532\/2026\/04\/IMG_3544-scaled.jpeg 1920w\" sizes=\"auto, (max-width: 768px) 100vw, 768px\" \/><\/a><\/figure>\n\n\n\n<figure class=\"wp-block-image size-large\"><a href=\"https:\/\/agora.xtec.cat\/ceip-valdelors-vandellos\/wp-content\/uploads\/usu1532\/2026\/04\/IMG_3542-scaled.jpeg\"><img loading=\"lazy\" decoding=\"async\" width=\"768\" height=\"1024\" data-id=\"14158\" src=\"https:\/\/agora.xtec.cat\/ceip-valdelors-vandellos\/wp-content\/uploads\/usu1532\/2026\/04\/IMG_3542-768x1024.jpeg\" alt=\"\" class=\"wp-image-14158\" srcset=\"https:\/\/agora.xtec.cat\/ceip-valdelors-vandellos\/wp-content\/uploads\/usu1532\/2026\/04\/IMG_3542-768x1024.jpeg 768w, https:\/\/agora.xtec.cat\/ceip-valdelors-vandellos\/wp-content\/uploads\/usu1532\/2026\/04\/IMG_3542-225x300.jpeg 225w, https:\/\/agora.xtec.cat\/ceip-valdelors-vandellos\/wp-content\/uploads\/usu1532\/2026\/04\/IMG_3542-1152x1536.jpeg 1152w, https:\/\/agora.xtec.cat\/ceip-valdelors-vandellos\/wp-content\/uploads\/usu1532\/2026\/04\/IMG_3542-1536x2048.jpeg 1536w, https:\/\/agora.xtec.cat\/ceip-valdelors-vandellos\/wp-content\/uploads\/usu1532\/2026\/04\/IMG_3542-scaled.jpeg 1920w\" sizes=\"auto, (max-width: 768px) 100vw, 768px\" \/><\/a><\/figure>\n<\/figure>\n\n\n\n<p><\/p>\n\n\n\n<p><\/p>\n\n\n\n<p class=\"has-vivid-cyan-blue-color has-text-color has-link-color wp-elements-87cde7b392aec6cb9c97607209df048f\"><strong>La Mostra de Faristols Menuts \u00e9s molt m\u00e9s que una activitat educativa:<\/strong> \u00e9s una celebraci\u00f3 de la lectura, de l\u2019esfor\u00e7 i de la il\u00b7lusi\u00f3 dels m\u00e9s petits. Organitzada pel CRP Baix Camp amb la col\u00b7laboraci\u00f3 del Centre de Lectura de Reus, aquesta iniciativa posa en valor el cam\u00ed que recorren els infants en el seu aprenentatge lector, especialment en els primers anys i en aquells casos en qu\u00e8 aquest cam\u00ed presenta reptes afegits.<\/p>\n\n\n\n<p>En aquesta XIV edici\u00f3, la selecci\u00f3 de lectures ha estat feta amb molta cura, tenint en compte efem\u00e8rides destacades del 2026. Hist\u00f2ries plenes d\u2019aventures, tendresa i imaginaci\u00f3 han acompanyat els nostres alumnes en aquest viatge: <em>Les aventures extraordin\u00e0ries d\u2019en Massagran<\/em>, <em>Pinotxo<\/em>, <em>Ton i Guida<\/em> i <em>Un os anomenat Paddington<\/em>.<\/p>\n\n\n\n<p>Abans d\u2019arribar a la mostra, els infants van haver de superar una prova de selecci\u00f3. Va ser un moment intens, ple de nervis, per\u00f2 tamb\u00e9 d\u2019entusiasme, en qu\u00e8 tots els participants van demostrar una gran preparaci\u00f3 i estima per la lectura. Per aix\u00f2, volem recon\u00e8ixer de tot cor l\u2019esfor\u00e7 de tots i cadascun.<\/p>\n\n\n\n<p>Els alumnes escollits per representar el centre van ser el Sergi i la Dana, de primer, i la Clara i el Brais, de segon. Ells van ser els encarregats de portar la nostra veu a la mostra, per\u00f2 darrere seu hi havia el treball i la il\u00b7lusi\u00f3 de molts companys i companyes.<\/p>\n\n\n\n<p>El passat dilluns 13 d\u2019abril vam viure una jornada molt especial al Centre de Lectura de Reus. Els nostres representants van pujar a l\u2019escenari amb valentia, emoci\u00f3 i un gran somriure. Ho van fer genial, transmetent no nom\u00e9s una bona lectura, sin\u00f3 tamb\u00e9 passi\u00f3, esfor\u00e7 i confian\u00e7a.<\/p>\n\n\n\n<p>Va ser un dia per recordar, ple d\u2019orgull i emocions compartides.<\/p>\n\n\n\n<p>Enhorabona, de tot cor, a tots i totes les participants. Continueu llegint, somiant i creixent!<\/p>\n\n\n\n<figure class=\"wp-block-gallery has-nested-images columns-default is-cropped wp-block-gallery-2 is-layout-flex wp-block-gallery-is-layout-flex\">\n<figure class=\"wp-block-image size-large\"><a href=\"https:\/\/agora.xtec.cat\/ceip-valdelors-vandellos\/wp-content\/uploads\/usu1532\/2026\/04\/Clara.png\"><img loading=\"lazy\" decoding=\"async\" width=\"584\" height=\"1024\" data-id=\"14190\" src=\"https:\/\/agora.xtec.cat\/ceip-valdelors-vandellos\/wp-content\/uploads\/usu1532\/2026\/04\/Clara-584x1024.png\" alt=\"\" class=\"wp-image-14190\" srcset=\"https:\/\/agora.xtec.cat\/ceip-valdelors-vandellos\/wp-content\/uploads\/usu1532\/2026\/04\/Clara-584x1024.png 584w, https:\/\/agora.xtec.cat\/ceip-valdelors-vandellos\/wp-content\/uploads\/usu1532\/2026\/04\/Clara-171x300.png 171w, https:\/\/agora.xtec.cat\/ceip-valdelors-vandellos\/wp-content\/uploads\/usu1532\/2026\/04\/Clara-768x1347.png 768w, https:\/\/agora.xtec.cat\/ceip-valdelors-vandellos\/wp-content\/uploads\/usu1532\/2026\/04\/Clara-876x1536.png 876w, https:\/\/agora.xtec.cat\/ceip-valdelors-vandellos\/wp-content\/uploads\/usu1532\/2026\/04\/Clara-1168x2048.png 1168w, https:\/\/agora.xtec.cat\/ceip-valdelors-vandellos\/wp-content\/uploads\/usu1532\/2026\/04\/Clara.png 1988w\" sizes=\"auto, (max-width: 584px) 100vw, 584px\" \/><\/a><\/figure>\n\n\n\n<figure class=\"wp-block-image size-large\"><a href=\"https:\/\/agora.xtec.cat\/ceip-valdelors-vandellos\/wp-content\/uploads\/usu1532\/2026\/04\/IMG_5159-scaled.jpg\"><img loading=\"lazy\" decoding=\"async\" width=\"768\" height=\"1024\" data-id=\"14188\" src=\"https:\/\/agora.xtec.cat\/ceip-valdelors-vandellos\/wp-content\/uploads\/usu1532\/2026\/04\/IMG_5159-768x1024.jpg\" alt=\"\" class=\"wp-image-14188\" srcset=\"https:\/\/agora.xtec.cat\/ceip-valdelors-vandellos\/wp-content\/uploads\/usu1532\/2026\/04\/IMG_5159-768x1024.jpg 768w, https:\/\/agora.xtec.cat\/ceip-valdelors-vandellos\/wp-content\/uploads\/usu1532\/2026\/04\/IMG_5159-225x300.jpg 225w, https:\/\/agora.xtec.cat\/ceip-valdelors-vandellos\/wp-content\/uploads\/usu1532\/2026\/04\/IMG_5159-1152x1536.jpg 1152w, https:\/\/agora.xtec.cat\/ceip-valdelors-vandellos\/wp-content\/uploads\/usu1532\/2026\/04\/IMG_5159-1536x2048.jpg 1536w, https:\/\/agora.xtec.cat\/ceip-valdelors-vandellos\/wp-content\/uploads\/usu1532\/2026\/04\/IMG_5159-scaled.jpg 1920w\" sizes=\"auto, (max-width: 768px) 100vw, 768px\" \/><\/a><\/figure>\n\n\n\n<figure class=\"wp-block-image size-large\"><a href=\"https:\/\/agora.xtec.cat\/ceip-valdelors-vandellos\/wp-content\/uploads\/usu1532\/2026\/04\/Brais.png\"><img loading=\"lazy\" decoding=\"async\" width=\"706\" height=\"1024\" data-id=\"14191\" src=\"https:\/\/agora.xtec.cat\/ceip-valdelors-vandellos\/wp-content\/uploads\/usu1532\/2026\/04\/Brais-706x1024.png\" alt=\"\" class=\"wp-image-14191\" srcset=\"https:\/\/agora.xtec.cat\/ceip-valdelors-vandellos\/wp-content\/uploads\/usu1532\/2026\/04\/Brais-706x1024.png 706w, https:\/\/agora.xtec.cat\/ceip-valdelors-vandellos\/wp-content\/uploads\/usu1532\/2026\/04\/Brais-207x300.png 207w, https:\/\/agora.xtec.cat\/ceip-valdelors-vandellos\/wp-content\/uploads\/usu1532\/2026\/04\/Brais-768x1113.png 768w, https:\/\/agora.xtec.cat\/ceip-valdelors-vandellos\/wp-content\/uploads\/usu1532\/2026\/04\/Brais-1060x1536.png 1060w, https:\/\/agora.xtec.cat\/ceip-valdelors-vandellos\/wp-content\/uploads\/usu1532\/2026\/04\/Brais-1413x2048.png 1413w, https:\/\/agora.xtec.cat\/ceip-valdelors-vandellos\/wp-content\/uploads\/usu1532\/2026\/04\/Brais.png 1922w\" sizes=\"auto, (max-width: 706px) 100vw, 706px\" \/><\/a><\/figure>\n<\/figure>\n","protected":false},"excerpt":{"rendered":"<p>Petits faristols i certamen de lectura en veu alta. FELICITATS petits grans lectors&hellip;  <a href=\"https:\/\/agora.xtec.cat\/ceip-valdelors-vandellos\/general\/moltes-felcitats-petits-faristols-i-certamen-de-lectura-en-veu-alta-a-reus\/\" title=\"Read MOLTES FELCITATS. PETITS FARISTOLS i CERTAMEN DE LECTURA EN VEU ALTA A REUS\">Llegeix m\u00e9s\u00bb<\/a><\/p>\n","protected":false},"author":6,"featured_media":14189,"comment_status":"open","ping_status":"open","sticky":false,"template":"","format":"standard","meta":{"_bbp_topic_count":0,"_bbp_reply_count":0,"_bbp_total_topic_count":0,"_bbp_total_reply_count":0,"_bbp_voice_count":0,"_bbp_anonymous_reply_count":0,"_bbp_topic_count_hidden":0,"_bbp_reply_count_hidden":0,"_bbp_forum_subforum_count":0,"footnotes":""},"categories":[59,1,4],"tags":[82,91],"class_list":["post-14155","post","type-post","status-publish","format-standard","has-post-thumbnail","hentry","category-cicle-inicial-i-3r","category-general","category-portada","tag-orgullosos","tag-projectes"],"post_mailing_queue_ids":[],"_links":{"self":[{"href":"https:\/\/agora.xtec.cat\/ceip-valdelors-vandellos\/wp-json\/wp\/v2\/posts\/14155","targetHints":{"allow":["GET"]}}],"collection":[{"href":"https:\/\/agora.xtec.cat\/ceip-valdelors-vandellos\/wp-json\/wp\/v2\/posts"}],"about":[{"href":"https:\/\/agora.xtec.cat\/ceip-valdelors-vandellos\/wp-json\/wp\/v2\/types\/post"}],"author":[{"embeddable":true,"href":"https:\/\/agora.xtec.cat\/ceip-valdelors-vandellos\/wp-json\/wp\/v2\/users\/6"}],"replies":[{"embeddable":true,"href":"https:\/\/agora.xtec.cat\/ceip-valdelors-vandellos\/wp-json\/wp\/v2\/comments?post=14155"}],"version-history":[{"count":5,"href":"https:\/\/agora.xtec.cat\/ceip-valdelors-vandellos\/wp-json\/wp\/v2\/posts\/14155\/revisions"}],"predecessor-version":[{"id":14206,"href":"https:\/\/agora.xtec.cat\/ceip-valdelors-vandellos\/wp-json\/wp\/v2\/posts\/14155\/revisions\/14206"}],"wp:featuredmedia":[{"embeddable":true,"href":"https:\/\/agora.xtec.cat\/ceip-valdelors-vandellos\/wp-json\/wp\/v2\/media\/14189"}],"wp:attachment":[{"href":"https:\/\/agora.xtec.cat\/ceip-valdelors-vandellos\/wp-json\/wp\/v2\/media?parent=14155"}],"wp:term":[{"taxonomy":"category","embeddable":true,"href":"https:\/\/agora.xtec.cat\/ceip-valdelors-vandellos\/wp-json\/wp\/v2\/categories?post=14155"},{"taxonomy":"post_tag","embeddable":true,"href":"https:\/\/agora.xtec.cat\/ceip-valdelors-vandellos\/wp-json\/wp\/v2\/tags?post=14155"}],"curies":[{"name":"wp","href":"https:\/\/api.w.org\/{rel}","templated":true}]}}