{"id":14111,"date":"2026-04-09T22:24:07","date_gmt":"2026-04-09T20:24:07","guid":{"rendered":"https:\/\/agora.xtec.cat\/ceip-valdelors-vandellos\/?p=14111"},"modified":"2026-04-09T22:36:02","modified_gmt":"2026-04-09T20:36:02","slug":"ofici-de-les-families-elna","status":"publish","type":"post","link":"https:\/\/agora.xtec.cat\/ceip-valdelors-vandellos\/general\/ofici-de-les-families-elna\/","title":{"rendered":"OFICI DE LES FAM\u00cdLIES: ELNA"},"content":{"rendered":"\n<p>Avui ens ha visitat el <strong>pare de l\u2019Elna<\/strong>. El Llu\u00eds treballa de bomber, per\u00f2 no apagant foc com tothom podria pensar; ell treballa en un grup que realitza rescats de muntanya!<\/p>\n\n\n\n<p>El primer que ens ha explicat \u00e9s la import\u00e0ncia del que cal fer quan volem sortir a la muntanya abans de fer excursions a la natura:<\/p>\n\n\n\n<ol class=\"wp-block-list\">\n<li><strong>Pensar<\/strong> (planificar on volem anar, con\u00e8ixer la ruta, si estem preparats per fer-la\u2026).<\/li>\n\n\n\n<li><strong>Previsi\u00f3 del temps<\/strong> (cal mirar el temps per saber si podem sortir).<\/li>\n\n\n\n<li><strong>Preparar-nos<\/strong> (mirar el mapa, qu\u00e8 necessitar\u00e9 per a aquesta ruta: roba, cal\u00e7at, abric, gorra, aigua, preparar el m\u00f2bil\u2026).<\/li>\n\n\n\n<li><strong>El grup<\/strong>: si hi vaig amb ell, no apartar-me\u2019n ni deixar ning\u00fa sol\/a.<\/li>\n\n\n\n<li><strong>Dur el m\u00f2bil<\/strong> i, si necessito ajuda, trucar al 112.&nbsp;<\/li>\n<\/ol>\n\n\n\n<p>Despr\u00e9s ens ha mostrat el material que utilitzen els bombers per fer aquests rescats: cascos, motxilles, cordes, mosquetons i esqu\u00eds. Com que ajuden gent que fa escalada, caminades o esquia, els fa falta molt material per poder arribar fins a ells. De fet, tenen un cotxe molt ben equipat i fins i tot un helic\u00f2pter!!!<\/p>\n\n\n\n<p>Finalment, hem pogut veure el cotxe en directe, ja que el David, company del Llu\u00eds, ens l\u2019ha ensenyat. Quina sort hem tingut!!<\/p>\n\n\n\n<div class=\"wp-block-group\"><div class=\"wp-block-group__inner-container is-layout-constrained wp-block-group-is-layout-constrained\">\n<div class=\"wp-block-columns is-layout-flex wp-container-core-columns-is-layout-1 wp-block-columns-is-layout-flex\">\n<div class=\"wp-block-column is-layout-flow wp-block-column-is-layout-flow\" style=\"flex-basis:100%\">\n<figure class=\"wp-block-gallery has-nested-images columns-default is-cropped wp-block-gallery-1 is-layout-flex wp-block-gallery-is-layout-flex\">\n<figure class=\"wp-block-image size-large\"><a href=\"https:\/\/agora.xtec.cat\/ceip-valdelors-vandellos\/wp-content\/uploads\/usu1532\/2026\/04\/Elna-5-2-scaled.jpg\"><img loading=\"lazy\" decoding=\"async\" width=\"1024\" height=\"768\" src=\"https:\/\/agora.xtec.cat\/ceip-valdelors-vandellos\/wp-content\/uploads\/usu1532\/2026\/04\/Elna-5-2-1024x768.jpg\" alt=\"\" class=\"wp-image-14122\" srcset=\"https:\/\/agora.xtec.cat\/ceip-valdelors-vandellos\/wp-content\/uploads\/usu1532\/2026\/04\/Elna-5-2-1024x768.jpg 1024w, https:\/\/agora.xtec.cat\/ceip-valdelors-vandellos\/wp-content\/uploads\/usu1532\/2026\/04\/Elna-5-2-300x225.jpg 300w, https:\/\/agora.xtec.cat\/ceip-valdelors-vandellos\/wp-content\/uploads\/usu1532\/2026\/04\/Elna-5-2-768x576.jpg 768w, https:\/\/agora.xtec.cat\/ceip-valdelors-vandellos\/wp-content\/uploads\/usu1532\/2026\/04\/Elna-5-2-1536x1152.jpg 1536w, https:\/\/agora.xtec.cat\/ceip-valdelors-vandellos\/wp-content\/uploads\/usu1532\/2026\/04\/Elna-5-2-2048x1536.jpg 2048w, https:\/\/agora.xtec.cat\/ceip-valdelors-vandellos\/wp-content\/uploads\/usu1532\/2026\/04\/Elna-5-2-200x150.jpg 200w\" sizes=\"auto, (max-width: 1024px) 100vw, 1024px\" \/><\/a><figcaption class=\"wp-element-caption\">La feina del GRAE<\/figcaption><\/figure>\n\n\n\n<figure class=\"wp-block-image size-large\"><a href=\"https:\/\/agora.xtec.cat\/ceip-valdelors-vandellos\/wp-content\/uploads\/usu1532\/2026\/04\/Elna-1-2-scaled.jpg\"><img loading=\"lazy\" decoding=\"async\" width=\"1024\" height=\"768\" src=\"https:\/\/agora.xtec.cat\/ceip-valdelors-vandellos\/wp-content\/uploads\/usu1532\/2026\/04\/Elna-1-2-1024x768.jpg\" alt=\"\" class=\"wp-image-14121\" srcset=\"https:\/\/agora.xtec.cat\/ceip-valdelors-vandellos\/wp-content\/uploads\/usu1532\/2026\/04\/Elna-1-2-1024x768.jpg 1024w, https:\/\/agora.xtec.cat\/ceip-valdelors-vandellos\/wp-content\/uploads\/usu1532\/2026\/04\/Elna-1-2-300x225.jpg 300w, https:\/\/agora.xtec.cat\/ceip-valdelors-vandellos\/wp-content\/uploads\/usu1532\/2026\/04\/Elna-1-2-768x576.jpg 768w, https:\/\/agora.xtec.cat\/ceip-valdelors-vandellos\/wp-content\/uploads\/usu1532\/2026\/04\/Elna-1-2-1536x1152.jpg 1536w, https:\/\/agora.xtec.cat\/ceip-valdelors-vandellos\/wp-content\/uploads\/usu1532\/2026\/04\/Elna-1-2-2048x1536.jpg 2048w, https:\/\/agora.xtec.cat\/ceip-valdelors-vandellos\/wp-content\/uploads\/usu1532\/2026\/04\/Elna-1-2-200x150.jpg 200w\" sizes=\"auto, (max-width: 1024px) 100vw, 1024px\" \/><\/a><\/figure>\n\n\n\n<figure class=\"wp-block-image size-large\"><a href=\"https:\/\/agora.xtec.cat\/ceip-valdelors-vandellos\/wp-content\/uploads\/usu1532\/2026\/04\/Elna-2-2-scaled.jpg\"><img loading=\"lazy\" decoding=\"async\" width=\"1024\" height=\"768\" src=\"https:\/\/agora.xtec.cat\/ceip-valdelors-vandellos\/wp-content\/uploads\/usu1532\/2026\/04\/Elna-2-2-1024x768.jpg\" alt=\"\" class=\"wp-image-14120\" srcset=\"https:\/\/agora.xtec.cat\/ceip-valdelors-vandellos\/wp-content\/uploads\/usu1532\/2026\/04\/Elna-2-2-1024x768.jpg 1024w, https:\/\/agora.xtec.cat\/ceip-valdelors-vandellos\/wp-content\/uploads\/usu1532\/2026\/04\/Elna-2-2-300x225.jpg 300w, https:\/\/agora.xtec.cat\/ceip-valdelors-vandellos\/wp-content\/uploads\/usu1532\/2026\/04\/Elna-2-2-768x576.jpg 768w, https:\/\/agora.xtec.cat\/ceip-valdelors-vandellos\/wp-content\/uploads\/usu1532\/2026\/04\/Elna-2-2-1536x1152.jpg 1536w, https:\/\/agora.xtec.cat\/ceip-valdelors-vandellos\/wp-content\/uploads\/usu1532\/2026\/04\/Elna-2-2-2048x1536.jpg 2048w, https:\/\/agora.xtec.cat\/ceip-valdelors-vandellos\/wp-content\/uploads\/usu1532\/2026\/04\/Elna-2-2-200x150.jpg 200w\" sizes=\"auto, (max-width: 1024px) 100vw, 1024px\" \/><\/a><\/figure>\n\n\n\n<figure class=\"wp-block-image size-large\"><a href=\"https:\/\/agora.xtec.cat\/ceip-valdelors-vandellos\/wp-content\/uploads\/usu1532\/2026\/04\/Elna-4-2-scaled.jpg\"><img loading=\"lazy\" decoding=\"async\" width=\"768\" height=\"1024\" src=\"https:\/\/agora.xtec.cat\/ceip-valdelors-vandellos\/wp-content\/uploads\/usu1532\/2026\/04\/Elna-4-2-768x1024.jpg\" alt=\"\" class=\"wp-image-14119\" srcset=\"https:\/\/agora.xtec.cat\/ceip-valdelors-vandellos\/wp-content\/uploads\/usu1532\/2026\/04\/Elna-4-2-768x1024.jpg 768w, https:\/\/agora.xtec.cat\/ceip-valdelors-vandellos\/wp-content\/uploads\/usu1532\/2026\/04\/Elna-4-2-225x300.jpg 225w, https:\/\/agora.xtec.cat\/ceip-valdelors-vandellos\/wp-content\/uploads\/usu1532\/2026\/04\/Elna-4-2-1152x1536.jpg 1152w, https:\/\/agora.xtec.cat\/ceip-valdelors-vandellos\/wp-content\/uploads\/usu1532\/2026\/04\/Elna-4-2-1536x2048.jpg 1536w, https:\/\/agora.xtec.cat\/ceip-valdelors-vandellos\/wp-content\/uploads\/usu1532\/2026\/04\/Elna-4-2-scaled.jpg 1920w\" sizes=\"auto, (max-width: 768px) 100vw, 768px\" \/><\/a><\/figure>\n\n\n\n<figure class=\"wp-block-image size-large\"><a href=\"https:\/\/agora.xtec.cat\/ceip-valdelors-vandellos\/wp-content\/uploads\/usu1532\/2026\/04\/Elna-3-2-scaled.jpg\"><img loading=\"lazy\" decoding=\"async\" width=\"768\" height=\"1024\" src=\"https:\/\/agora.xtec.cat\/ceip-valdelors-vandellos\/wp-content\/uploads\/usu1532\/2026\/04\/Elna-3-2-768x1024.jpg\" alt=\"\" class=\"wp-image-14118\" srcset=\"https:\/\/agora.xtec.cat\/ceip-valdelors-vandellos\/wp-content\/uploads\/usu1532\/2026\/04\/Elna-3-2-768x1024.jpg 768w, https:\/\/agora.xtec.cat\/ceip-valdelors-vandellos\/wp-content\/uploads\/usu1532\/2026\/04\/Elna-3-2-225x300.jpg 225w, https:\/\/agora.xtec.cat\/ceip-valdelors-vandellos\/wp-content\/uploads\/usu1532\/2026\/04\/Elna-3-2-1152x1536.jpg 1152w, https:\/\/agora.xtec.cat\/ceip-valdelors-vandellos\/wp-content\/uploads\/usu1532\/2026\/04\/Elna-3-2-1536x2048.jpg 1536w, https:\/\/agora.xtec.cat\/ceip-valdelors-vandellos\/wp-content\/uploads\/usu1532\/2026\/04\/Elna-3-2-scaled.jpg 1920w\" sizes=\"auto, (max-width: 768px) 100vw, 768px\" \/><\/a><\/figure>\n\n\n\n<figure class=\"wp-block-image size-large\"><a href=\"https:\/\/agora.xtec.cat\/ceip-valdelors-vandellos\/wp-content\/uploads\/usu1532\/2026\/04\/Elna-4-1-scaled.jpg\"><img loading=\"lazy\" decoding=\"async\" width=\"768\" height=\"1024\" src=\"https:\/\/agora.xtec.cat\/ceip-valdelors-vandellos\/wp-content\/uploads\/usu1532\/2026\/04\/Elna-4-1-768x1024.jpg\" alt=\"\" class=\"wp-image-14117\" srcset=\"https:\/\/agora.xtec.cat\/ceip-valdelors-vandellos\/wp-content\/uploads\/usu1532\/2026\/04\/Elna-4-1-768x1024.jpg 768w, https:\/\/agora.xtec.cat\/ceip-valdelors-vandellos\/wp-content\/uploads\/usu1532\/2026\/04\/Elna-4-1-225x300.jpg 225w, https:\/\/agora.xtec.cat\/ceip-valdelors-vandellos\/wp-content\/uploads\/usu1532\/2026\/04\/Elna-4-1-1152x1536.jpg 1152w, https:\/\/agora.xtec.cat\/ceip-valdelors-vandellos\/wp-content\/uploads\/usu1532\/2026\/04\/Elna-4-1-1536x2048.jpg 1536w, https:\/\/agora.xtec.cat\/ceip-valdelors-vandellos\/wp-content\/uploads\/usu1532\/2026\/04\/Elna-4-1-scaled.jpg 1920w\" sizes=\"auto, (max-width: 768px) 100vw, 768px\" \/><\/a><\/figure>\n<\/figure>\n<\/div>\n<\/div>\n<\/div><\/div>\n","protected":false},"excerpt":{"rendered":"<p>Avui ens ha visitat el pare de l\u2019Elna. El Llu\u00eds treballa de bomber, per\u00f2 no apagant foc com tothom podria pensar. \u00c9s un GRAE.&hellip;  <a href=\"https:\/\/agora.xtec.cat\/ceip-valdelors-vandellos\/general\/ofici-de-les-families-elna\/\" title=\"Read OFICI DE LES FAM\u00cdLIES: ELNA\">Llegeix m\u00e9s\u00bb<\/a><\/p>\n","protected":false},"author":9,"featured_media":14121,"comment_status":"open","ping_status":"open","sticky":false,"template":"","format":"standard","meta":{"_bbp_topic_count":0,"_bbp_reply_count":0,"_bbp_total_topic_count":0,"_bbp_total_reply_count":0,"_bbp_voice_count":0,"_bbp_anonymous_reply_count":0,"_bbp_topic_count_hidden":0,"_bbp_reply_count_hidden":0,"_bbp_forum_subforum_count":0,"footnotes":""},"categories":[58,1,4],"tags":[],"class_list":["post-14111","post","type-post","status-publish","format-standard","has-post-thumbnail","hentry","category-educacio-infantil","category-general","category-portada"],"post_mailing_queue_ids":[],"_links":{"self":[{"href":"https:\/\/agora.xtec.cat\/ceip-valdelors-vandellos\/wp-json\/wp\/v2\/posts\/14111","targetHints":{"allow":["GET"]}}],"collection":[{"href":"https:\/\/agora.xtec.cat\/ceip-valdelors-vandellos\/wp-json\/wp\/v2\/posts"}],"about":[{"href":"https:\/\/agora.xtec.cat\/ceip-valdelors-vandellos\/wp-json\/wp\/v2\/types\/post"}],"author":[{"embeddable":true,"href":"https:\/\/agora.xtec.cat\/ceip-valdelors-vandellos\/wp-json\/wp\/v2\/users\/9"}],"replies":[{"embeddable":true,"href":"https:\/\/agora.xtec.cat\/ceip-valdelors-vandellos\/wp-json\/wp\/v2\/comments?post=14111"}],"version-history":[{"count":4,"href":"https:\/\/agora.xtec.cat\/ceip-valdelors-vandellos\/wp-json\/wp\/v2\/posts\/14111\/revisions"}],"predecessor-version":[{"id":14131,"href":"https:\/\/agora.xtec.cat\/ceip-valdelors-vandellos\/wp-json\/wp\/v2\/posts\/14111\/revisions\/14131"}],"wp:featuredmedia":[{"embeddable":true,"href":"https:\/\/agora.xtec.cat\/ceip-valdelors-vandellos\/wp-json\/wp\/v2\/media\/14121"}],"wp:attachment":[{"href":"https:\/\/agora.xtec.cat\/ceip-valdelors-vandellos\/wp-json\/wp\/v2\/media?parent=14111"}],"wp:term":[{"taxonomy":"category","embeddable":true,"href":"https:\/\/agora.xtec.cat\/ceip-valdelors-vandellos\/wp-json\/wp\/v2\/categories?post=14111"},{"taxonomy":"post_tag","embeddable":true,"href":"https:\/\/agora.xtec.cat\/ceip-valdelors-vandellos\/wp-json\/wp\/v2\/tags?post=14111"}],"curies":[{"name":"wp","href":"https:\/\/api.w.org\/{rel}","templated":true}]}}