{"id":13129,"date":"2025-06-15T16:32:12","date_gmt":"2025-06-15T14:32:12","guid":{"rendered":"https:\/\/agora.xtec.cat\/ceip-valdelors-vandellos\/?p=13129"},"modified":"2025-06-15T16:33:36","modified_gmt":"2025-06-15T14:33:36","slug":"preparem-el-festival","status":"publish","type":"post","link":"https:\/\/agora.xtec.cat\/ceip-valdelors-vandellos\/portada\/preparem-el-festival\/","title":{"rendered":"PREPAREM EL FESTIVAL"},"content":{"rendered":"\n<p>El divendres vam realitzar el festival de fi de curs del Valdelors. Amb ells la graduaci\u00f3 dels alumnes de 6\u00e8. Per poder fer tot el que vau veure, cal molta preparaci\u00f3 pr\u00e8via, treball en equip, i molta, molta creativitat.<\/p>\n\n\n<div class=\"wp-block-image\">\n<figure class=\"aligncenter size-large is-resized\"><a href=\"https:\/\/agora.xtec.cat\/ceip-valdelors-vandellos\/wp-content\/uploads\/usu1532\/2025\/06\/WhatsApp-Image-2025-06-11-at-16.57.59.jpeg\"><img loading=\"lazy\" decoding=\"async\" width=\"1024\" height=\"768\" src=\"https:\/\/agora.xtec.cat\/ceip-valdelors-vandellos\/wp-content\/uploads\/usu1532\/2025\/06\/WhatsApp-Image-2025-06-11-at-16.57.59-1024x768.jpeg\" alt=\"\" class=\"wp-image-13130\" style=\"width:641px;height:auto\" srcset=\"https:\/\/agora.xtec.cat\/ceip-valdelors-vandellos\/wp-content\/uploads\/usu1532\/2025\/06\/WhatsApp-Image-2025-06-11-at-16.57.59-1024x768.jpeg 1024w, https:\/\/agora.xtec.cat\/ceip-valdelors-vandellos\/wp-content\/uploads\/usu1532\/2025\/06\/WhatsApp-Image-2025-06-11-at-16.57.59-300x225.jpeg 300w, https:\/\/agora.xtec.cat\/ceip-valdelors-vandellos\/wp-content\/uploads\/usu1532\/2025\/06\/WhatsApp-Image-2025-06-11-at-16.57.59-768x576.jpeg 768w, https:\/\/agora.xtec.cat\/ceip-valdelors-vandellos\/wp-content\/uploads\/usu1532\/2025\/06\/WhatsApp-Image-2025-06-11-at-16.57.59-1536x1152.jpeg 1536w, https:\/\/agora.xtec.cat\/ceip-valdelors-vandellos\/wp-content\/uploads\/usu1532\/2025\/06\/WhatsApp-Image-2025-06-11-at-16.57.59-200x150.jpeg 200w, https:\/\/agora.xtec.cat\/ceip-valdelors-vandellos\/wp-content\/uploads\/usu1532\/2025\/06\/WhatsApp-Image-2025-06-11-at-16.57.59.jpeg 2040w\" sizes=\"auto, (max-width: 1024px) 100vw, 1024px\" \/><\/a><\/figure><\/div>\n\n\n<h1 class=\"wp-block-heading has-luminous-vivid-orange-color has-text-color has-link-color has-large-font-size wp-elements-e9d95f2b5e2e4b64f616daabb531e94e\">Benjamin Franklin ens deia \u2026\u201cDigues i ho oblido, ensenya\u2019m i ho recordo, involucra\u2019m i ho aprenc\u201d&nbsp;<\/h1>\n\n\n\n<p>A l\u2019escola\u00a0 ensenyem\u00a0 i aprenem junts. L\u2019equip docent ha procurant en tot moment crear ESPAIS I CONDICIONS en qu\u00e8 puguem aprendre involucrant els alumnes.<\/p>\n\n\n\n<p>Seguint la idea d\u2019Einstein, la nostra escola i comunitat d\u2019aprenentatge persegueix l\u2019objectiu de donar eines, al nostre alumnat, per tal que sigui capa\u00e7 de desenvolupar-se en el seu dia a dia, de cr\u00e9ixer com a persona.<\/p>\n\n\n\n<p>A mesura que hem anat fent cam\u00ed durant l\u2019any, implicant-nos cada cop m\u00e9s en el m\u00f3n de les Comunitats d\u2019Aprenentatge, s\u2019han obert i ampliat nous\u00a0 horitzons, i podem dir que ha anat MOLT i MOLT B\u00c9.\u00a0\u00a0<\/p>\n\n\n\n<p>Volem donar les gr\u00e0cies a totes les persones que us heu implicat ens les comissions, en els grups interactius, i en les xerrades d\u2019expert\u2026 hem participat junts de tert\u00falies dial\u00f2giques i ens hem format com a comunitat.<\/p>\n\n\n\n<p>TOT EL QUE HEM FET, ho hem fet com equip, sumant, compartint , equivocant-nos i aprenent dia a dia. Tot ha estat possible gr\u00e0cies a un EQUIP IMPLICAT de  mestres  que han treballat molt per fer possible TOT EL CURS. Tamb\u00e9 la implicaci\u00f3 de l&#8217;ajuntament que ens ajuda en tota la part m\u00e9s log\u00edstica. <\/p>\n\n\n\n<p>Gr\u00e0cies a la Laura i Alba que han encap\u00e7alat el projecte de direcci\u00f3 del Valdelors, amb empenta, dedicaci\u00f3 i treball han fet possible tots els nostres reptes i objectius.<\/p>\n\n\n\n<figure class=\"wp-block-gallery has-nested-images columns-default is-cropped wp-block-gallery-1 is-layout-flex wp-block-gallery-is-layout-flex\">\n<figure class=\"wp-block-image size-large\"><a href=\"https:\/\/agora.xtec.cat\/ceip-valdelors-vandellos\/wp-content\/uploads\/usu1532\/2025\/06\/WhatsApp-Image-2025-06-11-at-16.58.02-1-1.jpeg\"><img loading=\"lazy\" decoding=\"async\" width=\"1024\" height=\"768\" data-id=\"13134\" src=\"https:\/\/agora.xtec.cat\/ceip-valdelors-vandellos\/wp-content\/uploads\/usu1532\/2025\/06\/WhatsApp-Image-2025-06-11-at-16.58.02-1-1-1024x768.jpeg\" alt=\"\" class=\"wp-image-13134\" srcset=\"https:\/\/agora.xtec.cat\/ceip-valdelors-vandellos\/wp-content\/uploads\/usu1532\/2025\/06\/WhatsApp-Image-2025-06-11-at-16.58.02-1-1-1024x768.jpeg 1024w, https:\/\/agora.xtec.cat\/ceip-valdelors-vandellos\/wp-content\/uploads\/usu1532\/2025\/06\/WhatsApp-Image-2025-06-11-at-16.58.02-1-1-300x225.jpeg 300w, https:\/\/agora.xtec.cat\/ceip-valdelors-vandellos\/wp-content\/uploads\/usu1532\/2025\/06\/WhatsApp-Image-2025-06-11-at-16.58.02-1-1-768x576.jpeg 768w, https:\/\/agora.xtec.cat\/ceip-valdelors-vandellos\/wp-content\/uploads\/usu1532\/2025\/06\/WhatsApp-Image-2025-06-11-at-16.58.02-1-1-1536x1152.jpeg 1536w, https:\/\/agora.xtec.cat\/ceip-valdelors-vandellos\/wp-content\/uploads\/usu1532\/2025\/06\/WhatsApp-Image-2025-06-11-at-16.58.02-1-1-200x150.jpeg 200w, https:\/\/agora.xtec.cat\/ceip-valdelors-vandellos\/wp-content\/uploads\/usu1532\/2025\/06\/WhatsApp-Image-2025-06-11-at-16.58.02-1-1.jpeg 2040w\" sizes=\"auto, (max-width: 1024px) 100vw, 1024px\" \/><\/a><figcaption class=\"wp-element-caption\">Preparem el festival<\/figcaption><\/figure>\n\n\n\n<figure class=\"wp-block-image size-large\"><a href=\"https:\/\/agora.xtec.cat\/ceip-valdelors-vandellos\/wp-content\/uploads\/usu1532\/2025\/06\/IMG_20250409_100809-1-scaled.jpg\"><img loading=\"lazy\" decoding=\"async\" width=\"473\" height=\"1024\" data-id=\"13135\" src=\"https:\/\/agora.xtec.cat\/ceip-valdelors-vandellos\/wp-content\/uploads\/usu1532\/2025\/06\/IMG_20250409_100809-1-473x1024.jpg\" alt=\"\" class=\"wp-image-13135\" srcset=\"https:\/\/agora.xtec.cat\/ceip-valdelors-vandellos\/wp-content\/uploads\/usu1532\/2025\/06\/IMG_20250409_100809-1-473x1024.jpg 473w, https:\/\/agora.xtec.cat\/ceip-valdelors-vandellos\/wp-content\/uploads\/usu1532\/2025\/06\/IMG_20250409_100809-1-138x300.jpg 138w, https:\/\/agora.xtec.cat\/ceip-valdelors-vandellos\/wp-content\/uploads\/usu1532\/2025\/06\/IMG_20250409_100809-1-768x1664.jpg 768w, https:\/\/agora.xtec.cat\/ceip-valdelors-vandellos\/wp-content\/uploads\/usu1532\/2025\/06\/IMG_20250409_100809-1-709x1536.jpg 709w, https:\/\/agora.xtec.cat\/ceip-valdelors-vandellos\/wp-content\/uploads\/usu1532\/2025\/06\/IMG_20250409_100809-1-945x2048.jpg 945w, https:\/\/agora.xtec.cat\/ceip-valdelors-vandellos\/wp-content\/uploads\/usu1532\/2025\/06\/IMG_20250409_100809-1-scaled.jpg 1182w\" sizes=\"auto, (max-width: 473px) 100vw, 473px\" \/><\/a><figcaption class=\"wp-element-caption\">Assaig <\/figcaption><\/figure>\n\n\n\n<figure class=\"wp-block-image size-large\"><a href=\"https:\/\/agora.xtec.cat\/ceip-valdelors-vandellos\/wp-content\/uploads\/usu1532\/2025\/06\/IMG_20250409_100648-1-scaled.jpg\"><img loading=\"lazy\" decoding=\"async\" width=\"1024\" height=\"473\" data-id=\"13136\" src=\"https:\/\/agora.xtec.cat\/ceip-valdelors-vandellos\/wp-content\/uploads\/usu1532\/2025\/06\/IMG_20250409_100648-1-1024x473.jpg\" alt=\"\" class=\"wp-image-13136\" srcset=\"https:\/\/agora.xtec.cat\/ceip-valdelors-vandellos\/wp-content\/uploads\/usu1532\/2025\/06\/IMG_20250409_100648-1-1024x473.jpg 1024w, https:\/\/agora.xtec.cat\/ceip-valdelors-vandellos\/wp-content\/uploads\/usu1532\/2025\/06\/IMG_20250409_100648-1-300x138.jpg 300w, https:\/\/agora.xtec.cat\/ceip-valdelors-vandellos\/wp-content\/uploads\/usu1532\/2025\/06\/IMG_20250409_100648-1-768x354.jpg 768w, https:\/\/agora.xtec.cat\/ceip-valdelors-vandellos\/wp-content\/uploads\/usu1532\/2025\/06\/IMG_20250409_100648-1-1536x709.jpg 1536w, https:\/\/agora.xtec.cat\/ceip-valdelors-vandellos\/wp-content\/uploads\/usu1532\/2025\/06\/IMG_20250409_100648-1-2048x945.jpg 2048w\" sizes=\"auto, (max-width: 1024px) 100vw, 1024px\" \/><\/a><figcaption class=\"wp-element-caption\">Treball en equip<\/figcaption><\/figure>\n\n\n\n<figure class=\"wp-block-image size-large\"><a href=\"https:\/\/agora.xtec.cat\/ceip-valdelors-vandellos\/wp-content\/uploads\/usu1532\/2025\/06\/20250515_124713-scaled.jpg\"><img loading=\"lazy\" decoding=\"async\" width=\"1024\" height=\"768\" data-id=\"13137\" src=\"https:\/\/agora.xtec.cat\/ceip-valdelors-vandellos\/wp-content\/uploads\/usu1532\/2025\/06\/20250515_124713-1024x768.jpg\" alt=\"\" class=\"wp-image-13137\" srcset=\"https:\/\/agora.xtec.cat\/ceip-valdelors-vandellos\/wp-content\/uploads\/usu1532\/2025\/06\/20250515_124713-1024x768.jpg 1024w, https:\/\/agora.xtec.cat\/ceip-valdelors-vandellos\/wp-content\/uploads\/usu1532\/2025\/06\/20250515_124713-300x225.jpg 300w, https:\/\/agora.xtec.cat\/ceip-valdelors-vandellos\/wp-content\/uploads\/usu1532\/2025\/06\/20250515_124713-768x576.jpg 768w, https:\/\/agora.xtec.cat\/ceip-valdelors-vandellos\/wp-content\/uploads\/usu1532\/2025\/06\/20250515_124713-1536x1152.jpg 1536w, https:\/\/agora.xtec.cat\/ceip-valdelors-vandellos\/wp-content\/uploads\/usu1532\/2025\/06\/20250515_124713-2048x1536.jpg 2048w, https:\/\/agora.xtec.cat\/ceip-valdelors-vandellos\/wp-content\/uploads\/usu1532\/2025\/06\/20250515_124713-200x150.jpg 200w\" sizes=\"auto, (max-width: 1024px) 100vw, 1024px\" \/><\/a><figcaption class=\"wp-element-caption\">Aprenem molt<\/figcaption><\/figure>\n\n\n\n<figure class=\"wp-block-image size-large\"><a href=\"https:\/\/agora.xtec.cat\/ceip-valdelors-vandellos\/wp-content\/uploads\/usu1532\/2025\/06\/20250515_124721-scaled.jpg\"><img loading=\"lazy\" decoding=\"async\" width=\"1024\" height=\"768\" data-id=\"13138\" src=\"https:\/\/agora.xtec.cat\/ceip-valdelors-vandellos\/wp-content\/uploads\/usu1532\/2025\/06\/20250515_124721-1024x768.jpg\" alt=\"\" class=\"wp-image-13138\" srcset=\"https:\/\/agora.xtec.cat\/ceip-valdelors-vandellos\/wp-content\/uploads\/usu1532\/2025\/06\/20250515_124721-1024x768.jpg 1024w, https:\/\/agora.xtec.cat\/ceip-valdelors-vandellos\/wp-content\/uploads\/usu1532\/2025\/06\/20250515_124721-300x225.jpg 300w, https:\/\/agora.xtec.cat\/ceip-valdelors-vandellos\/wp-content\/uploads\/usu1532\/2025\/06\/20250515_124721-768x576.jpg 768w, https:\/\/agora.xtec.cat\/ceip-valdelors-vandellos\/wp-content\/uploads\/usu1532\/2025\/06\/20250515_124721-1536x1152.jpg 1536w, https:\/\/agora.xtec.cat\/ceip-valdelors-vandellos\/wp-content\/uploads\/usu1532\/2025\/06\/20250515_124721-2048x1536.jpg 2048w, https:\/\/agora.xtec.cat\/ceip-valdelors-vandellos\/wp-content\/uploads\/usu1532\/2025\/06\/20250515_124721-200x150.jpg 200w\" sizes=\"auto, (max-width: 1024px) 100vw, 1024px\" \/><\/a><figcaption class=\"wp-element-caption\">Molt de ritme<\/figcaption><\/figure>\n\n\n\n<figure class=\"wp-block-image size-large\"><a href=\"https:\/\/agora.xtec.cat\/ceip-valdelors-vandellos\/wp-content\/uploads\/usu1532\/2025\/06\/20250528_124930-scaled.jpg\"><img loading=\"lazy\" decoding=\"async\" width=\"1024\" height=\"768\" data-id=\"13139\" src=\"https:\/\/agora.xtec.cat\/ceip-valdelors-vandellos\/wp-content\/uploads\/usu1532\/2025\/06\/20250528_124930-1024x768.jpg\" alt=\"\" class=\"wp-image-13139\" srcset=\"https:\/\/agora.xtec.cat\/ceip-valdelors-vandellos\/wp-content\/uploads\/usu1532\/2025\/06\/20250528_124930-1024x768.jpg 1024w, https:\/\/agora.xtec.cat\/ceip-valdelors-vandellos\/wp-content\/uploads\/usu1532\/2025\/06\/20250528_124930-300x225.jpg 300w, https:\/\/agora.xtec.cat\/ceip-valdelors-vandellos\/wp-content\/uploads\/usu1532\/2025\/06\/20250528_124930-768x576.jpg 768w, https:\/\/agora.xtec.cat\/ceip-valdelors-vandellos\/wp-content\/uploads\/usu1532\/2025\/06\/20250528_124930-1536x1152.jpg 1536w, https:\/\/agora.xtec.cat\/ceip-valdelors-vandellos\/wp-content\/uploads\/usu1532\/2025\/06\/20250528_124930-2048x1536.jpg 2048w, https:\/\/agora.xtec.cat\/ceip-valdelors-vandellos\/wp-content\/uploads\/usu1532\/2025\/06\/20250528_124930-200x150.jpg 200w\" sizes=\"auto, (max-width: 1024px) 100vw, 1024px\" \/><\/a><figcaption class=\"wp-element-caption\">Els cracks de 6pe<\/figcaption><\/figure>\n\n\n\n<figure class=\"wp-block-image size-large\"><a href=\"https:\/\/agora.xtec.cat\/ceip-valdelors-vandellos\/wp-content\/uploads\/usu1532\/2025\/06\/20250529_130642-scaled.jpg\"><img loading=\"lazy\" decoding=\"async\" width=\"1024\" height=\"768\" data-id=\"13140\" src=\"https:\/\/agora.xtec.cat\/ceip-valdelors-vandellos\/wp-content\/uploads\/usu1532\/2025\/06\/20250529_130642-1024x768.jpg\" alt=\"\" class=\"wp-image-13140\" srcset=\"https:\/\/agora.xtec.cat\/ceip-valdelors-vandellos\/wp-content\/uploads\/usu1532\/2025\/06\/20250529_130642-1024x768.jpg 1024w, https:\/\/agora.xtec.cat\/ceip-valdelors-vandellos\/wp-content\/uploads\/usu1532\/2025\/06\/20250529_130642-300x225.jpg 300w, https:\/\/agora.xtec.cat\/ceip-valdelors-vandellos\/wp-content\/uploads\/usu1532\/2025\/06\/20250529_130642-768x576.jpg 768w, https:\/\/agora.xtec.cat\/ceip-valdelors-vandellos\/wp-content\/uploads\/usu1532\/2025\/06\/20250529_130642-1536x1152.jpg 1536w, https:\/\/agora.xtec.cat\/ceip-valdelors-vandellos\/wp-content\/uploads\/usu1532\/2025\/06\/20250529_130642-2048x1536.jpg 2048w, https:\/\/agora.xtec.cat\/ceip-valdelors-vandellos\/wp-content\/uploads\/usu1532\/2025\/06\/20250529_130642-200x150.jpg 200w\" sizes=\"auto, (max-width: 1024px) 100vw, 1024px\" \/><\/a><figcaption class=\"wp-element-caption\">Molt d&#8217;art<\/figcaption><\/figure>\n\n\n\n<figure class=\"wp-block-image size-large\"><a href=\"https:\/\/agora.xtec.cat\/ceip-valdelors-vandellos\/wp-content\/uploads\/usu1532\/2025\/06\/20250603_141404-scaled.jpg\"><img loading=\"lazy\" decoding=\"async\" width=\"1024\" height=\"768\" data-id=\"13141\" src=\"https:\/\/agora.xtec.cat\/ceip-valdelors-vandellos\/wp-content\/uploads\/usu1532\/2025\/06\/20250603_141404-1024x768.jpg\" alt=\"\" class=\"wp-image-13141\" srcset=\"https:\/\/agora.xtec.cat\/ceip-valdelors-vandellos\/wp-content\/uploads\/usu1532\/2025\/06\/20250603_141404-1024x768.jpg 1024w, https:\/\/agora.xtec.cat\/ceip-valdelors-vandellos\/wp-content\/uploads\/usu1532\/2025\/06\/20250603_141404-300x225.jpg 300w, https:\/\/agora.xtec.cat\/ceip-valdelors-vandellos\/wp-content\/uploads\/usu1532\/2025\/06\/20250603_141404-768x576.jpg 768w, https:\/\/agora.xtec.cat\/ceip-valdelors-vandellos\/wp-content\/uploads\/usu1532\/2025\/06\/20250603_141404-1536x1152.jpg 1536w, https:\/\/agora.xtec.cat\/ceip-valdelors-vandellos\/wp-content\/uploads\/usu1532\/2025\/06\/20250603_141404-2048x1536.jpg 2048w, https:\/\/agora.xtec.cat\/ceip-valdelors-vandellos\/wp-content\/uploads\/usu1532\/2025\/06\/20250603_141404-200x150.jpg 200w\" sizes=\"auto, (max-width: 1024px) 100vw, 1024px\" \/><\/a><figcaption class=\"wp-element-caption\">Creativitat<\/figcaption><\/figure>\n\n\n\n<figure class=\"wp-block-image size-large\"><a href=\"https:\/\/agora.xtec.cat\/ceip-valdelors-vandellos\/wp-content\/uploads\/usu1532\/2025\/06\/WhatsApp-Image-2025-06-11-at-16.57.59.jpeg\"><img loading=\"lazy\" decoding=\"async\" width=\"1024\" height=\"768\" data-id=\"13130\" src=\"https:\/\/agora.xtec.cat\/ceip-valdelors-vandellos\/wp-content\/uploads\/usu1532\/2025\/06\/WhatsApp-Image-2025-06-11-at-16.57.59-1024x768.jpeg\" alt=\"\" class=\"wp-image-13130\" srcset=\"https:\/\/agora.xtec.cat\/ceip-valdelors-vandellos\/wp-content\/uploads\/usu1532\/2025\/06\/WhatsApp-Image-2025-06-11-at-16.57.59-1024x768.jpeg 1024w, https:\/\/agora.xtec.cat\/ceip-valdelors-vandellos\/wp-content\/uploads\/usu1532\/2025\/06\/WhatsApp-Image-2025-06-11-at-16.57.59-300x225.jpeg 300w, https:\/\/agora.xtec.cat\/ceip-valdelors-vandellos\/wp-content\/uploads\/usu1532\/2025\/06\/WhatsApp-Image-2025-06-11-at-16.57.59-768x576.jpeg 768w, https:\/\/agora.xtec.cat\/ceip-valdelors-vandellos\/wp-content\/uploads\/usu1532\/2025\/06\/WhatsApp-Image-2025-06-11-at-16.57.59-1536x1152.jpeg 1536w, https:\/\/agora.xtec.cat\/ceip-valdelors-vandellos\/wp-content\/uploads\/usu1532\/2025\/06\/WhatsApp-Image-2025-06-11-at-16.57.59-200x150.jpeg 200w, https:\/\/agora.xtec.cat\/ceip-valdelors-vandellos\/wp-content\/uploads\/usu1532\/2025\/06\/WhatsApp-Image-2025-06-11-at-16.57.59.jpeg 2040w\" sizes=\"auto, (max-width: 1024px) 100vw, 1024px\" \/><\/a><figcaption class=\"wp-element-caption\">Entre tots ho fem tot<\/figcaption><\/figure>\n<\/figure>\n\n\n\n<p><br><\/p>\n","protected":false},"excerpt":{"rendered":"<p>Per poder fer el festival calen moltes hores de preparaci\u00f3 i treball en equip. Hem fet un gran cam\u00ed gr\u00e0cies a l&#8217;esfor\u00e7 de totes i tots.&hellip;  <a href=\"https:\/\/agora.xtec.cat\/ceip-valdelors-vandellos\/portada\/preparem-el-festival\/\" title=\"Read PREPAREM EL FESTIVAL\">Llegeix m\u00e9s\u00bb<\/a><\/p>\n","protected":false},"author":6,"featured_media":13136,"comment_status":"open","ping_status":"open","sticky":false,"template":"","format":"standard","meta":{"_bbp_topic_count":0,"_bbp_reply_count":0,"_bbp_total_topic_count":0,"_bbp_total_reply_count":0,"_bbp_voice_count":0,"_bbp_anonymous_reply_count":0,"_bbp_topic_count_hidden":0,"_bbp_reply_count_hidden":0,"_bbp_forum_subforum_count":0,"footnotes":""},"categories":[68,60,59,58,4],"tags":[93,82],"class_list":["post-13129","post","type-post","status-publish","format-standard","has-post-thumbnail","hentry","category-afa","category-cicle-superior-i-4t","category-cicle-inicial-i-3r","category-educacio-infantil","category-portada","tag-fem-cami","tag-orgullosos"],"post_mailing_queue_ids":[],"_links":{"self":[{"href":"https:\/\/agora.xtec.cat\/ceip-valdelors-vandellos\/wp-json\/wp\/v2\/posts\/13129","targetHints":{"allow":["GET"]}}],"collection":[{"href":"https:\/\/agora.xtec.cat\/ceip-valdelors-vandellos\/wp-json\/wp\/v2\/posts"}],"about":[{"href":"https:\/\/agora.xtec.cat\/ceip-valdelors-vandellos\/wp-json\/wp\/v2\/types\/post"}],"author":[{"embeddable":true,"href":"https:\/\/agora.xtec.cat\/ceip-valdelors-vandellos\/wp-json\/wp\/v2\/users\/6"}],"replies":[{"embeddable":true,"href":"https:\/\/agora.xtec.cat\/ceip-valdelors-vandellos\/wp-json\/wp\/v2\/comments?post=13129"}],"version-history":[{"count":2,"href":"https:\/\/agora.xtec.cat\/ceip-valdelors-vandellos\/wp-json\/wp\/v2\/posts\/13129\/revisions"}],"predecessor-version":[{"id":13143,"href":"https:\/\/agora.xtec.cat\/ceip-valdelors-vandellos\/wp-json\/wp\/v2\/posts\/13129\/revisions\/13143"}],"wp:featuredmedia":[{"embeddable":true,"href":"https:\/\/agora.xtec.cat\/ceip-valdelors-vandellos\/wp-json\/wp\/v2\/media\/13136"}],"wp:attachment":[{"href":"https:\/\/agora.xtec.cat\/ceip-valdelors-vandellos\/wp-json\/wp\/v2\/media?parent=13129"}],"wp:term":[{"taxonomy":"category","embeddable":true,"href":"https:\/\/agora.xtec.cat\/ceip-valdelors-vandellos\/wp-json\/wp\/v2\/categories?post=13129"},{"taxonomy":"post_tag","embeddable":true,"href":"https:\/\/agora.xtec.cat\/ceip-valdelors-vandellos\/wp-json\/wp\/v2\/tags?post=13129"}],"curies":[{"name":"wp","href":"https:\/\/api.w.org\/{rel}","templated":true}]}}