{"id":12687,"date":"2025-04-11T13:36:49","date_gmt":"2025-04-11T11:36:49","guid":{"rendered":"https:\/\/agora.xtec.cat\/ceip-valdelors-vandellos\/?p=12687"},"modified":"2025-04-11T14:16:29","modified_gmt":"2025-04-11T12:16:29","slug":"les-estones-de-menjador","status":"publish","type":"post","link":"https:\/\/agora.xtec.cat\/ceip-valdelors-vandellos\/portada\/les-estones-de-menjador\/","title":{"rendered":"LES ESTONES DE MENJADOR"},"content":{"rendered":"\n<p>Al Valdelors tenim la sort de comptar amb un servei de menjador implicat en el projecte educatiu. L&#8217;ajuntament ens facilita aquest servei que gestiona COM A CASA MENJADORS. La Maribel i la Sara ens ajuden al fet que les estones de menjador puguem treballar amb l&#8217;alumnat aspectes d&#8217;h\u00e0bits i educatius: menjar de tot, per tenir una salut equilibrada, rentar les dents per cuidar el nostre cos&#8230; Tamb\u00e9 s\u00f3n espais l\u00fadics per treballar la conviv\u00e8ncia i la diversi\u00f3.<\/p>\n\n\n\n<p>Aquest cop el taller ha estat un petit &#8220;lipdub&#8221; per fer una miqueta d&#8217;espai i ritme despr\u00e9s de menjar<\/p>\n\n\n\n<p>#MENJAR SALUDABLE<\/p>\n\n\n\n<p>#ESTONES DIVERTIDES <\/p>\n\n\n\n<figure class=\"wp-block-embed is-type-video is-provider-youtube wp-block-embed-youtube wp-embed-aspect-16-9 wp-has-aspect-ratio\"><div class=\"wp-block-embed__wrapper\">\n<iframe loading=\"lazy\" title=\"LIBDUP saludable al VALDELORS\" width=\"500\" height=\"281\" src=\"https:\/\/www.youtube.com\/embed\/87KTtNa7BPQ?feature=oembed\" frameborder=\"0\" allow=\"accelerometer; autoplay; clipboard-write; encrypted-media; gyroscope; picture-in-picture; web-share\" referrerpolicy=\"strict-origin-when-cross-origin\" allowfullscreen><\/iframe>\n<\/div><\/figure>\n","protected":false},"excerpt":{"rendered":"<p>Des del servei de menjador treballem i ajudem a FER CAM\u00cd, cap a un estil de vida saludable&hellip;  <a href=\"https:\/\/agora.xtec.cat\/ceip-valdelors-vandellos\/portada\/les-estones-de-menjador\/\" title=\"Read LES ESTONES DE MENJADOR\">Llegeix m\u00e9s\u00bb<\/a><\/p>\n","protected":false},"author":6,"featured_media":12688,"comment_status":"open","ping_status":"open","sticky":false,"template":"","format":"standard","meta":{"_bbp_topic_count":0,"_bbp_reply_count":0,"_bbp_total_topic_count":0,"_bbp_total_reply_count":0,"_bbp_voice_count":0,"_bbp_anonymous_reply_count":0,"_bbp_topic_count_hidden":0,"_bbp_reply_count_hidden":0,"_bbp_forum_subforum_count":0,"footnotes":""},"categories":[68,121,4,92],"tags":[106,91,89],"class_list":["post-12687","post","type-post","status-publish","format-standard","has-post-thumbnail","hentry","category-afa","category-noves-mirades","category-portada","category-servei-de-menjador","tag-fem-cami-junts","tag-projectes","tag-treball-en-equip"],"post_mailing_queue_ids":[],"_links":{"self":[{"href":"https:\/\/agora.xtec.cat\/ceip-valdelors-vandellos\/wp-json\/wp\/v2\/posts\/12687","targetHints":{"allow":["GET"]}}],"collection":[{"href":"https:\/\/agora.xtec.cat\/ceip-valdelors-vandellos\/wp-json\/wp\/v2\/posts"}],"about":[{"href":"https:\/\/agora.xtec.cat\/ceip-valdelors-vandellos\/wp-json\/wp\/v2\/types\/post"}],"author":[{"embeddable":true,"href":"https:\/\/agora.xtec.cat\/ceip-valdelors-vandellos\/wp-json\/wp\/v2\/users\/6"}],"replies":[{"embeddable":true,"href":"https:\/\/agora.xtec.cat\/ceip-valdelors-vandellos\/wp-json\/wp\/v2\/comments?post=12687"}],"version-history":[{"count":2,"href":"https:\/\/agora.xtec.cat\/ceip-valdelors-vandellos\/wp-json\/wp\/v2\/posts\/12687\/revisions"}],"predecessor-version":[{"id":12715,"href":"https:\/\/agora.xtec.cat\/ceip-valdelors-vandellos\/wp-json\/wp\/v2\/posts\/12687\/revisions\/12715"}],"wp:featuredmedia":[{"embeddable":true,"href":"https:\/\/agora.xtec.cat\/ceip-valdelors-vandellos\/wp-json\/wp\/v2\/media\/12688"}],"wp:attachment":[{"href":"https:\/\/agora.xtec.cat\/ceip-valdelors-vandellos\/wp-json\/wp\/v2\/media?parent=12687"}],"wp:term":[{"taxonomy":"category","embeddable":true,"href":"https:\/\/agora.xtec.cat\/ceip-valdelors-vandellos\/wp-json\/wp\/v2\/categories?post=12687"},{"taxonomy":"post_tag","embeddable":true,"href":"https:\/\/agora.xtec.cat\/ceip-valdelors-vandellos\/wp-json\/wp\/v2\/tags?post=12687"}],"curies":[{"name":"wp","href":"https:\/\/api.w.org\/{rel}","templated":true}]}}