{"id":12547,"date":"2025-03-30T20:11:53","date_gmt":"2025-03-30T18:11:53","guid":{"rendered":"https:\/\/agora.xtec.cat\/ceip-valdelors-vandellos\/?p=12547"},"modified":"2025-03-30T20:18:15","modified_gmt":"2025-03-30T18:18:15","slug":"felicitats-esportistes","status":"publish","type":"post","link":"https:\/\/agora.xtec.cat\/ceip-valdelors-vandellos\/portada\/felicitats-esportistes\/","title":{"rendered":"FELICITATS ESPORTISTES"},"content":{"rendered":"\n<p>El nostre alumnat fa esport a l&#8217;escola, practiquem esports, activitats esportives i participem en les olimp\u00edades escolars. Aquest curs ens hem presentat a esports d&#8217;equip i individuals.  Hem gaudit del futbol sala en les categories benjam\u00ed i alev\u00ed. <\/p>\n\n\n\n<p class=\"has-luminous-vivid-orange-color has-text-color has-link-color wp-elements-b7d159c9c2c3b25964292813b6b1145a\">En l&#8217;equip benjam\u00ed hem participat 15 esportistes: <strong>Biel, Marc M, Pau, Roger, Fatima, Sara, Jad, Elna, Eder, Cesc, Nora, Ares, \u00c0lex, Unai<\/strong>.<\/p>\n\n\n\n<figure class=\"wp-block-gallery has-nested-images columns-default is-cropped wp-block-gallery-1 is-layout-flex wp-block-gallery-is-layout-flex\">\n<figure class=\"wp-block-image size-large\"><a href=\"https:\/\/agora.xtec.cat\/ceip-valdelors-vandellos\/wp-content\/uploads\/usu1532\/2025\/03\/WhatsApp-Image-2025-03-10-at-18.19.12.jpeg\"><img loading=\"lazy\" decoding=\"async\" width=\"1024\" height=\"768\" data-id=\"12548\" src=\"https:\/\/agora.xtec.cat\/ceip-valdelors-vandellos\/wp-content\/uploads\/usu1532\/2025\/03\/WhatsApp-Image-2025-03-10-at-18.19.12-1024x768.jpeg\" alt=\"De nou una gran representaci\u00f3 de l'escola a les olimp\u00edades escolars.\" class=\"wp-image-12548\" srcset=\"https:\/\/agora.xtec.cat\/ceip-valdelors-vandellos\/wp-content\/uploads\/usu1532\/2025\/03\/WhatsApp-Image-2025-03-10-at-18.19.12-1024x768.jpeg 1024w, https:\/\/agora.xtec.cat\/ceip-valdelors-vandellos\/wp-content\/uploads\/usu1532\/2025\/03\/WhatsApp-Image-2025-03-10-at-18.19.12-300x225.jpeg 300w, https:\/\/agora.xtec.cat\/ceip-valdelors-vandellos\/wp-content\/uploads\/usu1532\/2025\/03\/WhatsApp-Image-2025-03-10-at-18.19.12-768x576.jpeg 768w, https:\/\/agora.xtec.cat\/ceip-valdelors-vandellos\/wp-content\/uploads\/usu1532\/2025\/03\/WhatsApp-Image-2025-03-10-at-18.19.12-1536x1152.jpeg 1536w, https:\/\/agora.xtec.cat\/ceip-valdelors-vandellos\/wp-content\/uploads\/usu1532\/2025\/03\/WhatsApp-Image-2025-03-10-at-18.19.12-200x150.jpeg 200w, https:\/\/agora.xtec.cat\/ceip-valdelors-vandellos\/wp-content\/uploads\/usu1532\/2025\/03\/WhatsApp-Image-2025-03-10-at-18.19.12.jpeg 2048w\" sizes=\"auto, (max-width: 1024px) 100vw, 1024px\" \/><\/a><\/figure>\n<\/figure>\n\n\n\n<p>En l&#8217;equip alev\u00ed vam participar: L&#8217;Arlet, \u00c0lex, Bruna, Biel, Mart\u00ed, Adri\u00e0, Abel, Lucas.<\/p>\n\n\n\n<figure class=\"wp-block-gallery has-nested-images columns-default is-cropped wp-block-gallery-2 is-layout-flex wp-block-gallery-is-layout-flex\">\n<figure class=\"wp-block-image size-large\"><a href=\"https:\/\/agora.xtec.cat\/ceip-valdelors-vandellos\/wp-content\/uploads\/usu1532\/2025\/03\/oLIMIADES-2025-3.jpg\"><img loading=\"lazy\" decoding=\"async\" width=\"1024\" height=\"768\" data-id=\"12549\" src=\"https:\/\/agora.xtec.cat\/ceip-valdelors-vandellos\/wp-content\/uploads\/usu1532\/2025\/03\/oLIMIADES-2025-3-1024x768.jpg\" alt=\"\" class=\"wp-image-12549\" srcset=\"https:\/\/agora.xtec.cat\/ceip-valdelors-vandellos\/wp-content\/uploads\/usu1532\/2025\/03\/oLIMIADES-2025-3-1024x768.jpg 1024w, https:\/\/agora.xtec.cat\/ceip-valdelors-vandellos\/wp-content\/uploads\/usu1532\/2025\/03\/oLIMIADES-2025-3-300x225.jpg 300w, https:\/\/agora.xtec.cat\/ceip-valdelors-vandellos\/wp-content\/uploads\/usu1532\/2025\/03\/oLIMIADES-2025-3-768x576.jpg 768w, https:\/\/agora.xtec.cat\/ceip-valdelors-vandellos\/wp-content\/uploads\/usu1532\/2025\/03\/oLIMIADES-2025-3-1536x1152.jpg 1536w, https:\/\/agora.xtec.cat\/ceip-valdelors-vandellos\/wp-content\/uploads\/usu1532\/2025\/03\/oLIMIADES-2025-3-200x150.jpg 200w, https:\/\/agora.xtec.cat\/ceip-valdelors-vandellos\/wp-content\/uploads\/usu1532\/2025\/03\/oLIMIADES-2025-3.jpg 1600w\" sizes=\"auto, (max-width: 1024px) 100vw, 1024px\" \/><\/a><\/figure>\n\n\n\n<figure class=\"wp-block-image size-large\"><a href=\"https:\/\/agora.xtec.cat\/ceip-valdelors-vandellos\/wp-content\/uploads\/usu1532\/2025\/03\/oLIMIADES-2025-2.jpg\"><img loading=\"lazy\" decoding=\"async\" width=\"1024\" height=\"768\" data-id=\"12550\" src=\"https:\/\/agora.xtec.cat\/ceip-valdelors-vandellos\/wp-content\/uploads\/usu1532\/2025\/03\/oLIMIADES-2025-2-1024x768.jpg\" alt=\"\" class=\"wp-image-12550\" srcset=\"https:\/\/agora.xtec.cat\/ceip-valdelors-vandellos\/wp-content\/uploads\/usu1532\/2025\/03\/oLIMIADES-2025-2-1024x768.jpg 1024w, https:\/\/agora.xtec.cat\/ceip-valdelors-vandellos\/wp-content\/uploads\/usu1532\/2025\/03\/oLIMIADES-2025-2-300x225.jpg 300w, https:\/\/agora.xtec.cat\/ceip-valdelors-vandellos\/wp-content\/uploads\/usu1532\/2025\/03\/oLIMIADES-2025-2-768x576.jpg 768w, https:\/\/agora.xtec.cat\/ceip-valdelors-vandellos\/wp-content\/uploads\/usu1532\/2025\/03\/oLIMIADES-2025-2-1536x1152.jpg 1536w, https:\/\/agora.xtec.cat\/ceip-valdelors-vandellos\/wp-content\/uploads\/usu1532\/2025\/03\/oLIMIADES-2025-2-200x150.jpg 200w, https:\/\/agora.xtec.cat\/ceip-valdelors-vandellos\/wp-content\/uploads\/usu1532\/2025\/03\/oLIMIADES-2025-2.jpg 1600w\" sizes=\"auto, (max-width: 1024px) 100vw, 1024px\" \/><\/a><\/figure>\n<\/figure>\n\n\n\n<p>En esports individuals la Bruna Sancho va participar en nataci\u00f3, Abel i la Nora Sastres i Ignasi Pino en escacs, el Biel S\u00e1nchez en tennis taula, el Biel Escoda i Adri\u00e0 Dom\u00e8nech en p\u00e0del.<\/p>\n\n\n\n<p>JUGADORS d&#8217;Escacs.<\/p>\n\n\n\n<figure class=\"wp-block-gallery has-nested-images columns-default is-cropped wp-block-gallery-3 is-layout-flex wp-block-gallery-is-layout-flex\">\n<figure class=\"wp-block-image size-large\"><a href=\"https:\/\/agora.xtec.cat\/ceip-valdelors-vandellos\/wp-content\/uploads\/usu1532\/2025\/03\/WhatsApp-Image-2025-03-28-at-21.32.01.jpeg\"><img loading=\"lazy\" decoding=\"async\" width=\"462\" height=\"1024\" data-id=\"12554\" src=\"https:\/\/agora.xtec.cat\/ceip-valdelors-vandellos\/wp-content\/uploads\/usu1532\/2025\/03\/WhatsApp-Image-2025-03-28-at-21.32.01-462x1024.jpeg\" alt=\"\" class=\"wp-image-12554\" srcset=\"https:\/\/agora.xtec.cat\/ceip-valdelors-vandellos\/wp-content\/uploads\/usu1532\/2025\/03\/WhatsApp-Image-2025-03-28-at-21.32.01-462x1024.jpeg 462w, https:\/\/agora.xtec.cat\/ceip-valdelors-vandellos\/wp-content\/uploads\/usu1532\/2025\/03\/WhatsApp-Image-2025-03-28-at-21.32.01-135x300.jpeg 135w, https:\/\/agora.xtec.cat\/ceip-valdelors-vandellos\/wp-content\/uploads\/usu1532\/2025\/03\/WhatsApp-Image-2025-03-28-at-21.32.01-768x1704.jpeg 768w, https:\/\/agora.xtec.cat\/ceip-valdelors-vandellos\/wp-content\/uploads\/usu1532\/2025\/03\/WhatsApp-Image-2025-03-28-at-21.32.01-692x1536.jpeg 692w, https:\/\/agora.xtec.cat\/ceip-valdelors-vandellos\/wp-content\/uploads\/usu1532\/2025\/03\/WhatsApp-Image-2025-03-28-at-21.32.01.jpeg 923w\" sizes=\"auto, (max-width: 462px) 100vw, 462px\" \/><\/a><\/figure>\n\n\n\n<figure class=\"wp-block-image size-large\"><a href=\"https:\/\/agora.xtec.cat\/ceip-valdelors-vandellos\/wp-content\/uploads\/usu1532\/2025\/03\/WhatsApp-Image-2025-03-28-at-21.47.06-1.jpeg\"><img loading=\"lazy\" decoding=\"async\" width=\"768\" height=\"1024\" data-id=\"12555\" src=\"https:\/\/agora.xtec.cat\/ceip-valdelors-vandellos\/wp-content\/uploads\/usu1532\/2025\/03\/WhatsApp-Image-2025-03-28-at-21.47.06-1-768x1024.jpeg\" alt=\"\" class=\"wp-image-12555\" srcset=\"https:\/\/agora.xtec.cat\/ceip-valdelors-vandellos\/wp-content\/uploads\/usu1532\/2025\/03\/WhatsApp-Image-2025-03-28-at-21.47.06-1-768x1024.jpeg 768w, https:\/\/agora.xtec.cat\/ceip-valdelors-vandellos\/wp-content\/uploads\/usu1532\/2025\/03\/WhatsApp-Image-2025-03-28-at-21.47.06-1-225x300.jpeg 225w, https:\/\/agora.xtec.cat\/ceip-valdelors-vandellos\/wp-content\/uploads\/usu1532\/2025\/03\/WhatsApp-Image-2025-03-28-at-21.47.06-1-1152x1536.jpeg 1152w, https:\/\/agora.xtec.cat\/ceip-valdelors-vandellos\/wp-content\/uploads\/usu1532\/2025\/03\/WhatsApp-Image-2025-03-28-at-21.47.06-1.jpeg 1536w\" sizes=\"auto, (max-width: 768px) 100vw, 768px\" \/><\/a><\/figure>\n\n\n\n<figure class=\"wp-block-image size-large\"><a href=\"https:\/\/agora.xtec.cat\/ceip-valdelors-vandellos\/wp-content\/uploads\/usu1532\/2025\/03\/WhatsApp-Image-2025-03-28-at-21.47.06.jpeg\"><img loading=\"lazy\" decoding=\"async\" width=\"768\" height=\"1024\" data-id=\"12557\" src=\"https:\/\/agora.xtec.cat\/ceip-valdelors-vandellos\/wp-content\/uploads\/usu1532\/2025\/03\/WhatsApp-Image-2025-03-28-at-21.47.06-768x1024.jpeg\" alt=\"\" class=\"wp-image-12557\" srcset=\"https:\/\/agora.xtec.cat\/ceip-valdelors-vandellos\/wp-content\/uploads\/usu1532\/2025\/03\/WhatsApp-Image-2025-03-28-at-21.47.06-768x1024.jpeg 768w, https:\/\/agora.xtec.cat\/ceip-valdelors-vandellos\/wp-content\/uploads\/usu1532\/2025\/03\/WhatsApp-Image-2025-03-28-at-21.47.06-225x300.jpeg 225w, https:\/\/agora.xtec.cat\/ceip-valdelors-vandellos\/wp-content\/uploads\/usu1532\/2025\/03\/WhatsApp-Image-2025-03-28-at-21.47.06-1152x1536.jpeg 1152w, https:\/\/agora.xtec.cat\/ceip-valdelors-vandellos\/wp-content\/uploads\/usu1532\/2025\/03\/WhatsApp-Image-2025-03-28-at-21.47.06.jpeg 1536w\" sizes=\"auto, (max-width: 768px) 100vw, 768px\" \/><\/a><\/figure>\n<\/figure>\n\n\n\n<div class=\"wp-block-group\"><div class=\"wp-block-group__inner-container is-layout-constrained wp-block-group-is-layout-constrained\">\n<div class=\"wp-block-columns is-layout-flex wp-container-core-columns-is-layout-1 wp-block-columns-is-layout-flex\">\n<div class=\"wp-block-column is-layout-flow wp-block-column-is-layout-flow\" style=\"flex-basis:100%\">\n<figure class=\"wp-block-gallery has-nested-images columns-default is-cropped wp-block-gallery-4 is-layout-flex wp-block-gallery-is-layout-flex\">\n<figure class=\"wp-block-image size-large\"><a href=\"https:\/\/agora.xtec.cat\/ceip-valdelors-vandellos\/wp-content\/uploads\/usu1532\/2025\/03\/oLIMIADES-2025-2.jpeg\"><img loading=\"lazy\" decoding=\"async\" width=\"768\" height=\"1024\" src=\"https:\/\/agora.xtec.cat\/ceip-valdelors-vandellos\/wp-content\/uploads\/usu1532\/2025\/03\/oLIMIADES-2025-2-768x1024.jpeg\" alt=\"\" class=\"wp-image-12551\" srcset=\"https:\/\/agora.xtec.cat\/ceip-valdelors-vandellos\/wp-content\/uploads\/usu1532\/2025\/03\/oLIMIADES-2025-2-768x1024.jpeg 768w, https:\/\/agora.xtec.cat\/ceip-valdelors-vandellos\/wp-content\/uploads\/usu1532\/2025\/03\/oLIMIADES-2025-2-225x300.jpeg 225w, https:\/\/agora.xtec.cat\/ceip-valdelors-vandellos\/wp-content\/uploads\/usu1532\/2025\/03\/oLIMIADES-2025-2-1152x1536.jpeg 1152w, https:\/\/agora.xtec.cat\/ceip-valdelors-vandellos\/wp-content\/uploads\/usu1532\/2025\/03\/oLIMIADES-2025-2.jpeg 1536w\" sizes=\"auto, (max-width: 768px) 100vw, 768px\" \/><\/a><\/figure>\n\n\n\n<figure class=\"wp-block-image size-large\"><a href=\"https:\/\/agora.xtec.cat\/ceip-valdelors-vandellos\/wp-content\/uploads\/usu1532\/2025\/03\/oLIMIADES-2025-4.jpeg\"><img loading=\"lazy\" decoding=\"async\" width=\"576\" height=\"1024\" src=\"https:\/\/agora.xtec.cat\/ceip-valdelors-vandellos\/wp-content\/uploads\/usu1532\/2025\/03\/oLIMIADES-2025-4-576x1024.jpeg\" alt=\"\" class=\"wp-image-12558\" srcset=\"https:\/\/agora.xtec.cat\/ceip-valdelors-vandellos\/wp-content\/uploads\/usu1532\/2025\/03\/oLIMIADES-2025-4-576x1024.jpeg 576w, https:\/\/agora.xtec.cat\/ceip-valdelors-vandellos\/wp-content\/uploads\/usu1532\/2025\/03\/oLIMIADES-2025-4-169x300.jpeg 169w, https:\/\/agora.xtec.cat\/ceip-valdelors-vandellos\/wp-content\/uploads\/usu1532\/2025\/03\/oLIMIADES-2025-4-768x1365.jpeg 768w, https:\/\/agora.xtec.cat\/ceip-valdelors-vandellos\/wp-content\/uploads\/usu1532\/2025\/03\/oLIMIADES-2025-4-864x1536.jpeg 864w, https:\/\/agora.xtec.cat\/ceip-valdelors-vandellos\/wp-content\/uploads\/usu1532\/2025\/03\/oLIMIADES-2025-4.jpeg 1080w\" sizes=\"auto, (max-width: 576px) 100vw, 576px\" \/><\/a><\/figure>\n\n\n\n<figure class=\"wp-block-image size-large\"><a href=\"https:\/\/agora.xtec.cat\/ceip-valdelors-vandellos\/wp-content\/uploads\/usu1532\/2025\/03\/WhatsApp-Image-2025-03-28-at-21.47.07.jpeg\"><img loading=\"lazy\" decoding=\"async\" width=\"768\" height=\"1024\" src=\"https:\/\/agora.xtec.cat\/ceip-valdelors-vandellos\/wp-content\/uploads\/usu1532\/2025\/03\/WhatsApp-Image-2025-03-28-at-21.47.07-768x1024.jpeg\" alt=\"\" class=\"wp-image-12556\" srcset=\"https:\/\/agora.xtec.cat\/ceip-valdelors-vandellos\/wp-content\/uploads\/usu1532\/2025\/03\/WhatsApp-Image-2025-03-28-at-21.47.07-768x1024.jpeg 768w, https:\/\/agora.xtec.cat\/ceip-valdelors-vandellos\/wp-content\/uploads\/usu1532\/2025\/03\/WhatsApp-Image-2025-03-28-at-21.47.07-225x300.jpeg 225w, https:\/\/agora.xtec.cat\/ceip-valdelors-vandellos\/wp-content\/uploads\/usu1532\/2025\/03\/WhatsApp-Image-2025-03-28-at-21.47.07-1152x1536.jpeg 1152w, https:\/\/agora.xtec.cat\/ceip-valdelors-vandellos\/wp-content\/uploads\/usu1532\/2025\/03\/WhatsApp-Image-2025-03-28-at-21.47.07.jpeg 1536w\" sizes=\"auto, (max-width: 768px) 100vw, 768px\" \/><\/a><\/figure>\n<\/figure>\n<\/div>\n<\/div>\n<\/div><\/div>\n\n\n\n<div class=\"wp-block-cover\"><span aria-hidden=\"true\" class=\"wp-block-cover__background has-background-dim\"><\/span><img loading=\"lazy\" decoding=\"async\" width=\"1024\" height=\"576\" class=\"wp-block-cover__image-background wp-image-12552\" alt=\"\" src=\"https:\/\/agora.xtec.cat\/ceip-valdelors-vandellos\/wp-content\/uploads\/usu1532\/2025\/03\/oLIMIADES-2025-3-1024x576.jpeg\" data-object-fit=\"cover\" srcset=\"https:\/\/agora.xtec.cat\/ceip-valdelors-vandellos\/wp-content\/uploads\/usu1532\/2025\/03\/oLIMIADES-2025-3-1024x576.jpeg 1024w, https:\/\/agora.xtec.cat\/ceip-valdelors-vandellos\/wp-content\/uploads\/usu1532\/2025\/03\/oLIMIADES-2025-3-300x169.jpeg 300w, https:\/\/agora.xtec.cat\/ceip-valdelors-vandellos\/wp-content\/uploads\/usu1532\/2025\/03\/oLIMIADES-2025-3-768x432.jpeg 768w, https:\/\/agora.xtec.cat\/ceip-valdelors-vandellos\/wp-content\/uploads\/usu1532\/2025\/03\/oLIMIADES-2025-3-1536x864.jpeg 1536w, https:\/\/agora.xtec.cat\/ceip-valdelors-vandellos\/wp-content\/uploads\/usu1532\/2025\/03\/oLIMIADES-2025-3.jpeg 1920w\" sizes=\"auto, (max-width: 1024px) 100vw, 1024px\" \/><div class=\"wp-block-cover__inner-container is-layout-flow wp-block-cover-is-layout-flow\">\n<p class=\"has-text-align-center has-large-font-size\">Una gran participaci\u00f3 <\/p>\n<\/div><\/div>\n\n\n\n\n\n<p>Participar en les olimp\u00edades, fer esport a l&#8217;escola, ens permet fer ESCOLA, ens ajuda a contribuir al gran potencial integrador i de de cohesi\u00f3 social que facilita l&#8217;esport. Tamb\u00e9&nbsp; ens ajuda a crear  d&#8217;h\u00e0bits saludables i formar els alumnes en els valors ciutadans. Volem donar les gr\u00e0cies als esportistes, a les fam\u00edlies, al patronat d&#8217;esports  i als mestres pels moments viscuts junts<\/p>\n\n\n\n<figure class=\"wp-block-gallery has-nested-images columns-default is-cropped wp-block-gallery-5 is-layout-flex wp-block-gallery-is-layout-flex\"><\/figure>\n\n\n\n<figure class=\"wp-block-gallery has-nested-images columns-default is-cropped wp-block-gallery-6 is-layout-flex wp-block-gallery-is-layout-flex\"><\/figure>\n\n\n\n<figure class=\"wp-block-gallery has-nested-images columns-default is-cropped wp-block-gallery-7 is-layout-flex wp-block-gallery-is-layout-flex\"><\/figure>\n\n\n\n<figure class=\"wp-block-gallery has-nested-images columns-default is-cropped wp-block-gallery-8 is-layout-flex wp-block-gallery-is-layout-flex\"><\/figure>\n\n\n","protected":false},"excerpt":{"rendered":"<p>Felicitats campions perqu\u00e8 guanyar \u00e9s superar-se a tu mateix.&hellip;  <a href=\"https:\/\/agora.xtec.cat\/ceip-valdelors-vandellos\/portada\/felicitats-esportistes\/\" title=\"Read FELICITATS ESPORTISTES\">Llegeix m\u00e9s\u00bb<\/a><\/p>\n","protected":false},"author":6,"featured_media":12560,"comment_status":"open","ping_status":"open","sticky":false,"template":"","format":"standard","meta":{"_bbp_topic_count":0,"_bbp_reply_count":0,"_bbp_total_topic_count":0,"_bbp_total_reply_count":0,"_bbp_voice_count":0,"_bbp_anonymous_reply_count":0,"_bbp_topic_count_hidden":0,"_bbp_reply_count_hidden":0,"_bbp_forum_subforum_count":0,"footnotes":""},"categories":[60,59,58,4,98],"tags":[82],"class_list":["post-12547","post","type-post","status-publish","format-standard","has-post-thumbnail","hentry","category-cicle-superior-i-4t","category-cicle-inicial-i-3r","category-educacio-infantil","category-portada","category-pla-catala-de-lesport","tag-orgullosos"],"post_mailing_queue_ids":[],"_links":{"self":[{"href":"https:\/\/agora.xtec.cat\/ceip-valdelors-vandellos\/wp-json\/wp\/v2\/posts\/12547","targetHints":{"allow":["GET"]}}],"collection":[{"href":"https:\/\/agora.xtec.cat\/ceip-valdelors-vandellos\/wp-json\/wp\/v2\/posts"}],"about":[{"href":"https:\/\/agora.xtec.cat\/ceip-valdelors-vandellos\/wp-json\/wp\/v2\/types\/post"}],"author":[{"embeddable":true,"href":"https:\/\/agora.xtec.cat\/ceip-valdelors-vandellos\/wp-json\/wp\/v2\/users\/6"}],"replies":[{"embeddable":true,"href":"https:\/\/agora.xtec.cat\/ceip-valdelors-vandellos\/wp-json\/wp\/v2\/comments?post=12547"}],"version-history":[{"count":3,"href":"https:\/\/agora.xtec.cat\/ceip-valdelors-vandellos\/wp-json\/wp\/v2\/posts\/12547\/revisions"}],"predecessor-version":[{"id":12561,"href":"https:\/\/agora.xtec.cat\/ceip-valdelors-vandellos\/wp-json\/wp\/v2\/posts\/12547\/revisions\/12561"}],"wp:featuredmedia":[{"embeddable":true,"href":"https:\/\/agora.xtec.cat\/ceip-valdelors-vandellos\/wp-json\/wp\/v2\/media\/12560"}],"wp:attachment":[{"href":"https:\/\/agora.xtec.cat\/ceip-valdelors-vandellos\/wp-json\/wp\/v2\/media?parent=12547"}],"wp:term":[{"taxonomy":"category","embeddable":true,"href":"https:\/\/agora.xtec.cat\/ceip-valdelors-vandellos\/wp-json\/wp\/v2\/categories?post=12547"},{"taxonomy":"post_tag","embeddable":true,"href":"https:\/\/agora.xtec.cat\/ceip-valdelors-vandellos\/wp-json\/wp\/v2\/tags?post=12547"}],"curies":[{"name":"wp","href":"https:\/\/api.w.org\/{rel}","templated":true}]}}