{"id":1254,"date":"2017-06-05T13:03:45","date_gmt":"2017-06-05T11:03:45","guid":{"rendered":"http:\/\/agora.xtec.cat\/ceip-valdelors-vandellos\/?p=1254"},"modified":"2017-06-28T13:10:05","modified_gmt":"2017-06-28T11:10:05","slug":"la-cova-de-la-prehistoria","status":"publish","type":"post","link":"https:\/\/agora.xtec.cat\/ceip-valdelors-vandellos\/portada\/la-cova-de-la-prehistoria\/","title":{"rendered":"LA COVA DE LA PREHIST\u00d2RIA"},"content":{"rendered":"<p>&nbsp;<\/p>\n<p>Gr\u00e0cies a les mares i pares, a la nostra classe d&#8217;Educaci\u00f3 Infantil tenim una cova de la prehist\u00f2ria!!<\/p>\n<p><a href=\"http:\/\/agora.xtec.cat\/ceip-valdelors-vandellos\/wp-content\/uploads\/usu1532\/2017\/06\/IMG_20170605_095049-min.jpg\"><img loading=\"lazy\" decoding=\"async\" class=\"aligncenter wp-image-1301 size-medium\" src=\"http:\/\/agora.xtec.cat\/ceip-valdelors-vandellos\/wp-content\/uploads\/usu1532\/2017\/06\/IMG_20170605_095049-min-300x225.jpg\" alt=\"IMG_20170605_095049-min\" width=\"300\" height=\"225\" \/><\/a><\/p>\n<p>Cada dimecres a l&#8217;hora de projecte (de la prehist\u00f2ria), vam rebre la visita i l&#8217;ajuda dels pares i mares per a construir mica en mica una cova dintre de la nostra classe.<\/p>\n<p>En primer lloc vam medir el lloc, per despr\u00e9s construir una estructura amb canyes. Despr\u00e9s, vam pintar uns cartells de murals amb pintures i pincells, per despr\u00e9s afegir el toc de pintures rupestres que vam pintar amb els dits.<\/p>\n<p>Vam anar construint la cova amb aquest murals, tant per dintre com per fora, i despr\u00e9s vam afegir uns sacs al damunt per fer-la mes fosca.<\/p>\n<p>Finalment, vam construir un foc artificial amb llenya i una bombeta vermella.<\/p>\n<p>Ha quedat impressionant!!!<\/p>\n<p>Moltes gr\u00e0cies als pares i mares per la vostra ajuda i col\u00b7laboraci\u00f3!<\/p>\n<p>&nbsp;<\/p>\n<p>Aqu\u00ed podeu veure totes les fotos de la construcci\u00f3 de la nostra cova de la prehist\u00f2ria: <a href=\"https:\/\/goo.gl\/photos\/HPsWiaFi55z7xMXQ6\">https:\/\/goo.gl\/photos\/HPsWiaFi55z7xMXQ6<\/a><\/p>\n<p><a href=\"http:\/\/agora.xtec.cat\/ceip-valdelors-vandellos\/wp-content\/uploads\/usu1532\/2017\/06\/IMG_20170605_095516-min.jpg\"><img loading=\"lazy\" decoding=\"async\" class=\"aligncenter wp-image-1323 size-medium\" src=\"http:\/\/agora.xtec.cat\/ceip-valdelors-vandellos\/wp-content\/uploads\/usu1532\/2017\/06\/IMG_20170605_095516-min-300x225.jpg\" alt=\"IMG_20170605_095516-min\" width=\"300\" height=\"225\" srcset=\"https:\/\/agora.xtec.cat\/ceip-valdelors-vandellos\/wp-content\/uploads\/usu1532\/2017\/06\/IMG_20170605_095516-min-300x225.jpg 300w, https:\/\/agora.xtec.cat\/ceip-valdelors-vandellos\/wp-content\/uploads\/usu1532\/2017\/06\/IMG_20170605_095516-min-768x576.jpg 768w, https:\/\/agora.xtec.cat\/ceip-valdelors-vandellos\/wp-content\/uploads\/usu1532\/2017\/06\/IMG_20170605_095516-min-1024x768.jpg 1024w, https:\/\/agora.xtec.cat\/ceip-valdelors-vandellos\/wp-content\/uploads\/usu1532\/2017\/06\/IMG_20170605_095516-min-200x150.jpg 200w\" sizes=\"auto, (max-width: 300px) 100vw, 300px\" \/><\/a><\/p>\n","protected":false},"excerpt":{"rendered":"<p>&nbsp;<br \/>\nGr\u00e0cies a les mares i pares, a la nostra classe d&#8217;Educaci\u00f3 Infantil tenim una cova de la prehist\u00f2ria!!<br \/>\n<a href=\"http:\/\/agora.xtec.cat\/ceip-valdelors-vandellos\/wp-content\/uploads\/usu1532\/2017\/06\/IMG_20170605_095049-min.jpg\"><\/a><br \/>\nCada dimecres a l&#8217;hora de projecte (de la prehist\u00f2ria), vam rebre la visita i l&#8217;ajuda dels pares i mares per a construir mica en mica una cova&hellip;  <a href=\"https:\/\/agora.xtec.cat\/ceip-valdelors-vandellos\/portada\/la-cova-de-la-prehistoria\/\" title=\"Read LA COVA DE LA PREHIST\u00d2RIA\">Llegeix m\u00e9s\u00bb<\/a><\/p>\n","protected":false},"author":1,"featured_media":1301,"comment_status":"closed","ping_status":"closed","sticky":false,"template":"","format":"standard","meta":{"_bbp_topic_count":0,"_bbp_reply_count":0,"_bbp_total_topic_count":0,"_bbp_total_reply_count":0,"_bbp_voice_count":0,"_bbp_anonymous_reply_count":0,"_bbp_topic_count_hidden":0,"_bbp_reply_count_hidden":0,"_bbp_forum_subforum_count":0,"footnotes":""},"categories":[58,4],"tags":[],"class_list":["post-1254","post","type-post","status-publish","format-standard","has-post-thumbnail","hentry","category-educacio-infantil","category-portada"],"post_mailing_queue_ids":[],"_links":{"self":[{"href":"https:\/\/agora.xtec.cat\/ceip-valdelors-vandellos\/wp-json\/wp\/v2\/posts\/1254","targetHints":{"allow":["GET"]}}],"collection":[{"href":"https:\/\/agora.xtec.cat\/ceip-valdelors-vandellos\/wp-json\/wp\/v2\/posts"}],"about":[{"href":"https:\/\/agora.xtec.cat\/ceip-valdelors-vandellos\/wp-json\/wp\/v2\/types\/post"}],"author":[{"embeddable":true,"href":"https:\/\/agora.xtec.cat\/ceip-valdelors-vandellos\/wp-json\/wp\/v2\/users\/1"}],"replies":[{"embeddable":true,"href":"https:\/\/agora.xtec.cat\/ceip-valdelors-vandellos\/wp-json\/wp\/v2\/comments?post=1254"}],"version-history":[{"count":3,"href":"https:\/\/agora.xtec.cat\/ceip-valdelors-vandellos\/wp-json\/wp\/v2\/posts\/1254\/revisions"}],"predecessor-version":[{"id":1324,"href":"https:\/\/agora.xtec.cat\/ceip-valdelors-vandellos\/wp-json\/wp\/v2\/posts\/1254\/revisions\/1324"}],"wp:featuredmedia":[{"embeddable":true,"href":"https:\/\/agora.xtec.cat\/ceip-valdelors-vandellos\/wp-json\/wp\/v2\/media\/1301"}],"wp:attachment":[{"href":"https:\/\/agora.xtec.cat\/ceip-valdelors-vandellos\/wp-json\/wp\/v2\/media?parent=1254"}],"wp:term":[{"taxonomy":"category","embeddable":true,"href":"https:\/\/agora.xtec.cat\/ceip-valdelors-vandellos\/wp-json\/wp\/v2\/categories?post=1254"},{"taxonomy":"post_tag","embeddable":true,"href":"https:\/\/agora.xtec.cat\/ceip-valdelors-vandellos\/wp-json\/wp\/v2\/tags?post=1254"}],"curies":[{"name":"wp","href":"https:\/\/api.w.org\/{rel}","templated":true}]}}