{"id":12131,"date":"2024-12-21T21:08:02","date_gmt":"2024-12-21T20:08:02","guid":{"rendered":"https:\/\/agora.xtec.cat\/ceip-valdelors-vandellos\/?p=12131"},"modified":"2024-12-21T21:08:02","modified_gmt":"2024-12-21T20:08:02","slug":"festival-de-nadal-2","status":"publish","type":"post","link":"https:\/\/agora.xtec.cat\/ceip-valdelors-vandellos\/portada\/festival-de-nadal-2\/","title":{"rendered":"FESTIVAL DE NADAL"},"content":{"rendered":"<p>Al Valdelors les festes es celebren sempre amb una gran intensitat. El Nadal i el solstici d&#8217;hivern \u00e9s un gran moment per l&#8217;escola. Des de l&#8217;\u00e0rea art\u00edstica es preparar tot un festival amb l&#8217;ajuda de totes i tots, mestres, alumnes i fam\u00edlies.<\/p>\n<p><iframe loading=\"lazy\" title=\"Resum del festival de Nadal\" width=\"500\" height=\"281\" src=\"https:\/\/www.youtube.com\/embed\/kJ3kg6aKPQg?feature=oembed\" frameborder=\"0\" allow=\"accelerometer; autoplay; clipboard-write; encrypted-media; gyroscope; picture-in-picture; web-share\" referrerpolicy=\"strict-origin-when-cross-origin\" allowfullscreen><\/iframe><\/p>\n<p>Poques coses podem dir m\u00e9s que&#8230; M\u00c0GIA, ART, M\u00daSICA,CREATIVITAT, ESFOR\u00c7, TREBALL EN EQUIP.<\/p>\n<p>Mireu quina passada<\/p>\n<p><iframe loading=\"lazy\" title=\"Festival de Nadal 2024\" width=\"500\" height=\"281\" src=\"https:\/\/www.youtube.com\/embed\/nF43aeLGx0k?feature=oembed\" frameborder=\"0\" allow=\"accelerometer; autoplay; clipboard-write; encrypted-media; gyroscope; picture-in-picture; web-share\" referrerpolicy=\"strict-origin-when-cross-origin\" allowfullscreen><\/iframe><\/p>\n<p>&nbsp;<\/p>\n<p>&nbsp;<\/p>\n<p>&nbsp;<\/p>\n","protected":false},"excerpt":{"rendered":"<p>Creativitat, treball en equip, festes i celebracions al Valdelors GAUDIM D&#8217;AQUESTA FORMA D&#8217;APRENDRE.&hellip;  <a href=\"https:\/\/agora.xtec.cat\/ceip-valdelors-vandellos\/portada\/festival-de-nadal-2\/\" title=\"Read FESTIVAL DE NADAL\">Llegeix m\u00e9s\u00bb<\/a><\/p>\n","protected":false},"author":6,"featured_media":12132,"comment_status":"open","ping_status":"closed","sticky":false,"template":"","format":"standard","meta":{"_bbp_topic_count":0,"_bbp_reply_count":0,"_bbp_total_topic_count":0,"_bbp_total_reply_count":0,"_bbp_voice_count":0,"_bbp_anonymous_reply_count":0,"_bbp_topic_count_hidden":0,"_bbp_reply_count_hidden":0,"_bbp_forum_subforum_count":0,"footnotes":""},"categories":[60,59,58,61,4],"tags":[106,82,95],"class_list":["post-12131","post","type-post","status-publish","format-standard","has-post-thumbnail","hentry","category-cicle-superior-i-4t","category-cicle-inicial-i-3r","category-educacio-infantil","category-families","category-portada","tag-fem-cami-junts","tag-orgullosos","tag-tradicions"],"post_mailing_queue_ids":[],"_links":{"self":[{"href":"https:\/\/agora.xtec.cat\/ceip-valdelors-vandellos\/wp-json\/wp\/v2\/posts\/12131","targetHints":{"allow":["GET"]}}],"collection":[{"href":"https:\/\/agora.xtec.cat\/ceip-valdelors-vandellos\/wp-json\/wp\/v2\/posts"}],"about":[{"href":"https:\/\/agora.xtec.cat\/ceip-valdelors-vandellos\/wp-json\/wp\/v2\/types\/post"}],"author":[{"embeddable":true,"href":"https:\/\/agora.xtec.cat\/ceip-valdelors-vandellos\/wp-json\/wp\/v2\/users\/6"}],"replies":[{"embeddable":true,"href":"https:\/\/agora.xtec.cat\/ceip-valdelors-vandellos\/wp-json\/wp\/v2\/comments?post=12131"}],"version-history":[{"count":1,"href":"https:\/\/agora.xtec.cat\/ceip-valdelors-vandellos\/wp-json\/wp\/v2\/posts\/12131\/revisions"}],"predecessor-version":[{"id":12133,"href":"https:\/\/agora.xtec.cat\/ceip-valdelors-vandellos\/wp-json\/wp\/v2\/posts\/12131\/revisions\/12133"}],"wp:featuredmedia":[{"embeddable":true,"href":"https:\/\/agora.xtec.cat\/ceip-valdelors-vandellos\/wp-json\/wp\/v2\/media\/12132"}],"wp:attachment":[{"href":"https:\/\/agora.xtec.cat\/ceip-valdelors-vandellos\/wp-json\/wp\/v2\/media?parent=12131"}],"wp:term":[{"taxonomy":"category","embeddable":true,"href":"https:\/\/agora.xtec.cat\/ceip-valdelors-vandellos\/wp-json\/wp\/v2\/categories?post=12131"},{"taxonomy":"post_tag","embeddable":true,"href":"https:\/\/agora.xtec.cat\/ceip-valdelors-vandellos\/wp-json\/wp\/v2\/tags?post=12131"}],"curies":[{"name":"wp","href":"https:\/\/api.w.org\/{rel}","templated":true}]}}