{"id":11108,"date":"2024-05-12T20:40:02","date_gmt":"2024-05-12T18:40:02","guid":{"rendered":"https:\/\/agora.xtec.cat\/ceip-valdelors-vandellos\/?p=11108"},"modified":"2024-05-12T20:40:33","modified_gmt":"2024-05-12T18:40:33","slug":"ens-visita-joan-jardi","status":"publish","type":"post","link":"https:\/\/agora.xtec.cat\/ceip-valdelors-vandellos\/general\/ens-visita-joan-jardi\/","title":{"rendered":"ENS VISITA JOAN JARD\u00cd"},"content":{"rendered":"<p>En el projecte sobre persones importants del municipi hem tingut la sort de compartir espai i temps amb esportistes de casa nostra com el Joan, El passat dimarts 30 d&#8217;abril ens va visitar el <strong>Joan Jard\u00ed\u00a0<\/strong> a l&#8217;escola.<a href=\"https:\/\/agora.xtec.cat\/ceip-valdelors-vandellos\/wp-content\/uploads\/usu1532\/2024\/05\/citius.jpg\"><img loading=\"lazy\" decoding=\"async\" class=\"wp-image-11109 alignright\" src=\"https:\/\/agora.xtec.cat\/ceip-valdelors-vandellos\/wp-content\/uploads\/usu1532\/2024\/05\/citius.jpg\" alt=\"\" width=\"156\" height=\"208\" srcset=\"https:\/\/agora.xtec.cat\/ceip-valdelors-vandellos\/wp-content\/uploads\/usu1532\/2024\/05\/citius.jpg 750w, https:\/\/agora.xtec.cat\/ceip-valdelors-vandellos\/wp-content\/uploads\/usu1532\/2024\/05\/citius-225x300.jpg 225w\" sizes=\"auto, (max-width: 156px) 100vw, 156px\" \/><\/a><\/p>\n<p><strong>\u00c9s un esportista d&#8217;elit que del nostre municipi<\/strong>, i amb la seva xerrada ens va donar els ingredients per arribar MOLT ALT, MOLT FORT, MOLT R\u00c0PID, en els nostre reptes i projectes.<\/p>\n<p>Ens va encantar tot el que ens va explicar i ens va permetre con\u00e8ixer el\u00a0 seu esport: el patinatge art\u00edstic.<\/p>\n<p>El Joan \u00e9s medallista als europeus i mundials en les modalitats que practica, es solitari i en duo.<\/p>\n<blockquote>\n<h5>ESFOR\u00c7, CONST\u00c0NCIA, TREBALL DUR, PASSI\u00d3, TREBALL EN EQUIP&#8230; Aquestes s\u00f3n les paraules que m\u00e9s ens va anar dient, aix\u00ed com un gran agra\u00efment\u00a0 a la seva fam\u00edlia que el recolza i l&#8217;ajuda.<\/h5>\n<\/blockquote>\n<p>Actualment el Joan entrena a Torredembarra i al Centre d&#8217;Alt Rendiment de Sant Cugat. Gr\u00e0cies Joan per la teva lli\u00e7\u00f3 als petits i grans esportistes de Vandell\u00f2s .<\/p>\n\r\n\t<div class=\"slideshow_container slideshow_container_style-light\" style=\"height: 400px; \" data-slideshow-id=\"11122\" data-style-name=\"style-light\" data-style-version=\"2.3.1\" >\r\n\r\n\t\t\t\t\t<div class=\"slideshow_loading_icon\"><\/div>\r\n\t\t\r\n\t\t<div class=\"slideshow_content\" style=\"display: none;\">\r\n\r\n\t\t\t<div class=\"slideshow_view\">\r\n\t\t\t\t<div class=\"slideshow_slide slideshow_slide_image\">\r\n\t\t\t\t\t\t\t\t\t\t\t<img src=\"https:\/\/agora.xtec.cat\/ceip-valdelors-vandellos\/wp-content\/uploads\/usu1532\/2024\/05\/IMG_20240430_125418-scaled.jpg\" alt=\"IMG_20240430_125418\" width=\"2560\" height=\"1920\" \/>\r\n\t\t\t\t\t\t\t\t\t\t<div class=\"slideshow_description_box slideshow_transparent\">\r\n\t\t\t\t\t\t\t\t\t\t\t\t\t\t\t\t\t<\/div>\r\n\t\t\t\t<\/div>\r\n\r\n\t\t\t\t\t\t<div style=\"clear: both;\"><\/div><\/div><div class=\"slideshow_view\">\r\n\t\t\t\t<div class=\"slideshow_slide slideshow_slide_image\">\r\n\t\t\t\t\t\t\t\t\t\t\t<img src=\"https:\/\/agora.xtec.cat\/ceip-valdelors-vandellos\/wp-content\/uploads\/usu1532\/2024\/05\/IMG_20240430_125436-scaled.jpg\" alt=\"IMG_20240430_125436\" width=\"2560\" height=\"1920\" \/>\r\n\t\t\t\t\t\t\t\t\t\t<div class=\"slideshow_description_box slideshow_transparent\">\r\n\t\t\t\t\t\t\t\t\t\t\t\t\t\t\t\t\t<\/div>\r\n\t\t\t\t<\/div>\r\n\r\n\t\t\t\t\t\t<div style=\"clear: both;\"><\/div><\/div><div class=\"slideshow_view\">\r\n\t\t\t\t<div class=\"slideshow_slide slideshow_slide_image\">\r\n\t\t\t\t\t\t\t\t\t\t\t<img src=\"https:\/\/agora.xtec.cat\/ceip-valdelors-vandellos\/wp-content\/uploads\/usu1532\/2024\/05\/IMG_20240430_125452-scaled.jpg\" alt=\"IMG_20240430_125452\" width=\"2560\" height=\"1920\" \/>\r\n\t\t\t\t\t\t\t\t\t\t<div class=\"slideshow_description_box slideshow_transparent\">\r\n\t\t\t\t\t\t\t\t\t\t\t\t\t\t\t\t\t<\/div>\r\n\t\t\t\t<\/div>\r\n\r\n\t\t\t\t\t\t<div style=\"clear: both;\"><\/div><\/div><div class=\"slideshow_view\">\r\n\t\t\t\t<div class=\"slideshow_slide slideshow_slide_image\">\r\n\t\t\t\t\t\t\t\t\t\t\t<img src=\"https:\/\/agora.xtec.cat\/ceip-valdelors-vandellos\/wp-content\/uploads\/usu1532\/2024\/05\/IMG_20240430_125625-scaled.jpg\" alt=\"IMG_20240430_125625\" width=\"2560\" height=\"1920\" \/>\r\n\t\t\t\t\t\t\t\t\t\t<div class=\"slideshow_description_box slideshow_transparent\">\r\n\t\t\t\t\t\t\t\t\t\t\t\t\t\t\t\t\t<\/div>\r\n\t\t\t\t<\/div>\r\n\r\n\t\t\t\t\t\t<div style=\"clear: both;\"><\/div><\/div><div class=\"slideshow_view\">\r\n\t\t\t\t<div class=\"slideshow_slide slideshow_slide_image\">\r\n\t\t\t\t\t\t\t\t\t\t\t<img src=\"https:\/\/agora.xtec.cat\/ceip-valdelors-vandellos\/wp-content\/uploads\/usu1532\/2024\/05\/IMG_20240430_130202-scaled.jpg\" alt=\"IMG_20240430_130202\" width=\"2560\" height=\"1920\" \/>\r\n\t\t\t\t\t\t\t\t\t\t<div class=\"slideshow_description_box slideshow_transparent\">\r\n\t\t\t\t\t\t\t\t\t\t\t\t\t\t\t\t\t<\/div>\r\n\t\t\t\t<\/div>\r\n\r\n\t\t\t\t\t\t<div style=\"clear: both;\"><\/div><\/div><div class=\"slideshow_view\">\r\n\t\t\t\t<div class=\"slideshow_slide slideshow_slide_image\">\r\n\t\t\t\t\t\t\t\t\t\t\t<img src=\"https:\/\/agora.xtec.cat\/ceip-valdelors-vandellos\/wp-content\/uploads\/usu1532\/2024\/05\/IMG_20240430_130432-scaled.jpg\" alt=\"IMG_20240430_130432\" width=\"1920\" height=\"2560\" \/>\r\n\t\t\t\t\t\t\t\t\t\t<div class=\"slideshow_description_box slideshow_transparent\">\r\n\t\t\t\t\t\t\t\t\t\t\t\t\t\t\t\t\t<\/div>\r\n\t\t\t\t<\/div>\r\n\r\n\t\t\t\t\t\t<div style=\"clear: both;\"><\/div><\/div><div class=\"slideshow_view\">\r\n\t\t\t\t<div class=\"slideshow_slide slideshow_slide_image\">\r\n\t\t\t\t\t\t\t\t\t\t\t<img src=\"https:\/\/agora.xtec.cat\/ceip-valdelors-vandellos\/wp-content\/uploads\/usu1532\/2024\/05\/IMG_20240430_130441-scaled.jpg\" alt=\"IMG_20240430_130441\" width=\"1920\" height=\"2560\" \/>\r\n\t\t\t\t\t\t\t\t\t\t<div class=\"slideshow_description_box slideshow_transparent\">\r\n\t\t\t\t\t\t\t\t\t\t\t\t\t\t\t\t\t<\/div>\r\n\t\t\t\t<\/div>\r\n\r\n\t\t\t\t\t\t<div style=\"clear: both;\"><\/div><\/div><div class=\"slideshow_view\">\r\n\t\t\t\t<div class=\"slideshow_slide slideshow_slide_image\">\r\n\t\t\t\t\t\t\t\t\t\t\t<img src=\"https:\/\/agora.xtec.cat\/ceip-valdelors-vandellos\/wp-content\/uploads\/usu1532\/2024\/05\/IMG_20240430_131249-scaled.jpg\" alt=\"IMG_20240430_131249\" width=\"1920\" height=\"2560\" \/>\r\n\t\t\t\t\t\t\t\t\t\t<div class=\"slideshow_description_box slideshow_transparent\">\r\n\t\t\t\t\t\t\t\t\t\t\t\t\t\t\t\t\t<\/div>\r\n\t\t\t\t<\/div>\r\n\r\n\t\t\t\t\t\t<div style=\"clear: both;\"><\/div><\/div><div class=\"slideshow_view\">\r\n\t\t\t\t<div class=\"slideshow_slide slideshow_slide_image\">\r\n\t\t\t\t\t\t\t\t\t\t\t<img src=\"https:\/\/agora.xtec.cat\/ceip-valdelors-vandellos\/wp-content\/uploads\/usu1532\/2024\/05\/IMG_20240430_131256-scaled.jpg\" alt=\"IMG_20240430_131256\" width=\"1920\" height=\"2560\" \/>\r\n\t\t\t\t\t\t\t\t\t\t<div class=\"slideshow_description_box slideshow_transparent\">\r\n\t\t\t\t\t\t\t\t\t\t\t\t\t\t\t\t\t<\/div>\r\n\t\t\t\t<\/div>\r\n\r\n\t\t\t\t\t\t<div style=\"clear: both;\"><\/div><\/div><div class=\"slideshow_view\">\r\n\t\t\t\t<div class=\"slideshow_slide slideshow_slide_image\">\r\n\t\t\t\t\t\t\t\t\t\t\t<img src=\"https:\/\/agora.xtec.cat\/ceip-valdelors-vandellos\/wp-content\/uploads\/usu1532\/2024\/05\/IMG_20240430_131303-scaled.jpg\" alt=\"IMG_20240430_131303\" width=\"1920\" height=\"2560\" \/>\r\n\t\t\t\t\t\t\t\t\t\t<div class=\"slideshow_description_box slideshow_transparent\">\r\n\t\t\t\t\t\t\t\t\t\t\t\t\t\t\t\t\t<\/div>\r\n\t\t\t\t<\/div>\r\n\r\n\t\t\t\t\t\t<div style=\"clear: both;\"><\/div><\/div>\r\n\t\t<\/div>\r\n\r\n\t\t<div class=\"slideshow_controlPanel slideshow_transparent\" style=\"display: none;\"><ul><li class=\"slideshow_togglePlay\" data-play-text=\"Visualitza\" data-pause-text=\"Pausa\"><\/li><\/ul><\/div>\r\n\r\n\t\t<div class=\"slideshow_button slideshow_previous slideshow_transparent\" role=\"button\" data-previous-text=\"Anterior\" style=\"display: none;\"><\/div>\r\n\t\t<div class=\"slideshow_button slideshow_next slideshow_transparent\" role=\"button\" data-next-text=\"Seg\u00fcent\" style=\"display: none;\"><\/div>\r\n\r\n\t\t<div class=\"slideshow_pagination\" style=\"display: none;\" data-go-to-text=\"V\u00e9s a la diapositiva\"><div class=\"slideshow_pagination_center\"><\/div><\/div>\r\n\r\n\t\t<!-- WordPress Slideshow Version 2.3.1 -->\r\n\r\n\t\t\t<\/div>\r\n\r\n\n","protected":false},"excerpt":{"rendered":"<p>Dins l&#8217;\u00e0rea d&#8217;EF estem treballant esportistes d&#8217;elit del nostre municipi. Hem tingut la sort de realitzar una xerrada amb El patinador Joan Jard\u00ed a l&#8217;escola. Gr\u00e0cies Joan per la teva motivant xerrada. &hellip;  <a href=\"https:\/\/agora.xtec.cat\/ceip-valdelors-vandellos\/general\/ens-visita-joan-jardi\/\" title=\"Read ENS VISITA JOAN JARD\u00cd\">Llegeix m\u00e9s\u00bb<\/a><\/p>\n","protected":false},"author":6,"featured_media":11123,"comment_status":"open","ping_status":"closed","sticky":false,"template":"","format":"standard","meta":{"_bbp_topic_count":0,"_bbp_reply_count":0,"_bbp_total_topic_count":0,"_bbp_total_reply_count":0,"_bbp_voice_count":0,"_bbp_anonymous_reply_count":0,"_bbp_topic_count_hidden":0,"_bbp_reply_count_hidden":0,"_bbp_forum_subforum_count":0,"footnotes":""},"categories":[60,59,58,61,1,4,98],"tags":[106,82,112,91],"class_list":["post-11108","post","type-post","status-publish","format-standard","has-post-thumbnail","hentry","category-cicle-superior-i-4t","category-cicle-inicial-i-3r","category-educacio-infantil","category-families","category-general","category-portada","category-pla-catala-de-lesport","tag-fem-cami-junts","tag-orgullosos","tag-pcee","tag-projectes"],"post_mailing_queue_ids":[],"_links":{"self":[{"href":"https:\/\/agora.xtec.cat\/ceip-valdelors-vandellos\/wp-json\/wp\/v2\/posts\/11108","targetHints":{"allow":["GET"]}}],"collection":[{"href":"https:\/\/agora.xtec.cat\/ceip-valdelors-vandellos\/wp-json\/wp\/v2\/posts"}],"about":[{"href":"https:\/\/agora.xtec.cat\/ceip-valdelors-vandellos\/wp-json\/wp\/v2\/types\/post"}],"author":[{"embeddable":true,"href":"https:\/\/agora.xtec.cat\/ceip-valdelors-vandellos\/wp-json\/wp\/v2\/users\/6"}],"replies":[{"embeddable":true,"href":"https:\/\/agora.xtec.cat\/ceip-valdelors-vandellos\/wp-json\/wp\/v2\/comments?post=11108"}],"version-history":[{"count":6,"href":"https:\/\/agora.xtec.cat\/ceip-valdelors-vandellos\/wp-json\/wp\/v2\/posts\/11108\/revisions"}],"predecessor-version":[{"id":11127,"href":"https:\/\/agora.xtec.cat\/ceip-valdelors-vandellos\/wp-json\/wp\/v2\/posts\/11108\/revisions\/11127"}],"wp:featuredmedia":[{"embeddable":true,"href":"https:\/\/agora.xtec.cat\/ceip-valdelors-vandellos\/wp-json\/wp\/v2\/media\/11123"}],"wp:attachment":[{"href":"https:\/\/agora.xtec.cat\/ceip-valdelors-vandellos\/wp-json\/wp\/v2\/media?parent=11108"}],"wp:term":[{"taxonomy":"category","embeddable":true,"href":"https:\/\/agora.xtec.cat\/ceip-valdelors-vandellos\/wp-json\/wp\/v2\/categories?post=11108"},{"taxonomy":"post_tag","embeddable":true,"href":"https:\/\/agora.xtec.cat\/ceip-valdelors-vandellos\/wp-json\/wp\/v2\/tags?post=11108"}],"curies":[{"name":"wp","href":"https:\/\/api.w.org\/{rel}","templated":true}]}}