{"id":10642,"date":"2024-03-18T22:20:54","date_gmt":"2024-03-18T21:20:54","guid":{"rendered":"https:\/\/agora.xtec.cat\/ceip-valdelors-vandellos\/?p=10642"},"modified":"2024-03-21T11:08:24","modified_gmt":"2024-03-21T10:08:24","slug":"comenca-el-projecte-persones-de-vandellos-que-han-fet-historia","status":"publish","type":"post","link":"https:\/\/agora.xtec.cat\/ceip-valdelors-vandellos\/general\/comenca-el-projecte-persones-de-vandellos-que-han-fet-historia\/","title":{"rendered":"PROJECTE: &#8220;Persones de Vandell\u00f2s que han fet hist\u00f2ria.&#8221;"},"content":{"rendered":"<p>Divendres 15 de mar\u00e7 vam donar el punt de partida al <strong>Projecte de Recerca de l&#8217;Escola Valdelors<\/strong>. Hi volem descobrir o recordar persones que han contribu\u00eft, d&#8217;una manera o altra, a fer gran Vandell\u00f2s i l&#8217;Hospitalet de l&#8217;Infant. \u00c9s un petit reconeixement de l&#8217;escola a la tasca de moltes persones que han ajudat a fer que Vandell\u00f2s sigui Vandell\u00f2s.<\/p>\n<blockquote><p><em>&#8220;Lamentem no poder treballar totes les persones que ens heu compartit. El criteri de selecci\u00f3 ha sortit d&#8217;una avaluaci\u00f3 inicial on es va convidar a participar a fam\u00edlies, alumnes, AFA, docents&#8230;&#8221;\u00a0<\/em><\/p><\/blockquote>\n<h3><b>Punt de partida del projecte<\/b><\/h3>\n<p><a href=\"https:\/\/agora.xtec.cat\/ceip-valdelors-vandellos\/wp-content\/uploads\/usu1532\/2024\/03\/Jumanji-del-Valdelors-1.png\"><img loading=\"lazy\" decoding=\"async\" class=\"wp-image-10643 aligncenter\" src=\"https:\/\/agora.xtec.cat\/ceip-valdelors-vandellos\/wp-content\/uploads\/usu1532\/2024\/03\/Jumanji-del-Valdelors-1-724x1024.png\" alt=\"\" width=\"466\" height=\"659\" srcset=\"https:\/\/agora.xtec.cat\/ceip-valdelors-vandellos\/wp-content\/uploads\/usu1532\/2024\/03\/Jumanji-del-Valdelors-1-724x1024.png 724w, https:\/\/agora.xtec.cat\/ceip-valdelors-vandellos\/wp-content\/uploads\/usu1532\/2024\/03\/Jumanji-del-Valdelors-1-212x300.png 212w, https:\/\/agora.xtec.cat\/ceip-valdelors-vandellos\/wp-content\/uploads\/usu1532\/2024\/03\/Jumanji-del-Valdelors-1-768x1086.png 768w, https:\/\/agora.xtec.cat\/ceip-valdelors-vandellos\/wp-content\/uploads\/usu1532\/2024\/03\/Jumanji-del-Valdelors-1-1086x1536.png 1086w, https:\/\/agora.xtec.cat\/ceip-valdelors-vandellos\/wp-content\/uploads\/usu1532\/2024\/03\/Jumanji-del-Valdelors-1.png 1414w\" sizes=\"auto, (max-width: 466px) 100vw, 466px\" \/><\/a><\/p>\n<p><span style=\"font-weight: 400;\">L&#8217;objectiu d&#8217;aquesta setmana \u00e9s presentar a l&#8217;alumnat situacions d&#8217;aprenentatge (SA) des del reconeixement de persones importants del seu poble. <strong>El projecte va de dones i homes de Vandell\u00f2s que han marcat la vida del poble.<\/strong> A partir d&#8217;uns objectius d&#8217;aprenentatge, els alumnes faran tallers, recerca d&#8217;informaci\u00f3 i investigacions que <strong>exposaran el dia 7 de juny<\/strong> a tota la comunitat educativa.<\/span><\/p>\n<p>S&#8217;inici\u00e0 divendres 15 de mar\u00e7 amb una animaci\u00f3, molt divertida, a l&#8217;auditori on ens convidava a tots a la recerca d&#8217;informaci\u00f3 per salvar a dos intr\u00e8pids exploradors atrapats al <em>&#8220;<strong><span class=\"hiddenSpellError\">Jumanji<\/span> de Vandell\u00f2s&#8221;<\/strong>.<\/em><\/p>\n<p style=\"text-align: center;\"><a href=\"https:\/\/www.youtube.com\/watch?v=T4L0SxA4nK8\">ANIMACI\u00d3 SOBRE EL PROJECTE <\/a><\/p>\n<p><a href=\"https:\/\/agora.xtec.cat\/ceip-valdelors-vandellos\/wp-content\/uploads\/usu1532\/2024\/03\/IMG_20240315_134513_1-scaled.jpg\"><img loading=\"lazy\" decoding=\"async\" class=\"wp-image-10644 aligncenter\" src=\"https:\/\/agora.xtec.cat\/ceip-valdelors-vandellos\/wp-content\/uploads\/usu1532\/2024\/03\/IMG_20240315_134513_1-768x1024.jpg\" alt=\"\" width=\"420\" height=\"560\" srcset=\"https:\/\/agora.xtec.cat\/ceip-valdelors-vandellos\/wp-content\/uploads\/usu1532\/2024\/03\/IMG_20240315_134513_1-768x1024.jpg 768w, https:\/\/agora.xtec.cat\/ceip-valdelors-vandellos\/wp-content\/uploads\/usu1532\/2024\/03\/IMG_20240315_134513_1-225x300.jpg 225w, https:\/\/agora.xtec.cat\/ceip-valdelors-vandellos\/wp-content\/uploads\/usu1532\/2024\/03\/IMG_20240315_134513_1-1152x1536.jpg 1152w, https:\/\/agora.xtec.cat\/ceip-valdelors-vandellos\/wp-content\/uploads\/usu1532\/2024\/03\/IMG_20240315_134513_1-1536x2048.jpg 1536w, https:\/\/agora.xtec.cat\/ceip-valdelors-vandellos\/wp-content\/uploads\/usu1532\/2024\/03\/IMG_20240315_134513_1-scaled.jpg 1920w\" sizes=\"auto, (max-width: 420px) 100vw, 420px\" \/><\/a><\/p>\n","protected":false},"excerpt":{"rendered":"<p>Divendres 15 de mar\u00e7 vam donar el punt de partida al Projecte de Recerca de l&#8217;Escola Valdelors. Hi volem descobrir o recordar persones que han contribu\u00eft, d&#8217;una manera o altra, a fer gran Vandell\u00f2s i l&#8217;Hospitalet de l&#8217;Infant. \u00c9s un petit reconeixement de l&#8217;escola a&hellip;  <a href=\"https:\/\/agora.xtec.cat\/ceip-valdelors-vandellos\/general\/comenca-el-projecte-persones-de-vandellos-que-han-fet-historia\/\" title=\"Read PROJECTE: &#8220;Persones de Vandell\u00f2s que han fet hist\u00f2ria.&#8221;\">Llegeix m\u00e9s\u00bb<\/a><\/p>\n","protected":false},"author":6,"featured_media":10643,"comment_status":"open","ping_status":"closed","sticky":false,"template":"","format":"standard","meta":{"_bbp_topic_count":0,"_bbp_reply_count":0,"_bbp_total_topic_count":0,"_bbp_total_reply_count":0,"_bbp_voice_count":0,"_bbp_anonymous_reply_count":0,"_bbp_topic_count_hidden":0,"_bbp_reply_count_hidden":0,"_bbp_forum_subforum_count":0,"footnotes":""},"categories":[60,59,58,61,1,4],"tags":[106,91,89],"class_list":["post-10642","post","type-post","status-publish","format-standard","has-post-thumbnail","hentry","category-cicle-superior-i-4t","category-cicle-inicial-i-3r","category-educacio-infantil","category-families","category-general","category-portada","tag-fem-cami-junts","tag-projectes","tag-treball-en-equip"],"post_mailing_queue_ids":[],"_links":{"self":[{"href":"https:\/\/agora.xtec.cat\/ceip-valdelors-vandellos\/wp-json\/wp\/v2\/posts\/10642","targetHints":{"allow":["GET"]}}],"collection":[{"href":"https:\/\/agora.xtec.cat\/ceip-valdelors-vandellos\/wp-json\/wp\/v2\/posts"}],"about":[{"href":"https:\/\/agora.xtec.cat\/ceip-valdelors-vandellos\/wp-json\/wp\/v2\/types\/post"}],"author":[{"embeddable":true,"href":"https:\/\/agora.xtec.cat\/ceip-valdelors-vandellos\/wp-json\/wp\/v2\/users\/6"}],"replies":[{"embeddable":true,"href":"https:\/\/agora.xtec.cat\/ceip-valdelors-vandellos\/wp-json\/wp\/v2\/comments?post=10642"}],"version-history":[{"count":6,"href":"https:\/\/agora.xtec.cat\/ceip-valdelors-vandellos\/wp-json\/wp\/v2\/posts\/10642\/revisions"}],"predecessor-version":[{"id":10840,"href":"https:\/\/agora.xtec.cat\/ceip-valdelors-vandellos\/wp-json\/wp\/v2\/posts\/10642\/revisions\/10840"}],"wp:featuredmedia":[{"embeddable":true,"href":"https:\/\/agora.xtec.cat\/ceip-valdelors-vandellos\/wp-json\/wp\/v2\/media\/10643"}],"wp:attachment":[{"href":"https:\/\/agora.xtec.cat\/ceip-valdelors-vandellos\/wp-json\/wp\/v2\/media?parent=10642"}],"wp:term":[{"taxonomy":"category","embeddable":true,"href":"https:\/\/agora.xtec.cat\/ceip-valdelors-vandellos\/wp-json\/wp\/v2\/categories?post=10642"},{"taxonomy":"post_tag","embeddable":true,"href":"https:\/\/agora.xtec.cat\/ceip-valdelors-vandellos\/wp-json\/wp\/v2\/tags?post=10642"}],"curies":[{"name":"wp","href":"https:\/\/api.w.org\/{rel}","templated":true}]}}