{"id":14400,"date":"2026-03-24T16:41:45","date_gmt":"2026-03-24T15:41:45","guid":{"rendered":"https:\/\/agora.xtec.cat\/ceip-vaixell-burriac-vilassar\/?p=14400"},"modified":"2026-03-24T16:41:49","modified_gmt":"2026-03-24T15:41:49","slug":"i3a-descobreix-el-mon-dels-avions","status":"publish","type":"post","link":"https:\/\/agora.xtec.cat\/ceip-vaixell-burriac-vilassar\/general\/i3a-descobreix-el-mon-dels-avions\/","title":{"rendered":"I3A DESCOBREIX EL M\u00d3N DELS AVIONS"},"content":{"rendered":"<p>Aquest trimestre, el grup d&#8217;I3A, s&#8217;ha endinsat en el projecte dels avions. Aquest projecte es va iniciar amb una pregunta general, &#8220;qu\u00e8 sabeu dels avions?&#8221;, on cada infant va dir el que creia i van fer un dibuix inicial. Posteriorment van fer una pluja d&#8217;idees de qu\u00e8 volien saber del m\u00f3n dels avions, i,\u00a0 tot i que s\u00f3n petites personetes van tenir clar que volien investigar i que els agradaria fer: activitats pl\u00e0stiques, buscar informaci\u00f3 en contes i p\u00e0gines web, portar joguines i veure avions.<\/p>\n<p>Ha estat un projecte molt interessant i motivador i hem apr\u00e9s molt\u00edssimes coses. Hem realitzat maquetes d&#8217;avions amb les que podem jugar, les fam\u00edlies ens han ajudat portant molts llibres, contes i avions de joguina, hem fet volar avions de joguina i fins i tot hem pilotat un avi\u00f3. Si si, amb un simulador que ens va portar en Jordi, comandant i pilot d&#8217;avi\u00f3 i la Paula, tripulant de Cabina de Passatgers, que ens va portar tot el material necessari per volar amb seguretat. Amb la seva visita vam resoldre alguns dubtes i ens ho vam passar molt b\u00e9.<\/p>\n<p><a href=\"https:\/\/drive.google.com\/drive\/folders\/1e7u9OpCXSWJ_cA8iwq56v4wc5Gwd2xxs?usp=drive_link\">Si voleu veure les fotos cliqueu aqu\u00ed\u00a0<\/a> <img loading=\"lazy\" decoding=\"async\" class=\"wp-image-14404 alignleft\" src=\"https:\/\/agora.xtec.cat\/ceip-vaixell-burriac-vilassar\/wp-content\/uploads\/usu208\/2026\/03\/IMG_20260129_101227-1.jpg\" alt=\"\" width=\"124\" height=\"165\" srcset=\"https:\/\/agora.xtec.cat\/ceip-vaixell-burriac-vilassar\/wp-content\/uploads\/usu208\/2026\/03\/IMG_20260129_101227-1.jpg 1536w, https:\/\/agora.xtec.cat\/ceip-vaixell-burriac-vilassar\/wp-content\/uploads\/usu208\/2026\/03\/IMG_20260129_101227-1-225x300.jpg 225w, https:\/\/agora.xtec.cat\/ceip-vaixell-burriac-vilassar\/wp-content\/uploads\/usu208\/2026\/03\/IMG_20260129_101227-1-768x1024.jpg 768w, https:\/\/agora.xtec.cat\/ceip-vaixell-burriac-vilassar\/wp-content\/uploads\/usu208\/2026\/03\/IMG_20260129_101227-1-1152x1536.jpg 1152w\" sizes=\"auto, (max-width: 124px) 100vw, 124px\" \/> <img loading=\"lazy\" decoding=\"async\" class=\"wp-image-14403 alignleft\" src=\"https:\/\/agora.xtec.cat\/ceip-vaixell-burriac-vilassar\/wp-content\/uploads\/usu208\/2026\/03\/IMG_20260317_102725.jpg\" alt=\"\" width=\"161\" height=\"127\" srcset=\"https:\/\/agora.xtec.cat\/ceip-vaixell-burriac-vilassar\/wp-content\/uploads\/usu208\/2026\/03\/IMG_20260317_102725.jpg 1951w, https:\/\/agora.xtec.cat\/ceip-vaixell-burriac-vilassar\/wp-content\/uploads\/usu208\/2026\/03\/IMG_20260317_102725-300x236.jpg 300w, https:\/\/agora.xtec.cat\/ceip-vaixell-burriac-vilassar\/wp-content\/uploads\/usu208\/2026\/03\/IMG_20260317_102725-1024x806.jpg 1024w, https:\/\/agora.xtec.cat\/ceip-vaixell-burriac-vilassar\/wp-content\/uploads\/usu208\/2026\/03\/IMG_20260317_102725-768x605.jpg 768w, https:\/\/agora.xtec.cat\/ceip-vaixell-burriac-vilassar\/wp-content\/uploads\/usu208\/2026\/03\/IMG_20260317_102725-1536x1209.jpg 1536w\" sizes=\"auto, (max-width: 161px) 100vw, 161px\" \/><\/p>\n<p><img loading=\"lazy\" decoding=\"async\" class=\"wp-image-14401 alignleft\" src=\"https:\/\/agora.xtec.cat\/ceip-vaixell-burriac-vilassar\/wp-content\/uploads\/usu208\/2026\/03\/IMG-20260317-WA0028.jpg\" alt=\"\" width=\"129\" height=\"170\" srcset=\"https:\/\/agora.xtec.cat\/ceip-vaixell-burriac-vilassar\/wp-content\/uploads\/usu208\/2026\/03\/IMG-20260317-WA0028.jpg 1017w, https:\/\/agora.xtec.cat\/ceip-vaixell-burriac-vilassar\/wp-content\/uploads\/usu208\/2026\/03\/IMG-20260317-WA0028-228x300.jpg 228w, https:\/\/agora.xtec.cat\/ceip-vaixell-burriac-vilassar\/wp-content\/uploads\/usu208\/2026\/03\/IMG-20260317-WA0028-779x1024.jpg 779w, https:\/\/agora.xtec.cat\/ceip-vaixell-burriac-vilassar\/wp-content\/uploads\/usu208\/2026\/03\/IMG-20260317-WA0028-768x1010.jpg 768w\" sizes=\"auto, (max-width: 129px) 100vw, 129px\" \/> <img loading=\"lazy\" decoding=\"async\" class=\"wp-image-14402 aligncenter\" src=\"https:\/\/agora.xtec.cat\/ceip-vaixell-burriac-vilassar\/wp-content\/uploads\/usu208\/2026\/03\/IMG-20260317-WA0020.jpg\" alt=\"\" width=\"273\" height=\"122\" srcset=\"https:\/\/agora.xtec.cat\/ceip-vaixell-burriac-vilassar\/wp-content\/uploads\/usu208\/2026\/03\/IMG-20260317-WA0020.jpg 1600w, https:\/\/agora.xtec.cat\/ceip-vaixell-burriac-vilassar\/wp-content\/uploads\/usu208\/2026\/03\/IMG-20260317-WA0020-300x134.jpg 300w, https:\/\/agora.xtec.cat\/ceip-vaixell-burriac-vilassar\/wp-content\/uploads\/usu208\/2026\/03\/IMG-20260317-WA0020-1024x456.jpg 1024w, https:\/\/agora.xtec.cat\/ceip-vaixell-burriac-vilassar\/wp-content\/uploads\/usu208\/2026\/03\/IMG-20260317-WA0020-768x342.jpg 768w, https:\/\/agora.xtec.cat\/ceip-vaixell-burriac-vilassar\/wp-content\/uploads\/usu208\/2026\/03\/IMG-20260317-WA0020-1536x684.jpg 1536w\" sizes=\"auto, (max-width: 273px) 100vw, 273px\" \/><\/p>\n","protected":false},"excerpt":{"rendered":"<p>Aquest trimestre, el grup d&#8217;I3A, s&#8217;ha endinsat en el projecte dels avions. Aquest projecte es va iniciar amb una pregunta general, &#8220;qu\u00e8 sabeu dels avions?&#8221;, on cada infant va dir el que creia i van fer un dibuix inicial. Posteriorment van fer una pluja d&#8217;idees&hellip;  <a href=\"https:\/\/agora.xtec.cat\/ceip-vaixell-burriac-vilassar\/general\/i3a-descobreix-el-mon-dels-avions\/\" title=\"Read I3A DESCOBREIX EL M\u00d3N DELS AVIONS\">Llegeix m\u00e9s\u00bb<\/a><\/p>\n","protected":false},"author":9,"featured_media":0,"comment_status":"open","ping_status":"open","sticky":false,"template":"","format":"standard","meta":{"_bbp_topic_count":0,"_bbp_reply_count":0,"_bbp_total_topic_count":0,"_bbp_total_reply_count":0,"_bbp_voice_count":0,"_bbp_anonymous_reply_count":0,"_bbp_topic_count_hidden":0,"_bbp_reply_count_hidden":0,"_bbp_forum_subforum_count":0,"footnotes":""},"categories":[1,2,4],"tags":[],"class_list":["post-14400","post","type-post","status-publish","format-standard","hentry","category-general","category-i3","category-portada"],"post_mailing_queue_ids":[],"_links":{"self":[{"href":"https:\/\/agora.xtec.cat\/ceip-vaixell-burriac-vilassar\/wp-json\/wp\/v2\/posts\/14400","targetHints":{"allow":["GET"]}}],"collection":[{"href":"https:\/\/agora.xtec.cat\/ceip-vaixell-burriac-vilassar\/wp-json\/wp\/v2\/posts"}],"about":[{"href":"https:\/\/agora.xtec.cat\/ceip-vaixell-burriac-vilassar\/wp-json\/wp\/v2\/types\/post"}],"author":[{"embeddable":true,"href":"https:\/\/agora.xtec.cat\/ceip-vaixell-burriac-vilassar\/wp-json\/wp\/v2\/users\/9"}],"replies":[{"embeddable":true,"href":"https:\/\/agora.xtec.cat\/ceip-vaixell-burriac-vilassar\/wp-json\/wp\/v2\/comments?post=14400"}],"version-history":[{"count":4,"href":"https:\/\/agora.xtec.cat\/ceip-vaixell-burriac-vilassar\/wp-json\/wp\/v2\/posts\/14400\/revisions"}],"predecessor-version":[{"id":14415,"href":"https:\/\/agora.xtec.cat\/ceip-vaixell-burriac-vilassar\/wp-json\/wp\/v2\/posts\/14400\/revisions\/14415"}],"wp:attachment":[{"href":"https:\/\/agora.xtec.cat\/ceip-vaixell-burriac-vilassar\/wp-json\/wp\/v2\/media?parent=14400"}],"wp:term":[{"taxonomy":"category","embeddable":true,"href":"https:\/\/agora.xtec.cat\/ceip-vaixell-burriac-vilassar\/wp-json\/wp\/v2\/categories?post=14400"},{"taxonomy":"post_tag","embeddable":true,"href":"https:\/\/agora.xtec.cat\/ceip-vaixell-burriac-vilassar\/wp-json\/wp\/v2\/tags?post=14400"}],"curies":[{"name":"wp","href":"https:\/\/api.w.org\/{rel}","templated":true}]}}