{"id":5420,"date":"2026-02-27T13:38:20","date_gmt":"2026-02-27T12:38:20","guid":{"rendered":"https:\/\/agora.xtec.cat\/ceip-v-aleixandre\/?p=5420"},"modified":"2026-02-27T13:39:05","modified_gmt":"2026-02-27T12:39:05","slug":"taller-per-a-families-lautonomia-que-fa-creixer","status":"publish","type":"post","link":"https:\/\/agora.xtec.cat\/ceip-v-aleixandre\/general\/taller-per-a-families-lautonomia-que-fa-creixer\/","title":{"rendered":"TALLER PER A FAM\u00cdLIES: \u201cL\u2019AUTONOMIA QUE FA CR\u00c9IXER\u201d"},"content":{"rendered":"<p style=\"text-align: justify;\" data-start=\"143\" data-end=\"687\">Des de l\u2019escola convidem les <strong data-start=\"230\" data-end=\"262\">fam\u00edlies del cicle de petits<\/strong> a participar en el taller <strong data-start=\"289\" data-end=\"321\">\u201cL\u2019autonomia que fa cr\u00e9ixer\u201d<\/strong>, un espai d\u2019acompanyament a la crian\u00e7a adre\u00e7at a fam\u00edlies amb infants de 3 a 6 anys. La sessi\u00f3 anir\u00e0 a c\u00e0rrec de <strong data-start=\"435\" data-end=\"518\" data-is-only-node=\"\">Laura Santiago Rodr\u00edguez, psicomotricista i especialista en crian\u00e7a respectuosa<\/strong>, i ens oferir\u00e0 eines i reflexions sobre com posar l\u00edmits des del respecte, l\u2019afecte i la coher\u00e8ncia, tot afavorint el benestar emocional dels infants i de les fam\u00edlies.<\/p>\n<p style=\"text-align: justify;\" data-start=\"689\" data-end=\"885\">El taller tindr\u00e0 lloc el <strong data-start=\"714\" data-end=\"742\">dijous 5 de mar\u00e7 de 2026<\/strong>, de <strong data-start=\"747\" data-end=\"766\">15.00 a 16.30 h<\/strong>, a l\u2019<strong data-start=\"772\" data-end=\"802\">aula de m\u00fasica de l\u2019escola<\/strong>. Les inscripcions es poden fer a la secretaria del centre o per correu electr\u00f2nic.<\/p>\n<p style=\"text-align: justify;\" data-start=\"887\" data-end=\"1076\" data-is-last-node=\"\" data-is-only-node=\"\">Us animem a participar en aquest espai proper i pr\u00e0ctic per compartir inquietuds i aprenentatges sobre la crian\u00e7a en una etapa tan important del desenvolupament dels vostres fills i filles.<\/p>\n<p data-start=\"887\" data-end=\"1076\" data-is-last-node=\"\" data-is-only-node=\"\"><img loading=\"lazy\" decoding=\"async\" class=\"aligncenter wp-image-5421 size-full\" src=\"https:\/\/agora.xtec.cat\/ceip-v-aleixandre\/wp-content\/uploads\/usu457\/2026\/02\/image.png\" alt=\"\" width=\"631\" height=\"903\" srcset=\"https:\/\/agora.xtec.cat\/ceip-v-aleixandre\/wp-content\/uploads\/usu457\/2026\/02\/image.png 631w, https:\/\/agora.xtec.cat\/ceip-v-aleixandre\/wp-content\/uploads\/usu457\/2026\/02\/image-210x300.png 210w\" sizes=\"auto, (max-width: 631px) 100vw, 631px\" \/><\/p>\n","protected":false},"excerpt":{"rendered":"<p>Des de l\u2019escola convidem les fam\u00edlies del cicle de petits a participar en el taller \u201cL\u2019autonomia que fa cr\u00e9ixer\u201d, un espai d\u2019acompanyament a la crian\u00e7a adre\u00e7at a fam\u00edlies amb infants de 3 a 6 anys. La sessi\u00f3 anir\u00e0 a c\u00e0rrec de Laura Santiago Rodr\u00edguez, psicomotricista i especialista en crian\u00e7a respectuosa, i ens oferir\u00e0 eines i [&hellip;]<\/p>\n","protected":false},"author":1,"featured_media":0,"comment_status":"open","ping_status":"open","sticky":false,"template":"","format":"standard","meta":{"_bbp_topic_count":0,"_bbp_reply_count":0,"_bbp_total_topic_count":0,"_bbp_total_reply_count":0,"_bbp_voice_count":0,"_bbp_anonymous_reply_count":0,"_bbp_topic_count_hidden":0,"_bbp_reply_count_hidden":0,"_bbp_forum_subforum_count":0,"site-sidebar-layout":"default","site-content-layout":"","ast-site-content-layout":"default","site-content-style":"default","site-sidebar-style":"default","ast-global-header-display":"","ast-banner-title-visibility":"","ast-main-header-display":"","ast-hfb-above-header-display":"","ast-hfb-below-header-display":"","ast-hfb-mobile-header-display":"","site-post-title":"","ast-breadcrumbs-content":"","ast-featured-img":"","footer-sml-layout":"","theme-transparent-header-meta":"default","adv-header-id-meta":"","stick-header-meta":"","header-above-stick-meta":"","header-main-stick-meta":"","header-below-stick-meta":"","astra-migrate-meta-layouts":"set","ast-page-background-enabled":"default","ast-page-background-meta":{"desktop":{"background-color":"var(--ast-global-color-4)","background-image":"","background-repeat":"repeat","background-position":"center center","background-size":"auto","background-attachment":"scroll","background-type":"","background-media":"","overlay-type":"","overlay-color":"","overlay-opacity":"","overlay-gradient":""},"tablet":{"background-color":"","background-image":"","background-repeat":"repeat","background-position":"center center","background-size":"auto","background-attachment":"scroll","background-type":"","background-media":"","overlay-type":"","overlay-color":"","overlay-opacity":"","overlay-gradient":""},"mobile":{"background-color":"","background-image":"","background-repeat":"repeat","background-position":"center center","background-size":"auto","background-attachment":"scroll","background-type":"","background-media":"","overlay-type":"","overlay-color":"","overlay-opacity":"","overlay-gradient":""}},"ast-content-background-meta":{"desktop":{"background-color":"var(--ast-global-color-5)","background-image":"","background-repeat":"repeat","background-position":"center center","background-size":"auto","background-attachment":"scroll","background-type":"","background-media":"","overlay-type":"","overlay-color":"","overlay-opacity":"","overlay-gradient":""},"tablet":{"background-color":"var(--ast-global-color-5)","background-image":"","background-repeat":"repeat","background-position":"center center","background-size":"auto","background-attachment":"scroll","background-type":"","background-media":"","overlay-type":"","overlay-color":"","overlay-opacity":"","overlay-gradient":""},"mobile":{"background-color":"var(--ast-global-color-5)","background-image":"","background-repeat":"repeat","background-position":"center center","background-size":"auto","background-attachment":"scroll","background-type":"","background-media":"","overlay-type":"","overlay-color":"","overlay-opacity":"","overlay-gradient":""}},"footnotes":""},"categories":[1,4],"tags":[],"class_list":["post-5420","post","type-post","status-publish","format-standard","hentry","category-general","category-portada"],"post_mailing_queue_ids":[],"_links":{"self":[{"href":"https:\/\/agora.xtec.cat\/ceip-v-aleixandre\/wp-json\/wp\/v2\/posts\/5420","targetHints":{"allow":["GET"]}}],"collection":[{"href":"https:\/\/agora.xtec.cat\/ceip-v-aleixandre\/wp-json\/wp\/v2\/posts"}],"about":[{"href":"https:\/\/agora.xtec.cat\/ceip-v-aleixandre\/wp-json\/wp\/v2\/types\/post"}],"author":[{"embeddable":true,"href":"https:\/\/agora.xtec.cat\/ceip-v-aleixandre\/wp-json\/wp\/v2\/users\/1"}],"replies":[{"embeddable":true,"href":"https:\/\/agora.xtec.cat\/ceip-v-aleixandre\/wp-json\/wp\/v2\/comments?post=5420"}],"version-history":[{"count":3,"href":"https:\/\/agora.xtec.cat\/ceip-v-aleixandre\/wp-json\/wp\/v2\/posts\/5420\/revisions"}],"predecessor-version":[{"id":5425,"href":"https:\/\/agora.xtec.cat\/ceip-v-aleixandre\/wp-json\/wp\/v2\/posts\/5420\/revisions\/5425"}],"wp:attachment":[{"href":"https:\/\/agora.xtec.cat\/ceip-v-aleixandre\/wp-json\/wp\/v2\/media?parent=5420"}],"wp:term":[{"taxonomy":"category","embeddable":true,"href":"https:\/\/agora.xtec.cat\/ceip-v-aleixandre\/wp-json\/wp\/v2\/categories?post=5420"},{"taxonomy":"post_tag","embeddable":true,"href":"https:\/\/agora.xtec.cat\/ceip-v-aleixandre\/wp-json\/wp\/v2\/tags?post=5420"}],"curies":[{"name":"wp","href":"https:\/\/api.w.org\/{rel}","templated":true}]}}