{"id":2612,"date":"2018-11-19T18:54:03","date_gmt":"2018-11-19T17:54:03","guid":{"rendered":"http:\/\/agora.xtec.cat\/ceip-tuixent\/?p=2612"},"modified":"2018-11-19T20:20:36","modified_gmt":"2018-11-19T19:20:36","slug":"visita-dun-investigador","status":"publish","type":"post","link":"https:\/\/agora.xtec.cat\/ceip-tuixent\/portada\/visita-dun-investigador\/","title":{"rendered":"Visita d&#8217;un Investigador"},"content":{"rendered":"<p>Aquest curs ens hem proposat treballar un projecte sobre la geografia humana.<\/p>\n<p>HAMLETS. Immigraci\u00f3 i desenvolupament sostenible als\u00a0 micropobles.<\/p>\n<p>\u00c9s per aix\u00f2 que hem comen\u00e7at reflexionant sobre que vol dir Ser un Investigador i fer Recerca.<\/p>\n<p>Les idees que han sortit abarquen molts camps, des de la criminologia, passant per la medecina, la geologia, i la biologia.<\/p>\n<p>Hem parlat del despoblament del nostre poble i com ens agradaria que vingu\u00e9s m\u00e9s gent a viure al poble, que a l\u2019escola hi hagu\u00e9s m\u00e9s nens i nenes, que cada dia fos com un dia d\u2019estiu.<\/p>\n<p>El dijous 15 de novembre ens va visitar en Ricard Mor\u00e9n, ge\u00f2graf\u00a0 i investigador de la Universitat aut\u00f2noma de Barcelona i Carme Freixa, Presidenta de l\u2019associaci\u00f3 de micropobles de Catalunya.<\/p>\n<p>En Ricard ens va parlar\u00a0 de la distribuci\u00f3 de la poblaci\u00f3 de Catalunya.<\/p>\n<p>De la import\u00e0ncia de la investigaci\u00f3 i del treball de diferents \u00e0mbits per fer una bona investigaci\u00f3.<\/p>\n\n\t\t<style type=\"text\/css\">\n\t\t\t#gallery-1 {\n\t\t\t\tmargin: auto;\n\t\t\t}\n\t\t\t#gallery-1 .gallery-item {\n\t\t\t\tfloat: left;\n\t\t\t\tmargin-top: 10px;\n\t\t\t\ttext-align: center;\n\t\t\t\twidth: 100%;\n\t\t\t}\n\t\t\t#gallery-1 img {\n\t\t\t\tborder: 2px solid #cfcfcf;\n\t\t\t}\n\t\t\t#gallery-1 .gallery-caption {\n\t\t\t\tmargin-left: 0;\n\t\t\t}\n\t\t\t\/* see gallery_shortcode() in wp-includes\/media.php *\/\n\t\t<\/style>\n\t\t<div id='gallery-1' class='gallery galleryid-2612 gallery-columns-1 gallery-size-full'><dl class='gallery-item'>\n\t\t\t<dt class='gallery-icon landscape'>\n\t\t\t\t<a href='https:\/\/agora.xtec.cat\/ceip-tuixent\/portada\/visita-dun-investigador\/attachment\/captura-3\/'><img loading=\"lazy\" decoding=\"async\" width=\"689\" height=\"270\" src=\"https:\/\/agora.xtec.cat\/ceip-tuixent\/wp-content\/uploads\/usu1002\/2018\/11\/Captura.jpg\" class=\"attachment-full size-full\" alt=\"\" srcset=\"https:\/\/agora.xtec.cat\/ceip-tuixent\/wp-content\/uploads\/usu1002\/2018\/11\/Captura.jpg 689w, https:\/\/agora.xtec.cat\/ceip-tuixent\/wp-content\/uploads\/usu1002\/2018\/11\/Captura-300x118.jpg 300w\" sizes=\"auto, (max-width: 689px) 100vw, 689px\" \/><\/a>\n\t\t\t<\/dt><\/dl><br style=\"clear: both\" \/>\n\t\t<\/div>\n\n<p>&nbsp;<\/p>\n\n\t\t<style type=\"text\/css\">\n\t\t\t#gallery-2 {\n\t\t\t\tmargin: auto;\n\t\t\t}\n\t\t\t#gallery-2 .gallery-item {\n\t\t\t\tfloat: left;\n\t\t\t\tmargin-top: 10px;\n\t\t\t\ttext-align: center;\n\t\t\t\twidth: 33%;\n\t\t\t}\n\t\t\t#gallery-2 img {\n\t\t\t\tborder: 2px solid #cfcfcf;\n\t\t\t}\n\t\t\t#gallery-2 .gallery-caption {\n\t\t\t\tmargin-left: 0;\n\t\t\t}\n\t\t\t\/* see gallery_shortcode() in wp-includes\/media.php *\/\n\t\t<\/style>\n\t\t<div id='gallery-2' class='gallery galleryid-2612 gallery-columns-3 gallery-size-full'><dl class='gallery-item'>\n\t\t\t<dt class='gallery-icon landscape'>\n\t\t\t\t<a href='https:\/\/agora.xtec.cat\/ceip-tuixent\/portada\/visita-dun-investigador\/attachment\/20181116-26-600-x-450\/'><img loading=\"lazy\" decoding=\"async\" width=\"600\" height=\"450\" src=\"https:\/\/agora.xtec.cat\/ceip-tuixent\/wp-content\/uploads\/usu1002\/2018\/11\/20181116-26-600-x-450.jpg\" class=\"attachment-full size-full\" alt=\"\" srcset=\"https:\/\/agora.xtec.cat\/ceip-tuixent\/wp-content\/uploads\/usu1002\/2018\/11\/20181116-26-600-x-450.jpg 600w, https:\/\/agora.xtec.cat\/ceip-tuixent\/wp-content\/uploads\/usu1002\/2018\/11\/20181116-26-600-x-450-300x225.jpg 300w, https:\/\/agora.xtec.cat\/ceip-tuixent\/wp-content\/uploads\/usu1002\/2018\/11\/20181116-26-600-x-450-200x150.jpg 200w\" sizes=\"auto, (max-width: 600px) 100vw, 600px\" \/><\/a>\n\t\t\t<\/dt><\/dl><dl class='gallery-item'>\n\t\t\t<dt class='gallery-icon landscape'>\n\t\t\t\t<a href='https:\/\/agora.xtec.cat\/ceip-tuixent\/portada\/visita-dun-investigador\/attachment\/20181116-29-600-x-450\/'><img loading=\"lazy\" decoding=\"async\" width=\"600\" height=\"450\" src=\"https:\/\/agora.xtec.cat\/ceip-tuixent\/wp-content\/uploads\/usu1002\/2018\/11\/20181116-29-600-x-450.jpg\" class=\"attachment-full size-full\" alt=\"\" srcset=\"https:\/\/agora.xtec.cat\/ceip-tuixent\/wp-content\/uploads\/usu1002\/2018\/11\/20181116-29-600-x-450.jpg 600w, https:\/\/agora.xtec.cat\/ceip-tuixent\/wp-content\/uploads\/usu1002\/2018\/11\/20181116-29-600-x-450-300x225.jpg 300w, https:\/\/agora.xtec.cat\/ceip-tuixent\/wp-content\/uploads\/usu1002\/2018\/11\/20181116-29-600-x-450-200x150.jpg 200w\" sizes=\"auto, (max-width: 600px) 100vw, 600px\" \/><\/a>\n\t\t\t<\/dt><\/dl><dl class='gallery-item'>\n\t\t\t<dt class='gallery-icon landscape'>\n\t\t\t\t<a href='https:\/\/agora.xtec.cat\/ceip-tuixent\/portada\/visita-dun-investigador\/attachment\/20181116-27-600-x-450\/'><img loading=\"lazy\" decoding=\"async\" width=\"600\" height=\"450\" src=\"https:\/\/agora.xtec.cat\/ceip-tuixent\/wp-content\/uploads\/usu1002\/2018\/11\/20181116-27-600-x-450.jpg\" class=\"attachment-full size-full\" alt=\"\" srcset=\"https:\/\/agora.xtec.cat\/ceip-tuixent\/wp-content\/uploads\/usu1002\/2018\/11\/20181116-27-600-x-450.jpg 600w, https:\/\/agora.xtec.cat\/ceip-tuixent\/wp-content\/uploads\/usu1002\/2018\/11\/20181116-27-600-x-450-300x225.jpg 300w, https:\/\/agora.xtec.cat\/ceip-tuixent\/wp-content\/uploads\/usu1002\/2018\/11\/20181116-27-600-x-450-200x150.jpg 200w\" sizes=\"auto, (max-width: 600px) 100vw, 600px\" \/><\/a>\n\t\t\t<\/dt><\/dl><br style=\"clear: both\" \/>\n\t\t<\/div>\n\n<p>&nbsp;<\/p>\n","protected":false},"excerpt":{"rendered":"<p>HAMLETS. Immigraci\u00f3 i desenvolupament sostenible als micropobles.&hellip;  <a href=\"https:\/\/agora.xtec.cat\/ceip-tuixent\/portada\/visita-dun-investigador\/\" title=\"Read Visita d&#8217;un Investigador\">Llegeix m\u00e9s\u00bb<\/a><\/p>\n","protected":false},"author":1,"featured_media":2613,"comment_status":"open","ping_status":"closed","sticky":false,"template":"","format":"standard","meta":{"_bbp_topic_count":0,"_bbp_reply_count":0,"_bbp_total_topic_count":0,"_bbp_total_reply_count":0,"_bbp_voice_count":0,"_bbp_anonymous_reply_count":0,"_bbp_topic_count_hidden":0,"_bbp_reply_count_hidden":0,"_bbp_forum_subforum_count":0,"footnotes":""},"categories":[4],"tags":[73,75],"class_list":["post-2612","post","type-post","status-publish","format-standard","has-post-thumbnail","hentry","category-portada","tag-curs-18-19","tag-projecte-hamlet"],"post_mailing_queue_ids":[],"_links":{"self":[{"href":"https:\/\/agora.xtec.cat\/ceip-tuixent\/wp-json\/wp\/v2\/posts\/2612","targetHints":{"allow":["GET"]}}],"collection":[{"href":"https:\/\/agora.xtec.cat\/ceip-tuixent\/wp-json\/wp\/v2\/posts"}],"about":[{"href":"https:\/\/agora.xtec.cat\/ceip-tuixent\/wp-json\/wp\/v2\/types\/post"}],"author":[{"embeddable":true,"href":"https:\/\/agora.xtec.cat\/ceip-tuixent\/wp-json\/wp\/v2\/users\/1"}],"replies":[{"embeddable":true,"href":"https:\/\/agora.xtec.cat\/ceip-tuixent\/wp-json\/wp\/v2\/comments?post=2612"}],"version-history":[{"count":3,"href":"https:\/\/agora.xtec.cat\/ceip-tuixent\/wp-json\/wp\/v2\/posts\/2612\/revisions"}],"predecessor-version":[{"id":2623,"href":"https:\/\/agora.xtec.cat\/ceip-tuixent\/wp-json\/wp\/v2\/posts\/2612\/revisions\/2623"}],"wp:featuredmedia":[{"embeddable":true,"href":"https:\/\/agora.xtec.cat\/ceip-tuixent\/wp-json\/wp\/v2\/media\/2613"}],"wp:attachment":[{"href":"https:\/\/agora.xtec.cat\/ceip-tuixent\/wp-json\/wp\/v2\/media?parent=2612"}],"wp:term":[{"taxonomy":"category","embeddable":true,"href":"https:\/\/agora.xtec.cat\/ceip-tuixent\/wp-json\/wp\/v2\/categories?post=2612"},{"taxonomy":"post_tag","embeddable":true,"href":"https:\/\/agora.xtec.cat\/ceip-tuixent\/wp-json\/wp\/v2\/tags?post=2612"}],"curies":[{"name":"wp","href":"https:\/\/api.w.org\/{rel}","templated":true}]}}