{"id":9990,"date":"2018-03-22T11:22:29","date_gmt":"2018-03-22T10:22:29","guid":{"rendered":"http:\/\/agora.xtec.cat\/ceip-torrojaimiret\/?p=9990"},"modified":"2018-03-22T11:22:29","modified_gmt":"2018-03-22T10:22:29","slug":"els-de-6e-toquem-la-flauta","status":"publish","type":"post","link":"https:\/\/agora.xtec.cat\/ceip-torrojaimiret\/general\/els-de-6e-toquem-la-flauta\/","title":{"rendered":"ELS DE 6\u00e8 TOQUEM LA FLAUTA"},"content":{"rendered":"<p><img loading=\"lazy\" decoding=\"async\" class=\"alignleft\" src=\"https:\/\/www.musicopolix.com\/32258\/flauta-de-madera-alemana-mod-9555-hohner.jpg\" alt=\"Resultat d'imatges de flauta\" width=\"152\" height=\"152\" \/>Els alumnes i les alumnes de 6\u00e8 estem treballant diferents can\u00e7ons amb\u00a0la flauta.<\/p>\n<p>A continuaci\u00f3, us poso el t\u00edtol de cada can\u00e7\u00f3 amb el seu material.<\/p>\n<p>Tot seguit, podreu trobar la digitaci\u00f3 de la flauta dol\u00e7a.<\/p>\n<p>CAN\u00c7ONS:<\/p>\n<p>1. ANIREM A CA\u00c7AR\u00a0<a href=\"https:\/\/drive.google.com\/file\/d\/1BZZanzEoEczVTla-72SyIybjGHLDjHbg\/view?usp=sharing\" target=\"_blank\" rel=\"noopener noreferrer\">M\u00fasica: acompanyament<\/a>\u00a0<img loading=\"lazy\" decoding=\"async\" class=\"alignleft\" src=\"http:\/\/www.cuentoscortos.com\/imagenes\/1467-grande\" alt=\"Resultat d'imatges de cazar\" width=\"140\" height=\"140\" \/><\/p>\n<p>2. EL GEGANT DEL PI\u00a0<a href=\"https:\/\/drive.google.com\/file\/d\/1f6TxzPdZBwyPm8OLrwcwIvgUD8_Da-0e\/view?usp=sharing\" target=\"_blank\" rel=\"noopener noreferrer\">M\u00fasica: acompanyament<\/a>\u00a0<img loading=\"lazy\" decoding=\"async\" class=\"alignright\" src=\"http:\/\/blocs.xtec.cat\/bibliotecaescolastjulia\/files\/2014\/03\/gegant_pi.jpeg\" alt=\"Resultat d'imatges de gegant del pi\" width=\"99\" height=\"99\" \/><\/p>\n<p>3. ODA A L\u2019ALEGRIA<\/p>\n<p><a href=\"https:\/\/drive.google.com\/file\/d\/0B7GrmkVrB2mQUDJrWS02WTlRTTA\/view?usp=sharing\" target=\"_blank\" rel=\"noopener noreferrer\">Partitura \u201cOda a l\u2019alegria\u201d<\/a><\/p>\n<p><a href=\"https:\/\/drive.google.com\/file\/d\/0B7GrmkVrB2mQekMyaVdmVWppdGc\/view?usp=sharing\" target=\"_blank\" rel=\"noopener noreferrer\">Acompanyament musical<\/a><\/p>\n<p>4. V\u00c9S-TE\u2019N HIVERN\u00a0<a href=\"https:\/\/drive.google.com\/file\/d\/1WaXSPha6vZgZ0Al_PGOWsBLuOQhIqnX9\/view?usp=sharing\" target=\"_blank\" rel=\"noopener noreferrer\">M\u00fasica: acompanyament<\/a><a href=\"https:\/\/drive.google.com\/file\/d\/1htH97c5oiGx7S0-cewOGTybd12j8QUFi\/view?usp=sharing\" target=\"_blank\" rel=\"noopener noreferrer\"><img loading=\"lazy\" decoding=\"async\" class=\"alignright\" src=\"https:\/\/ghirlande.md\/wp-content\/uploads\/2017\/09\/snow.png\" alt=\"Imatge relacionada\" width=\"91\" height=\"91\" \/><\/a><\/p>\n<p>5. O WHEN THE SAINTS<\/p>\n<p><a href=\"https:\/\/drive.google.com\/file\/d\/0B7GrmkVrB2mQa3FMeVEwS0hzZDQ\/view?usp=sharing\" target=\"_blank\" rel=\"noopener noreferrer\">Partitura \u201cO when the saints\u201d<\/a><\/p>\n<p><a href=\"https:\/\/drive.google.com\/file\/d\/0B7GrmkVrB2mQUG9DeXFwbklmZFk\/view?usp=sharing\" target=\"_blank\" rel=\"noopener noreferrer\">M\u00fasica: Acompanyament<\/a><\/p>\n<p><a href=\"https:\/\/drive.google.com\/file\/d\/0B7GrmkVrB2mQVTZuUG9lSTQzTHM\/view?usp=sharing\" target=\"_blank\" rel=\"noopener noreferrer\">V\u00eddeo: Acompanyament<\/a><\/p>\n<p>7. DANSE ALLEMANDE <a href=\"https:\/\/drive.google.com\/file\/d\/1XAmxpkDDrBf2uKBTqG4ir3vPZORQuqg-\/view?usp=sharing\" target=\"_blank\" rel=\"noopener noreferrer\">M\u00fasica: acompanyament<\/a><\/p>\n<p><img loading=\"lazy\" decoding=\"async\" class=\"alignleft\" src=\"https:\/\/as01.epimg.net\/tikitakas\/imagenes\/2017\/01\/18\/portada\/1484739862_028796_1484740024_noticia_normal.jpg\" alt=\"Imatge relacionada\" width=\"195\" height=\"110\" \/><\/p>\n<p>8. GAME OF THRONES (JOC DE TRONS) <a href=\"https:\/\/www.youtube.com\/watch?v=BC21s6AgPmA\" target=\"_blank\" rel=\"noopener noreferrer\">V\u00eddeo<\/a><\/p>\n<p>6. SOFIA <a href=\"https:\/\/www.youtube.com\/watch?v=1ROPooIUfWQ\" target=\"_blank\" rel=\"noopener noreferrer\">V\u00eddeo amb notes\u00a0<\/a><\/p>\n<p>&nbsp;<\/p>\n<p><img loading=\"lazy\" decoding=\"async\" class=\"alignright\" src=\"https:\/\/res.cloudinary.com\/dk-find-out\/image\/upload\/q_80,w_1920,f_auto\/MA_00079563_yvu84f.jpg\" alt=\"Resultat d'imatges de titanic\" width=\"286\" height=\"86\" \/><\/p>\n<p>9. TIT\u00c0NIC <a href=\"https:\/\/www.youtube.com\/watch?v=jFAq7NLKPqA\" target=\"_blank\" rel=\"noopener noreferrer\">V\u00eddeo amb notes<\/a><\/p>\n<p>10. DESPACITO <a href=\"https:\/\/www.youtube.com\/watch?v=8kRhH5ibN2I\" target=\"_blank\" rel=\"noopener noreferrer\">V\u00eddeo amb notes<\/a><\/p>\n<p>11. DINS EL MAR LA VELA BLANCA\u00a0<img loading=\"lazy\" decoding=\"async\" class=\"alignright\" src=\"https:\/\/image.freepik.com\/vrije-photo\/blauw-water-zeilen-2_2534961.jpg\" alt=\"Imatge relacionada\" width=\"191\" height=\"142\" \/><\/p>\n<p><a href=\"https:\/\/www.youtube.com\/watch?v=vxUk47PZ3AU\" target=\"_blank\" rel=\"noopener noreferrer\">V\u00eddeo amb notes\u00a0<\/a><\/p>\n<p><a href=\"https:\/\/drive.google.com\/a\/xtec.cat\/file\/d\/1VZQ-ZUDdUNOdABuXqiNJb1yHTimtNHxp\/view?usp=sharing\" target=\"_blank\" rel=\"noopener noreferrer\">M\u00fasica: Acompanyament<\/a><\/p>\n<p><a href=\"https:\/\/www.youtube.com\/watch?v=ZgrpjuuA0d8\" target=\"_blank\" rel=\"noopener noreferrer\">V\u00eddeo: \u201cDins el mar la vela blanca\u201d<\/a><\/p>\n<p>&nbsp;<\/p>\n<p style=\"text-align: center;\"><strong>LA DIGITACI\u00d3 DE LA FLAUTA DOL\u00c7A<\/strong><\/p>\n<p><img decoding=\"async\" src=\"https:\/\/sites.google.com\/a\/xtec.cat\/mesmusica\/_\/rsrc\/1464248035001\/apunts-de-musica\/digitacioflautadolca\/fd.png\" \/><\/p>\n","protected":false},"excerpt":{"rendered":"<p>Els alumnes i les alumnes de 6\u00e8 estem treballant diferents can\u00e7ons amb\u00a0la flauta. A continuaci\u00f3, us poso el t\u00edtol de cada can\u00e7\u00f3 amb el seu material. Tot seguit, podreu trobar la digitaci\u00f3 de la flauta dol\u00e7a. CAN\u00c7ONS: 1. ANIREM A CA\u00c7AR\u00a0M\u00fasica: acompanyament\u00a0 2. EL GEGANT DEL PI\u00a0M\u00fasica: acompanyament\u00a0 3. ODA A L\u2019ALEGRIA Partitura \u201cOda a [&hellip;]<\/p>\n","protected":false},"author":37,"featured_media":9996,"comment_status":"closed","ping_status":"closed","sticky":false,"template":"","format":"standard","meta":{"_bbp_topic_count":0,"_bbp_reply_count":0,"_bbp_total_topic_count":0,"_bbp_total_reply_count":0,"_bbp_voice_count":0,"_bbp_anonymous_reply_count":0,"_bbp_topic_count_hidden":0,"_bbp_reply_count_hidden":0,"_bbp_forum_subforum_count":0,"site-sidebar-layout":"default","site-content-layout":"","ast-site-content-layout":"","site-content-style":"default","site-sidebar-style":"default","ast-global-header-display":"","ast-banner-title-visibility":"","ast-main-header-display":"","ast-hfb-above-header-display":"","ast-hfb-below-header-display":"","ast-hfb-mobile-header-display":"","site-post-title":"","ast-breadcrumbs-content":"","ast-featured-img":"","footer-sml-layout":"","theme-transparent-header-meta":"","adv-header-id-meta":"","stick-header-meta":"","header-above-stick-meta":"","header-main-stick-meta":"","header-below-stick-meta":"","astra-migrate-meta-layouts":"default","ast-page-background-enabled":"default","ast-page-background-meta":{"desktop":{"background-color":"var(--ast-global-color-4)","background-image":"","background-repeat":"repeat","background-position":"center center","background-size":"auto","background-attachment":"scroll","background-type":"","background-media":"","overlay-type":"","overlay-color":"","overlay-opacity":"","overlay-gradient":""},"tablet":{"background-color":"","background-image":"","background-repeat":"repeat","background-position":"center center","background-size":"auto","background-attachment":"scroll","background-type":"","background-media":"","overlay-type":"","overlay-color":"","overlay-opacity":"","overlay-gradient":""},"mobile":{"background-color":"","background-image":"","background-repeat":"repeat","background-position":"center center","background-size":"auto","background-attachment":"scroll","background-type":"","background-media":"","overlay-type":"","overlay-color":"","overlay-opacity":"","overlay-gradient":""}},"ast-content-background-meta":{"desktop":{"background-color":"var(--ast-global-color-5)","background-image":"","background-repeat":"repeat","background-position":"center center","background-size":"auto","background-attachment":"scroll","background-type":"","background-media":"","overlay-type":"","overlay-color":"","overlay-opacity":"","overlay-gradient":""},"tablet":{"background-color":"var(--ast-global-color-5)","background-image":"","background-repeat":"repeat","background-position":"center center","background-size":"auto","background-attachment":"scroll","background-type":"","background-media":"","overlay-type":"","overlay-color":"","overlay-opacity":"","overlay-gradient":""},"mobile":{"background-color":"var(--ast-global-color-5)","background-image":"","background-repeat":"repeat","background-position":"center center","background-size":"auto","background-attachment":"scroll","background-type":"","background-media":"","overlay-type":"","overlay-color":"","overlay-opacity":"","overlay-gradient":""}},"footnotes":""},"categories":[15,1,70,5],"tags":[],"class_list":["post-9990","post","type-post","status-publish","format-standard","has-post-thumbnail","hentry","category-6e","category-general","category-laula-de-musica","category-primaria"],"post_mailing_queue_ids":[],"_links":{"self":[{"href":"https:\/\/agora.xtec.cat\/ceip-torrojaimiret\/wp-json\/wp\/v2\/posts\/9990","targetHints":{"allow":["GET"]}}],"collection":[{"href":"https:\/\/agora.xtec.cat\/ceip-torrojaimiret\/wp-json\/wp\/v2\/posts"}],"about":[{"href":"https:\/\/agora.xtec.cat\/ceip-torrojaimiret\/wp-json\/wp\/v2\/types\/post"}],"author":[{"embeddable":true,"href":"https:\/\/agora.xtec.cat\/ceip-torrojaimiret\/wp-json\/wp\/v2\/users\/37"}],"replies":[{"embeddable":true,"href":"https:\/\/agora.xtec.cat\/ceip-torrojaimiret\/wp-json\/wp\/v2\/comments?post=9990"}],"version-history":[{"count":3,"href":"https:\/\/agora.xtec.cat\/ceip-torrojaimiret\/wp-json\/wp\/v2\/posts\/9990\/revisions"}],"predecessor-version":[{"id":9998,"href":"https:\/\/agora.xtec.cat\/ceip-torrojaimiret\/wp-json\/wp\/v2\/posts\/9990\/revisions\/9998"}],"wp:featuredmedia":[{"embeddable":true,"href":"https:\/\/agora.xtec.cat\/ceip-torrojaimiret\/wp-json\/wp\/v2\/media\/9996"}],"wp:attachment":[{"href":"https:\/\/agora.xtec.cat\/ceip-torrojaimiret\/wp-json\/wp\/v2\/media?parent=9990"}],"wp:term":[{"taxonomy":"category","embeddable":true,"href":"https:\/\/agora.xtec.cat\/ceip-torrojaimiret\/wp-json\/wp\/v2\/categories?post=9990"},{"taxonomy":"post_tag","embeddable":true,"href":"https:\/\/agora.xtec.cat\/ceip-torrojaimiret\/wp-json\/wp\/v2\/tags?post=9990"}],"curies":[{"name":"wp","href":"https:\/\/api.w.org\/{rel}","templated":true}]}}