{"id":9546,"date":"2018-02-28T13:28:14","date_gmt":"2018-02-28T12:28:14","guid":{"rendered":"http:\/\/agora.xtec.cat\/ceip-torrojaimiret\/?p=9546"},"modified":"2018-03-06T10:36:44","modified_gmt":"2018-03-06T09:36:44","slug":"persones-iguals","status":"publish","type":"post","link":"https:\/\/agora.xtec.cat\/ceip-torrojaimiret\/general\/persones-iguals\/","title":{"rendered":"PERSONES IGUALS"},"content":{"rendered":"<p><em><strong>D\u00f3na la nota<\/strong><\/em>\u00a0\u00e9s un projecte del\u00a0<em>Camp d\u2019Aprenentatge Pau Casals,<\/em>\u00a0que t\u00e9 l\u2019objectiu de reivindicar la import\u00e0ncia de la m\u00fasica en l\u2019educaci\u00f3 dels infants. Aquest any, a m\u00e9s, reivindicar\u00e0 la igualtat de g\u00e8nere.<\/p>\n<p>Aquest cop, amb D\u00d3NA LA NOTA, es vol recordar que tant si som nins, nenes, xiquetes, minyons, boixos, dones, noies o al\u00b7lots\u2026 som PERSONES IGUALS.<\/p>\n<p>Somiem un m\u00f3n on homes i dones ens respectem i tinguem les mateixes oportunitats davant la societat. La millor manera d\u2019aconseguir el nostre pr\u00f2posit \u00e9s a trav\u00e9s de la m\u00fasica, aquesta forma d\u2019expressi\u00f3 uneix persones de diverses capacitats, \u00e8tnies, edats, cultures, identitats, g\u00e8neres\u2026<\/p>\n<p>Per aquest motiu farem la seg\u00fcent activitat:<\/p>\n<h3>Cantar plegats\u00a0la can\u00e7\u00f3 PERSONES IGUALS\u00a0el 8 de mar\u00e7, Dia Internacional de les Dones,\u00a0a les 11h del mat\u00ed, als patis, places, carrers dels vostres pobles,\u00a0per tal de reivindicar la inclusi\u00f3 de totes les persones en igualtat de condicions en la nostra societat.<\/h3>\n<p><img loading=\"lazy\" decoding=\"async\" class=\"irc_mi alignleft\" src=\"https:\/\/image.flaticon.com\/icons\/svg\/54\/54551.svg\" alt=\"Resultat d'imatges de hoja papel\" width=\"78\" height=\"78\" \/>FITXA DE LA CAN\u00c7\u00d3 <a href=\"https:\/\/drive.google.com\/file\/d\/1xtVz5ViQORYSg5SOn73C3EBqcHu75AQk\/view?usp=sharing\" target=\"_blank\" rel=\"noopener noreferrer\">Aqu\u00ed<\/a><\/p>\n<p>&nbsp;<\/p>\n<p>&nbsp;<\/p>\n<p><a href=\"http:\/\/www.cdapaucasals.com\/wp-content\/uploads\/2017\/12\/Persones-Iguals.mp3\" target=\"_blank\" rel=\"noopener noreferrer\"><img loading=\"lazy\" decoding=\"async\" class=\"alignleft\" src=\"http:\/\/blocs.xtec.cat\/joseporriolsrocaaudiciollenguatge\/files\/2009\/10\/escoltar.png\" alt=\"Resultado de imagen de ESCOLTAR\" width=\"70\" height=\"70\" \/><\/a><\/p>\n<p>ESCOLTA LA CAN\u00c7\u00d3 &#8220;PERSONES IGUALS&#8221;\u00a0<a href=\"http:\/\/www.cdapaucasals.com\/wp-content\/uploads\/2017\/12\/Persones-Iguals.mp3\" target=\"_blank\" rel=\"noopener noreferrer\">Aqu\u00ed<\/a><\/p>\n<p>M<img loading=\"lazy\" decoding=\"async\" class=\"alignleft\" src=\"https:\/\/images-na.ssl-images-amazon.com\/images\/I\/61nyEVMtmmL._SX355_.jpg\" alt=\"Imatge relacionada\" width=\"133\" height=\"89\" \/>IRA EL V\u00cdDEO DE LA CAN\u00c7\u00d3. <a href=\"https:\/\/www.youtube.com\/watch?v=gQ01wgIw0KY\" target=\"_blank\" rel=\"noopener noreferrer\">Aqu\u00ed<\/a><\/p>\n<p>TAMB\u00c9 PODEU CLICAR DAMUNT LA SEG\u00dcENT FOTOGRAFIA I VEUREU EL <a href=\"https:\/\/www.youtube.com\/watch?v=gQ01wgIw0KY\" target=\"_blank\" rel=\"noopener noreferrer\">V\u00cdDEO <\/a>DE LA CAN\u00c7\u00d3.<\/p>\n<p><a href=\"https:\/\/www.youtube.com\/watch?v=gQ01wgIw0KY\" target=\"_blank\" rel=\"noopener noreferrer\"><img decoding=\"async\" src=\"https:\/\/i.ytimg.com\/vi\/gQ01wgIw0KY\/maxresdefault.jpg\" alt=\"Resultado de imagen de persones iguals\" \/><\/a><\/p>\n","protected":false},"excerpt":{"rendered":"<p>D\u00f3na la nota\u00a0\u00e9s un projecte del\u00a0Camp d\u2019Aprenentatge Pau Casals,\u00a0que t\u00e9 l\u2019objectiu de reivindicar la import\u00e0ncia de la m\u00fasica en l\u2019educaci\u00f3 dels infants. Aquest any, a m\u00e9s, reivindicar\u00e0 la igualtat de g\u00e8nere. Aquest cop, amb D\u00d3NA LA NOTA, es vol recordar que tant si som nins, nenes, xiquetes, minyons, boixos, dones, noies o al\u00b7lots\u2026 som PERSONES [&hellip;]<\/p>\n","protected":false},"author":37,"featured_media":9550,"comment_status":"open","ping_status":"closed","sticky":false,"template":"","format":"standard","meta":{"_bbp_topic_count":0,"_bbp_reply_count":0,"_bbp_total_topic_count":0,"_bbp_total_reply_count":0,"_bbp_voice_count":0,"_bbp_anonymous_reply_count":0,"_bbp_topic_count_hidden":0,"_bbp_reply_count_hidden":0,"_bbp_forum_subforum_count":0,"site-sidebar-layout":"default","site-content-layout":"","ast-site-content-layout":"","site-content-style":"default","site-sidebar-style":"default","ast-global-header-display":"","ast-banner-title-visibility":"","ast-main-header-display":"","ast-hfb-above-header-display":"","ast-hfb-below-header-display":"","ast-hfb-mobile-header-display":"","site-post-title":"","ast-breadcrumbs-content":"","ast-featured-img":"","footer-sml-layout":"","theme-transparent-header-meta":"","adv-header-id-meta":"","stick-header-meta":"","header-above-stick-meta":"","header-main-stick-meta":"","header-below-stick-meta":"","astra-migrate-meta-layouts":"default","ast-page-background-enabled":"default","ast-page-background-meta":{"desktop":{"background-color":"var(--ast-global-color-4)","background-image":"","background-repeat":"repeat","background-position":"center center","background-size":"auto","background-attachment":"scroll","background-type":"","background-media":"","overlay-type":"","overlay-color":"","overlay-opacity":"","overlay-gradient":""},"tablet":{"background-color":"","background-image":"","background-repeat":"repeat","background-position":"center center","background-size":"auto","background-attachment":"scroll","background-type":"","background-media":"","overlay-type":"","overlay-color":"","overlay-opacity":"","overlay-gradient":""},"mobile":{"background-color":"","background-image":"","background-repeat":"repeat","background-position":"center center","background-size":"auto","background-attachment":"scroll","background-type":"","background-media":"","overlay-type":"","overlay-color":"","overlay-opacity":"","overlay-gradient":""}},"ast-content-background-meta":{"desktop":{"background-color":"var(--ast-global-color-5)","background-image":"","background-repeat":"repeat","background-position":"center center","background-size":"auto","background-attachment":"scroll","background-type":"","background-media":"","overlay-type":"","overlay-color":"","overlay-opacity":"","overlay-gradient":""},"tablet":{"background-color":"var(--ast-global-color-5)","background-image":"","background-repeat":"repeat","background-position":"center center","background-size":"auto","background-attachment":"scroll","background-type":"","background-media":"","overlay-type":"","overlay-color":"","overlay-opacity":"","overlay-gradient":""},"mobile":{"background-color":"var(--ast-global-color-5)","background-image":"","background-repeat":"repeat","background-position":"center center","background-size":"auto","background-attachment":"scroll","background-type":"","background-media":"","overlay-type":"","overlay-color":"","overlay-opacity":"","overlay-gradient":""}},"footnotes":""},"categories":[10,11,12,13,14,15,1,2,70,72,3,8,9,4,5],"tags":[],"class_list":["post-9546","post","type-post","status-publish","format-standard","has-post-thumbnail","hentry","category-1r","category-2n","category-3r","category-4t","category-5e","category-6e","category-general","category-infantil","category-laula-de-musica","category-noticies","category-p3","category-p4","category-p5","category-portada","category-primaria"],"post_mailing_queue_ids":[],"_links":{"self":[{"href":"https:\/\/agora.xtec.cat\/ceip-torrojaimiret\/wp-json\/wp\/v2\/posts\/9546","targetHints":{"allow":["GET"]}}],"collection":[{"href":"https:\/\/agora.xtec.cat\/ceip-torrojaimiret\/wp-json\/wp\/v2\/posts"}],"about":[{"href":"https:\/\/agora.xtec.cat\/ceip-torrojaimiret\/wp-json\/wp\/v2\/types\/post"}],"author":[{"embeddable":true,"href":"https:\/\/agora.xtec.cat\/ceip-torrojaimiret\/wp-json\/wp\/v2\/users\/37"}],"replies":[{"embeddable":true,"href":"https:\/\/agora.xtec.cat\/ceip-torrojaimiret\/wp-json\/wp\/v2\/comments?post=9546"}],"version-history":[{"count":3,"href":"https:\/\/agora.xtec.cat\/ceip-torrojaimiret\/wp-json\/wp\/v2\/posts\/9546\/revisions"}],"predecessor-version":[{"id":9610,"href":"https:\/\/agora.xtec.cat\/ceip-torrojaimiret\/wp-json\/wp\/v2\/posts\/9546\/revisions\/9610"}],"wp:featuredmedia":[{"embeddable":true,"href":"https:\/\/agora.xtec.cat\/ceip-torrojaimiret\/wp-json\/wp\/v2\/media\/9550"}],"wp:attachment":[{"href":"https:\/\/agora.xtec.cat\/ceip-torrojaimiret\/wp-json\/wp\/v2\/media?parent=9546"}],"wp:term":[{"taxonomy":"category","embeddable":true,"href":"https:\/\/agora.xtec.cat\/ceip-torrojaimiret\/wp-json\/wp\/v2\/categories?post=9546"},{"taxonomy":"post_tag","embeddable":true,"href":"https:\/\/agora.xtec.cat\/ceip-torrojaimiret\/wp-json\/wp\/v2\/tags?post=9546"}],"curies":[{"name":"wp","href":"https:\/\/api.w.org\/{rel}","templated":true}]}}