{"id":9490,"date":"2018-02-22T14:00:38","date_gmt":"2018-02-22T13:00:38","guid":{"rendered":"http:\/\/agora.xtec.cat\/ceip-torrojaimiret\/?p=9490"},"modified":"2018-02-22T14:02:12","modified_gmt":"2018-02-22T13:02:12","slug":"sessio-de-llum-a-psicomotricitat-febrer","status":"publish","type":"post","link":"https:\/\/agora.xtec.cat\/ceip-torrojaimiret\/general\/sessio-de-llum-a-psicomotricitat-febrer\/","title":{"rendered":"SESSI\u00d3 DE LLUM A PSICOMOTRICITAT (FEBRER)"},"content":{"rendered":"<p>Aquesta setmana a Psico hem treballat, experimentat i gaudit amb la LLUM.<\/p>\n<p>Aquest \u00e9s un element que els emociona molt, entre altres coses, pels efectes que crea, perqu\u00e8 est\u00e0 relacionat amb la foscor i, en definitiva, perqu\u00e8 el joc amb la llum crea un ambient m\u00e0gic i d&#8217;intriga.<\/p>\n<p>Com la darrera vegada hem preparat 2 taules de llum que canvien de color on els nens\/es juguen amb objectes transl\u00facids ( perqu\u00e8 deixen passar la llum); un rac\u00f3 d&#8217;ombres de colors; una caixa gran amb llumetes (que anomenem la cabanya de les llums); el rac\u00f3 de les ombres per jugar a fer hist\u00f2ries d&#8217;ombres amb animals o amb el nostre propi cos. Un sorral i dos racons amb un mirall cada u per fer construccions amb peces magn\u00e8tiques i altre amb l&#8217;arc de Sant Marti per fer infinitats de construccions.<\/p>\n<p>Diferents racons on\u00a0 mitjan\u00e7ant la llum els nens\/es aprenen continguts tant de l&#8217;\u00e0rea de comunicaci\u00f3 i llenguatges com de descoberta de l&#8217;entorn.<\/p>\n<p><a href=\"https:\/\/photos.app.goo.gl\/ddMIamkeU08OXTFL2\">P3A<\/a><\/p>\n<p><a href=\"https:\/\/photos.app.goo.gl\/fJhzwEvYaYd09QLX2\">P3B<\/a><\/p>\n<p><a href=\"https:\/\/photos.app.goo.gl\/h5dNmi45EVZxpGSJ2\">P4A<\/a><\/p>\n<p><a href=\"https:\/\/photos.app.goo.gl\/34iQvAkuqQYezGay1\">P4B<\/a><\/p>\n<p><a href=\"https:\/\/photos.app.goo.gl\/D8bio5srZhpIw8yw1\">P5A<\/a><\/p>\n<p><a href=\"https:\/\/photos.app.goo.gl\/ecqaHcHvZOIrZR3i1\">P5B<\/a><\/p>\n<p>&nbsp;<\/p>\n","protected":false},"excerpt":{"rendered":"<p>Aquesta setmana a Psico hem treballat, experimentat i gaudit amb la LLUM. Aquest \u00e9s un element que els emociona molt, entre altres coses, pels efectes que crea, perqu\u00e8 est\u00e0 relacionat amb la foscor i, en definitiva, perqu\u00e8 el joc amb la llum crea un ambient m\u00e0gic i d&#8217;intriga. Com la darrera vegada hem preparat 2 [&hellip;]<\/p>\n","protected":false},"author":37,"featured_media":9521,"comment_status":"open","ping_status":"closed","sticky":false,"template":"","format":"standard","meta":{"_bbp_topic_count":0,"_bbp_reply_count":0,"_bbp_total_topic_count":0,"_bbp_total_reply_count":0,"_bbp_voice_count":0,"_bbp_anonymous_reply_count":0,"_bbp_topic_count_hidden":0,"_bbp_reply_count_hidden":0,"_bbp_forum_subforum_count":0,"site-sidebar-layout":"default","site-content-layout":"","ast-site-content-layout":"","site-content-style":"default","site-sidebar-style":"default","ast-global-header-display":"","ast-banner-title-visibility":"","ast-main-header-display":"","ast-hfb-above-header-display":"","ast-hfb-below-header-display":"","ast-hfb-mobile-header-display":"","site-post-title":"","ast-breadcrumbs-content":"","ast-featured-img":"","footer-sml-layout":"","theme-transparent-header-meta":"","adv-header-id-meta":"","stick-header-meta":"","header-above-stick-meta":"","header-main-stick-meta":"","header-below-stick-meta":"","astra-migrate-meta-layouts":"default","ast-page-background-enabled":"default","ast-page-background-meta":{"desktop":{"background-color":"var(--ast-global-color-4)","background-image":"","background-repeat":"repeat","background-position":"center center","background-size":"auto","background-attachment":"scroll","background-type":"","background-media":"","overlay-type":"","overlay-color":"","overlay-opacity":"","overlay-gradient":""},"tablet":{"background-color":"","background-image":"","background-repeat":"repeat","background-position":"center center","background-size":"auto","background-attachment":"scroll","background-type":"","background-media":"","overlay-type":"","overlay-color":"","overlay-opacity":"","overlay-gradient":""},"mobile":{"background-color":"","background-image":"","background-repeat":"repeat","background-position":"center center","background-size":"auto","background-attachment":"scroll","background-type":"","background-media":"","overlay-type":"","overlay-color":"","overlay-opacity":"","overlay-gradient":""}},"ast-content-background-meta":{"desktop":{"background-color":"var(--ast-global-color-5)","background-image":"","background-repeat":"repeat","background-position":"center center","background-size":"auto","background-attachment":"scroll","background-type":"","background-media":"","overlay-type":"","overlay-color":"","overlay-opacity":"","overlay-gradient":""},"tablet":{"background-color":"var(--ast-global-color-5)","background-image":"","background-repeat":"repeat","background-position":"center center","background-size":"auto","background-attachment":"scroll","background-type":"","background-media":"","overlay-type":"","overlay-color":"","overlay-opacity":"","overlay-gradient":""},"mobile":{"background-color":"var(--ast-global-color-5)","background-image":"","background-repeat":"repeat","background-position":"center center","background-size":"auto","background-attachment":"scroll","background-type":"","background-media":"","overlay-type":"","overlay-color":"","overlay-opacity":"","overlay-gradient":""}},"footnotes":""},"categories":[1,2,3,8,9],"tags":[],"class_list":["post-9490","post","type-post","status-publish","format-standard","has-post-thumbnail","hentry","category-general","category-infantil","category-p3","category-p4","category-p5"],"post_mailing_queue_ids":[],"_links":{"self":[{"href":"https:\/\/agora.xtec.cat\/ceip-torrojaimiret\/wp-json\/wp\/v2\/posts\/9490","targetHints":{"allow":["GET"]}}],"collection":[{"href":"https:\/\/agora.xtec.cat\/ceip-torrojaimiret\/wp-json\/wp\/v2\/posts"}],"about":[{"href":"https:\/\/agora.xtec.cat\/ceip-torrojaimiret\/wp-json\/wp\/v2\/types\/post"}],"author":[{"embeddable":true,"href":"https:\/\/agora.xtec.cat\/ceip-torrojaimiret\/wp-json\/wp\/v2\/users\/37"}],"replies":[{"embeddable":true,"href":"https:\/\/agora.xtec.cat\/ceip-torrojaimiret\/wp-json\/wp\/v2\/comments?post=9490"}],"version-history":[{"count":4,"href":"https:\/\/agora.xtec.cat\/ceip-torrojaimiret\/wp-json\/wp\/v2\/posts\/9490\/revisions"}],"predecessor-version":[{"id":9523,"href":"https:\/\/agora.xtec.cat\/ceip-torrojaimiret\/wp-json\/wp\/v2\/posts\/9490\/revisions\/9523"}],"wp:featuredmedia":[{"embeddable":true,"href":"https:\/\/agora.xtec.cat\/ceip-torrojaimiret\/wp-json\/wp\/v2\/media\/9521"}],"wp:attachment":[{"href":"https:\/\/agora.xtec.cat\/ceip-torrojaimiret\/wp-json\/wp\/v2\/media?parent=9490"}],"wp:term":[{"taxonomy":"category","embeddable":true,"href":"https:\/\/agora.xtec.cat\/ceip-torrojaimiret\/wp-json\/wp\/v2\/categories?post=9490"},{"taxonomy":"post_tag","embeddable":true,"href":"https:\/\/agora.xtec.cat\/ceip-torrojaimiret\/wp-json\/wp\/v2\/tags?post=9490"}],"curies":[{"name":"wp","href":"https:\/\/api.w.org\/{rel}","templated":true}]}}