{"id":9322,"date":"2018-01-27T16:49:27","date_gmt":"2018-01-27T15:49:27","guid":{"rendered":"http:\/\/agora.xtec.cat\/ceip-torrojaimiret\/?p=9322"},"modified":"2018-01-27T16:49:27","modified_gmt":"2018-01-27T15:49:27","slug":"noticies-per-compartir-sandra","status":"publish","type":"post","link":"https:\/\/agora.xtec.cat\/ceip-torrojaimiret\/general\/noticies-per-compartir-sandra\/","title":{"rendered":"Not\u00edcies per compartir: SANDRA"},"content":{"rendered":"<p>Aquesta setmana hem tingut a la Sandra fent de periodista. Cada dia de la setmana ens ha portat una not\u00edcia que ens ha explicat amb molts detalls. Les not\u00edcies que ens va portar s\u00f3n: l&#8217;incendi d&#8217;una casa a Vila-seca, la visita dels reis mags al poble, la caiguda d&#8217;una dent de la seva germana, la visita al parc de nadal de Salou &#8230;.<br \/>\nQuina ser\u00e0 la not\u00edcia m\u00e9s important per a ella? Doncs per explicar-la va venir amb la seva mare! Aprofitant que a la Sandra li encanta ballar, l&#8217;\u00faltima not\u00edcia anava relacionada amb el ball.<\/p>\n<p>La Sandra va a classes de salsa i ballet i ens ha portat les seves sabates de tal\u00f3, i els seus vestits de salsa. A m\u00e9s a m\u00e9s, ens hem assabentat que forma part d&#8217;un grup de ball i \u00e9s la m\u00e9s petita de totes!! Ning\u00fa ho diria veient els v\u00eddeos que ens va portar de les exhibicions a les que assisteix. \u00c9s tota una ballarina!<\/p>\n<p>Ens va encantar veure com ho feia i ens va agradar tant que va ser la not\u00edcia m\u00e9s votada de totes.<\/p>\n<p>Moltes <span class=\"hiddenGrammarError\">gr\u00e0cies fam\u00edlia<\/span> ho heu fet molt b\u00e9!<\/p>\n<p><a href=\"https:\/\/photos.app.goo.gl\/1NNjd9SMsxBcoSB33\">Periodista Sandra<\/a><\/p>\n","protected":false},"excerpt":{"rendered":"<p>Aquesta setmana hem tingut a la Sandra fent de periodista. Cada dia de la setmana ens ha portat una not\u00edcia que ens ha explicat amb molts detalls. Les not\u00edcies que ens va portar s\u00f3n: l&#8217;incendi d&#8217;una casa a Vila-seca, la visita dels reis mags al poble, la caiguda d&#8217;una dent de la seva germana, la [&hellip;]<\/p>\n","protected":false},"author":1,"featured_media":9324,"comment_status":"open","ping_status":"closed","sticky":false,"template":"","format":"standard","meta":{"_bbp_topic_count":0,"_bbp_reply_count":0,"_bbp_total_topic_count":0,"_bbp_total_reply_count":0,"_bbp_voice_count":0,"_bbp_anonymous_reply_count":0,"_bbp_topic_count_hidden":0,"_bbp_reply_count_hidden":0,"_bbp_forum_subforum_count":0,"site-sidebar-layout":"default","site-content-layout":"","ast-site-content-layout":"","site-content-style":"default","site-sidebar-style":"default","ast-global-header-display":"","ast-banner-title-visibility":"","ast-main-header-display":"","ast-hfb-above-header-display":"","ast-hfb-below-header-display":"","ast-hfb-mobile-header-display":"","site-post-title":"","ast-breadcrumbs-content":"","ast-featured-img":"","footer-sml-layout":"","theme-transparent-header-meta":"","adv-header-id-meta":"","stick-header-meta":"","header-above-stick-meta":"","header-main-stick-meta":"","header-below-stick-meta":"","astra-migrate-meta-layouts":"default","ast-page-background-enabled":"default","ast-page-background-meta":{"desktop":{"background-color":"var(--ast-global-color-4)","background-image":"","background-repeat":"repeat","background-position":"center center","background-size":"auto","background-attachment":"scroll","background-type":"","background-media":"","overlay-type":"","overlay-color":"","overlay-opacity":"","overlay-gradient":""},"tablet":{"background-color":"","background-image":"","background-repeat":"repeat","background-position":"center center","background-size":"auto","background-attachment":"scroll","background-type":"","background-media":"","overlay-type":"","overlay-color":"","overlay-opacity":"","overlay-gradient":""},"mobile":{"background-color":"","background-image":"","background-repeat":"repeat","background-position":"center center","background-size":"auto","background-attachment":"scroll","background-type":"","background-media":"","overlay-type":"","overlay-color":"","overlay-opacity":"","overlay-gradient":""}},"ast-content-background-meta":{"desktop":{"background-color":"var(--ast-global-color-5)","background-image":"","background-repeat":"repeat","background-position":"center center","background-size":"auto","background-attachment":"scroll","background-type":"","background-media":"","overlay-type":"","overlay-color":"","overlay-opacity":"","overlay-gradient":""},"tablet":{"background-color":"var(--ast-global-color-5)","background-image":"","background-repeat":"repeat","background-position":"center center","background-size":"auto","background-attachment":"scroll","background-type":"","background-media":"","overlay-type":"","overlay-color":"","overlay-opacity":"","overlay-gradient":""},"mobile":{"background-color":"var(--ast-global-color-5)","background-image":"","background-repeat":"repeat","background-position":"center center","background-size":"auto","background-attachment":"scroll","background-type":"","background-media":"","overlay-type":"","overlay-color":"","overlay-opacity":"","overlay-gradient":""}},"footnotes":""},"categories":[1,9],"tags":[],"class_list":["post-9322","post","type-post","status-publish","format-standard","has-post-thumbnail","hentry","category-general","category-p5"],"post_mailing_queue_ids":[],"_links":{"self":[{"href":"https:\/\/agora.xtec.cat\/ceip-torrojaimiret\/wp-json\/wp\/v2\/posts\/9322","targetHints":{"allow":["GET"]}}],"collection":[{"href":"https:\/\/agora.xtec.cat\/ceip-torrojaimiret\/wp-json\/wp\/v2\/posts"}],"about":[{"href":"https:\/\/agora.xtec.cat\/ceip-torrojaimiret\/wp-json\/wp\/v2\/types\/post"}],"author":[{"embeddable":true,"href":"https:\/\/agora.xtec.cat\/ceip-torrojaimiret\/wp-json\/wp\/v2\/users\/1"}],"replies":[{"embeddable":true,"href":"https:\/\/agora.xtec.cat\/ceip-torrojaimiret\/wp-json\/wp\/v2\/comments?post=9322"}],"version-history":[{"count":2,"href":"https:\/\/agora.xtec.cat\/ceip-torrojaimiret\/wp-json\/wp\/v2\/posts\/9322\/revisions"}],"predecessor-version":[{"id":9325,"href":"https:\/\/agora.xtec.cat\/ceip-torrojaimiret\/wp-json\/wp\/v2\/posts\/9322\/revisions\/9325"}],"wp:featuredmedia":[{"embeddable":true,"href":"https:\/\/agora.xtec.cat\/ceip-torrojaimiret\/wp-json\/wp\/v2\/media\/9324"}],"wp:attachment":[{"href":"https:\/\/agora.xtec.cat\/ceip-torrojaimiret\/wp-json\/wp\/v2\/media?parent=9322"}],"wp:term":[{"taxonomy":"category","embeddable":true,"href":"https:\/\/agora.xtec.cat\/ceip-torrojaimiret\/wp-json\/wp\/v2\/categories?post=9322"},{"taxonomy":"post_tag","embeddable":true,"href":"https:\/\/agora.xtec.cat\/ceip-torrojaimiret\/wp-json\/wp\/v2\/tags?post=9322"}],"curies":[{"name":"wp","href":"https:\/\/api.w.org\/{rel}","templated":true}]}}