{"id":8449,"date":"2017-05-22T11:23:47","date_gmt":"2017-05-22T09:23:47","guid":{"rendered":"http:\/\/blocs.xtec.cat\/ceiptorrojaimiret\/?p=8449"},"modified":"2017-05-22T11:23:47","modified_gmt":"2017-05-22T09:23:47","slug":"contes-per-compartir-p4b-marcel","status":"publish","type":"post","link":"https:\/\/agora.xtec.cat\/ceip-torrojaimiret\/general\/contes-per-compartir-p4b-marcel\/","title":{"rendered":"CONTES PER COMPARTIR P4B: MARCEL"},"content":{"rendered":"<p style=\"text-align: justify;\">Fa dues setmanes a P4B, vam tenir al Marcel com a protagonista del projecte Vincles. \u00c9s per aix\u00f2 que durant aquella setmana ens va anar portant pistes del conte que el divendres ens explicaria la seva mare.<\/p>\n<ul>\n<li style=\"text-align: justify;\">Dilluns: un mapa del tresor<\/li>\n<li style=\"text-align: justify;\">Dimarts: un vaixell<\/li>\n<li style=\"text-align: justify;\">Dimecres: foto d&#8217;un taur\u00f3<\/li>\n<li style=\"text-align: justify;\">Dijous: dibuix d&#8217;una tempesta<\/li>\n<\/ul>\n<p style=\"text-align: justify;\">Sabeu quin conte pot ser?? Doncs mireu, \u00e9s el conte del Follet Oriol i l&#8217;aventura de la xocolata. En aquest, el follet Oriol i el seu amic Pol inicien un viatge per mar per tal de reviure les intr\u00e8pides aventures d&#8217;en Quint\u00ed, el besavi de l&#8217;Oriol. Emprenen el viatge amb totes les coses necess\u00e0ries, per\u00f2 els sorpr\u00e8n una tempesta molt forta i, en lloc d&#8217;arribar al dest\u00ed previst, van a parar a una illa molt especial, perqu\u00e8 s&#8217;hi conrea cacau, del qual s&#8217;obt\u00e9 la xocolata. Despr\u00e9s de tastar-la i d &#8216; aprendre com s&#8217;elabora, els nostres amics tornen a la seva vall i poden gaudir d&#8217;aquest menjar tan delici\u00f3s.<\/p>\n<p style=\"text-align: justify;\">Per acabar, el Marcel, ens va regalar unes pedres que la seva iaia havia pintat personalment per cadascun de nosaltres.<\/p>\n<p style=\"text-align: justify;\">Si ho voleu veure, clickeu, clickeu.<\/p>\n<p style=\"text-align: justify;\"><a href=\"https:\/\/goo.gl\/photos\/H52eijaX2EUrspwXA\">https:\/\/goo.gl\/photos\/H52eijaX2EUrspwXA<\/a><\/p>\n<p style=\"text-align: justify;\">\n","protected":false},"excerpt":{"rendered":"<p>Fa dues setmanes a P4B, vam tenir al Marcel com a protagonista del projecte Vincles. \u00c9s per aix\u00f2 que durant aquella setmana ens va anar portant pistes del conte que el divendres ens explicaria la seva mare. Dilluns: un mapa del tresor Dimarts: un vaixell Dimecres: foto d&#8217;un taur\u00f3 Dijous: dibuix d&#8217;una tempesta Sabeu quin [&hellip;]<\/p>\n","protected":false},"author":1,"featured_media":0,"comment_status":"open","ping_status":"open","sticky":false,"template":"","format":"standard","meta":{"_bbp_topic_count":0,"_bbp_reply_count":0,"_bbp_total_topic_count":0,"_bbp_total_reply_count":0,"_bbp_voice_count":0,"_bbp_anonymous_reply_count":0,"_bbp_topic_count_hidden":0,"_bbp_reply_count_hidden":0,"_bbp_forum_subforum_count":0,"site-sidebar-layout":"default","site-content-layout":"","ast-site-content-layout":"","site-content-style":"default","site-sidebar-style":"default","ast-global-header-display":"","ast-banner-title-visibility":"","ast-main-header-display":"","ast-hfb-above-header-display":"","ast-hfb-below-header-display":"","ast-hfb-mobile-header-display":"","site-post-title":"","ast-breadcrumbs-content":"","ast-featured-img":"","footer-sml-layout":"","theme-transparent-header-meta":"","adv-header-id-meta":"","stick-header-meta":"","header-above-stick-meta":"","header-main-stick-meta":"","header-below-stick-meta":"","astra-migrate-meta-layouts":"default","ast-page-background-enabled":"default","ast-page-background-meta":{"desktop":{"background-color":"var(--ast-global-color-4)","background-image":"","background-repeat":"repeat","background-position":"center center","background-size":"auto","background-attachment":"scroll","background-type":"","background-media":"","overlay-type":"","overlay-color":"","overlay-opacity":"","overlay-gradient":""},"tablet":{"background-color":"","background-image":"","background-repeat":"repeat","background-position":"center center","background-size":"auto","background-attachment":"scroll","background-type":"","background-media":"","overlay-type":"","overlay-color":"","overlay-opacity":"","overlay-gradient":""},"mobile":{"background-color":"","background-image":"","background-repeat":"repeat","background-position":"center center","background-size":"auto","background-attachment":"scroll","background-type":"","background-media":"","overlay-type":"","overlay-color":"","overlay-opacity":"","overlay-gradient":""}},"ast-content-background-meta":{"desktop":{"background-color":"var(--ast-global-color-5)","background-image":"","background-repeat":"repeat","background-position":"center center","background-size":"auto","background-attachment":"scroll","background-type":"","background-media":"","overlay-type":"","overlay-color":"","overlay-opacity":"","overlay-gradient":""},"tablet":{"background-color":"var(--ast-global-color-5)","background-image":"","background-repeat":"repeat","background-position":"center center","background-size":"auto","background-attachment":"scroll","background-type":"","background-media":"","overlay-type":"","overlay-color":"","overlay-opacity":"","overlay-gradient":""},"mobile":{"background-color":"var(--ast-global-color-5)","background-image":"","background-repeat":"repeat","background-position":"center center","background-size":"auto","background-attachment":"scroll","background-type":"","background-media":"","overlay-type":"","overlay-color":"","overlay-opacity":"","overlay-gradient":""}},"footnotes":""},"categories":[1],"tags":[],"class_list":["post-8449","post","type-post","status-publish","format-standard","hentry","category-general"],"post_mailing_queue_ids":[],"_links":{"self":[{"href":"https:\/\/agora.xtec.cat\/ceip-torrojaimiret\/wp-json\/wp\/v2\/posts\/8449","targetHints":{"allow":["GET"]}}],"collection":[{"href":"https:\/\/agora.xtec.cat\/ceip-torrojaimiret\/wp-json\/wp\/v2\/posts"}],"about":[{"href":"https:\/\/agora.xtec.cat\/ceip-torrojaimiret\/wp-json\/wp\/v2\/types\/post"}],"author":[{"embeddable":true,"href":"https:\/\/agora.xtec.cat\/ceip-torrojaimiret\/wp-json\/wp\/v2\/users\/1"}],"replies":[{"embeddable":true,"href":"https:\/\/agora.xtec.cat\/ceip-torrojaimiret\/wp-json\/wp\/v2\/comments?post=8449"}],"version-history":[{"count":0,"href":"https:\/\/agora.xtec.cat\/ceip-torrojaimiret\/wp-json\/wp\/v2\/posts\/8449\/revisions"}],"wp:attachment":[{"href":"https:\/\/agora.xtec.cat\/ceip-torrojaimiret\/wp-json\/wp\/v2\/media?parent=8449"}],"wp:term":[{"taxonomy":"category","embeddable":true,"href":"https:\/\/agora.xtec.cat\/ceip-torrojaimiret\/wp-json\/wp\/v2\/categories?post=8449"},{"taxonomy":"post_tag","embeddable":true,"href":"https:\/\/agora.xtec.cat\/ceip-torrojaimiret\/wp-json\/wp\/v2\/tags?post=8449"}],"curies":[{"name":"wp","href":"https:\/\/api.w.org\/{rel}","templated":true}]}}