{"id":8430,"date":"2017-05-17T15:56:32","date_gmt":"2017-05-17T13:56:32","guid":{"rendered":"http:\/\/blocs.xtec.cat\/ceiptorrojaimiret\/?p=8430"},"modified":"2017-05-17T15:56:32","modified_gmt":"2017-05-17T13:56:32","slug":"protagonista-de-la-setmana-marc-pedrola","status":"publish","type":"post","link":"https:\/\/agora.xtec.cat\/ceip-torrojaimiret\/general\/protagonista-de-la-setmana-marc-pedrola\/","title":{"rendered":"Protagonista de la setmana Marc Pedrola"},"content":{"rendered":"<p>La setmana passada el protagonista de la setmana de la classe del bosc ha sigut el Marc Pedrola.<br \/>\nCada dia ens ha portat una coseta de quan era petit, hem conegut a dos pelutxos &#8221; el pop i el lle\u00f3 &#8221; s\u00f3n els qui li fan companyia a l&#8217;hora de dormir, tamb\u00e9 ens ha portat un conte d&#8217;on viuen els animals que li ha comprat la seva mare, i la seva iaia li ha regalat una caixa plena d&#8217;instruments amb els que fan concerts a casa amb la seva fam\u00edlia.<\/p>\n<p>El divendres la seva mare Marta, el seu pare Josep i el seu germ\u00e0 petit Guillem van venir a la classe a explicar-nos m\u00e9s secrets de quan el Marc era petit. La seva fam\u00edlia \u00e9s de Val\u00e8ncia i algun cap de setmana agafen el cotxe per anar a veure els avis. Al Marc li agrada molt anar amb bicicleta i menjar xocolata. Els seus dibuixos preferits s\u00f3n la patrulla canina.<br \/>\nEls seus pares ens han portat a la classe les seves mascotes, s\u00f3n dues tortugues molt boniques que es diuen Poquito i Paquita, i els m\u00e9s valents les hem pogut tocar.<br \/>\nPer acabar la sessi\u00f3 ens ha regalat una piruleta a cadasc\u00fa amb una imatge d&#8217;un dimoni.<\/p>\n<p>Gr\u00e0cies fam\u00edlia per haver participat en el nostre projecte vincles, esperem que hagueu disfrutat molt de l&#8217;experi\u00e8ncia !!!<\/p>\n<p><a href=\"https:\/\/goo.gl\/photos\/jcfiUJckXkqb1rfM8\">protagonista Marc Pedrola<\/a><\/p>\n","protected":false},"excerpt":{"rendered":"<p>La setmana passada el protagonista de la setmana de la classe del bosc ha sigut el Marc Pedrola. Cada dia ens ha portat una coseta de quan era petit, hem conegut a dos pelutxos &#8221; el pop i el lle\u00f3 &#8221; s\u00f3n els qui li fan companyia a l&#8217;hora de dormir, tamb\u00e9 ens ha portat [&hellip;]<\/p>\n","protected":false},"author":1,"featured_media":0,"comment_status":"open","ping_status":"open","sticky":false,"template":"","format":"standard","meta":{"_bbp_topic_count":0,"_bbp_reply_count":0,"_bbp_total_topic_count":0,"_bbp_total_reply_count":0,"_bbp_voice_count":0,"_bbp_anonymous_reply_count":0,"_bbp_topic_count_hidden":0,"_bbp_reply_count_hidden":0,"_bbp_forum_subforum_count":0,"site-sidebar-layout":"default","site-content-layout":"","ast-site-content-layout":"","site-content-style":"default","site-sidebar-style":"default","ast-global-header-display":"","ast-banner-title-visibility":"","ast-main-header-display":"","ast-hfb-above-header-display":"","ast-hfb-below-header-display":"","ast-hfb-mobile-header-display":"","site-post-title":"","ast-breadcrumbs-content":"","ast-featured-img":"","footer-sml-layout":"","theme-transparent-header-meta":"","adv-header-id-meta":"","stick-header-meta":"","header-above-stick-meta":"","header-main-stick-meta":"","header-below-stick-meta":"","astra-migrate-meta-layouts":"default","ast-page-background-enabled":"default","ast-page-background-meta":{"desktop":{"background-color":"var(--ast-global-color-4)","background-image":"","background-repeat":"repeat","background-position":"center center","background-size":"auto","background-attachment":"scroll","background-type":"","background-media":"","overlay-type":"","overlay-color":"","overlay-opacity":"","overlay-gradient":""},"tablet":{"background-color":"","background-image":"","background-repeat":"repeat","background-position":"center center","background-size":"auto","background-attachment":"scroll","background-type":"","background-media":"","overlay-type":"","overlay-color":"","overlay-opacity":"","overlay-gradient":""},"mobile":{"background-color":"","background-image":"","background-repeat":"repeat","background-position":"center center","background-size":"auto","background-attachment":"scroll","background-type":"","background-media":"","overlay-type":"","overlay-color":"","overlay-opacity":"","overlay-gradient":""}},"ast-content-background-meta":{"desktop":{"background-color":"var(--ast-global-color-5)","background-image":"","background-repeat":"repeat","background-position":"center center","background-size":"auto","background-attachment":"scroll","background-type":"","background-media":"","overlay-type":"","overlay-color":"","overlay-opacity":"","overlay-gradient":""},"tablet":{"background-color":"var(--ast-global-color-5)","background-image":"","background-repeat":"repeat","background-position":"center center","background-size":"auto","background-attachment":"scroll","background-type":"","background-media":"","overlay-type":"","overlay-color":"","overlay-opacity":"","overlay-gradient":""},"mobile":{"background-color":"var(--ast-global-color-5)","background-image":"","background-repeat":"repeat","background-position":"center center","background-size":"auto","background-attachment":"scroll","background-type":"","background-media":"","overlay-type":"","overlay-color":"","overlay-opacity":"","overlay-gradient":""}},"footnotes":""},"categories":[1],"tags":[],"class_list":["post-8430","post","type-post","status-publish","format-standard","hentry","category-general"],"post_mailing_queue_ids":[],"_links":{"self":[{"href":"https:\/\/agora.xtec.cat\/ceip-torrojaimiret\/wp-json\/wp\/v2\/posts\/8430","targetHints":{"allow":["GET"]}}],"collection":[{"href":"https:\/\/agora.xtec.cat\/ceip-torrojaimiret\/wp-json\/wp\/v2\/posts"}],"about":[{"href":"https:\/\/agora.xtec.cat\/ceip-torrojaimiret\/wp-json\/wp\/v2\/types\/post"}],"author":[{"embeddable":true,"href":"https:\/\/agora.xtec.cat\/ceip-torrojaimiret\/wp-json\/wp\/v2\/users\/1"}],"replies":[{"embeddable":true,"href":"https:\/\/agora.xtec.cat\/ceip-torrojaimiret\/wp-json\/wp\/v2\/comments?post=8430"}],"version-history":[{"count":0,"href":"https:\/\/agora.xtec.cat\/ceip-torrojaimiret\/wp-json\/wp\/v2\/posts\/8430\/revisions"}],"wp:attachment":[{"href":"https:\/\/agora.xtec.cat\/ceip-torrojaimiret\/wp-json\/wp\/v2\/media?parent=8430"}],"wp:term":[{"taxonomy":"category","embeddable":true,"href":"https:\/\/agora.xtec.cat\/ceip-torrojaimiret\/wp-json\/wp\/v2\/categories?post=8430"},{"taxonomy":"post_tag","embeddable":true,"href":"https:\/\/agora.xtec.cat\/ceip-torrojaimiret\/wp-json\/wp\/v2\/tags?post=8430"}],"curies":[{"name":"wp","href":"https:\/\/api.w.org\/{rel}","templated":true}]}}