{"id":8421,"date":"2017-05-17T11:32:09","date_gmt":"2017-05-17T09:32:09","guid":{"rendered":"http:\/\/blocs.xtec.cat\/ceiptorrojaimiret\/?p=8421"},"modified":"2017-05-17T11:32:09","modified_gmt":"2017-05-17T09:32:09","slug":"ensenyar-i-explicar-p4b-jorgina","status":"publish","type":"post","link":"https:\/\/agora.xtec.cat\/ceip-torrojaimiret\/general\/ensenyar-i-explicar-p4b-jorgina\/","title":{"rendered":"ENSENYAR I EXPLICAR P4B: JORGINA"},"content":{"rendered":"<p style=\"text-align: justify;\">La setmana passada, a la classe de les Bruixes i els Mags, la Jorgina ens va portar una girafa per a l&#8217;Ensenyar i explicar, i tot aix\u00f2 \u00e9s el que ens va explicar&#8230;<\/p>\n<p style=\"text-align: justify;\">&#8220;He portat aquest girafa perqu\u00e8 sempre jugo amb ella. No m&#8217;enrecordo qui em va regalar aquest peluix, per\u00f2 m&#8217;agrada molt seure al sof\u00e0 de casa i abra\u00e7ar-la.<\/p>\n<p style=\"text-align: justify;\">Sembla una joguina perqu\u00e8 \u00e9s un nino per\u00f2 es tou com un coix\u00ed. \u00c9s una girafa petita i a tot el cos t\u00e9 quadradets de color taronja, com les girafes de veritat. Tamb\u00e8 t\u00e9 el coll curt i per aix\u00f2 no sembla una girafa, perqu\u00e8 totes les que jo he vist tenen el coll molt llarg per arribar a les fulles dels arbres i menjar.<\/p>\n<p style=\"text-align: justify;\">T\u00e9 quatre potes rodones, dues orelles i dues banyes. Tamb\u00e8 t\u00e9 una mica de cabell i la seva cua \u00e9s curta amb una mica de p\u00e9l.&#8221;<\/p>\n<p style=\"text-align: justify;\">\n<p style=\"text-align: justify;\"><a href=\"https:\/\/goo.gl\/photos\/o6ZZPn1gFJKXLHKF8\">ENSENYAR I EXPLICAR JORGINA<\/a><\/p>\n<p>&nbsp;<\/p>\n<p>&nbsp;<\/p>\n","protected":false},"excerpt":{"rendered":"<p>La setmana passada, a la classe de les Bruixes i els Mags, la Jorgina ens va portar una girafa per a l&#8217;Ensenyar i explicar, i tot aix\u00f2 \u00e9s el que ens va explicar&#8230; &#8220;He portat aquest girafa perqu\u00e8 sempre jugo amb ella. No m&#8217;enrecordo qui em va regalar aquest peluix, per\u00f2 m&#8217;agrada molt seure al [&hellip;]<\/p>\n","protected":false},"author":1,"featured_media":0,"comment_status":"open","ping_status":"open","sticky":false,"template":"","format":"standard","meta":{"_bbp_topic_count":0,"_bbp_reply_count":0,"_bbp_total_topic_count":0,"_bbp_total_reply_count":0,"_bbp_voice_count":0,"_bbp_anonymous_reply_count":0,"_bbp_topic_count_hidden":0,"_bbp_reply_count_hidden":0,"_bbp_forum_subforum_count":0,"site-sidebar-layout":"default","site-content-layout":"","ast-site-content-layout":"","site-content-style":"default","site-sidebar-style":"default","ast-global-header-display":"","ast-banner-title-visibility":"","ast-main-header-display":"","ast-hfb-above-header-display":"","ast-hfb-below-header-display":"","ast-hfb-mobile-header-display":"","site-post-title":"","ast-breadcrumbs-content":"","ast-featured-img":"","footer-sml-layout":"","theme-transparent-header-meta":"","adv-header-id-meta":"","stick-header-meta":"","header-above-stick-meta":"","header-main-stick-meta":"","header-below-stick-meta":"","astra-migrate-meta-layouts":"default","ast-page-background-enabled":"default","ast-page-background-meta":{"desktop":{"background-color":"var(--ast-global-color-4)","background-image":"","background-repeat":"repeat","background-position":"center center","background-size":"auto","background-attachment":"scroll","background-type":"","background-media":"","overlay-type":"","overlay-color":"","overlay-opacity":"","overlay-gradient":""},"tablet":{"background-color":"","background-image":"","background-repeat":"repeat","background-position":"center center","background-size":"auto","background-attachment":"scroll","background-type":"","background-media":"","overlay-type":"","overlay-color":"","overlay-opacity":"","overlay-gradient":""},"mobile":{"background-color":"","background-image":"","background-repeat":"repeat","background-position":"center center","background-size":"auto","background-attachment":"scroll","background-type":"","background-media":"","overlay-type":"","overlay-color":"","overlay-opacity":"","overlay-gradient":""}},"ast-content-background-meta":{"desktop":{"background-color":"var(--ast-global-color-5)","background-image":"","background-repeat":"repeat","background-position":"center center","background-size":"auto","background-attachment":"scroll","background-type":"","background-media":"","overlay-type":"","overlay-color":"","overlay-opacity":"","overlay-gradient":""},"tablet":{"background-color":"var(--ast-global-color-5)","background-image":"","background-repeat":"repeat","background-position":"center center","background-size":"auto","background-attachment":"scroll","background-type":"","background-media":"","overlay-type":"","overlay-color":"","overlay-opacity":"","overlay-gradient":""},"mobile":{"background-color":"var(--ast-global-color-5)","background-image":"","background-repeat":"repeat","background-position":"center center","background-size":"auto","background-attachment":"scroll","background-type":"","background-media":"","overlay-type":"","overlay-color":"","overlay-opacity":"","overlay-gradient":""}},"footnotes":""},"categories":[1],"tags":[],"class_list":["post-8421","post","type-post","status-publish","format-standard","hentry","category-general"],"post_mailing_queue_ids":[],"_links":{"self":[{"href":"https:\/\/agora.xtec.cat\/ceip-torrojaimiret\/wp-json\/wp\/v2\/posts\/8421","targetHints":{"allow":["GET"]}}],"collection":[{"href":"https:\/\/agora.xtec.cat\/ceip-torrojaimiret\/wp-json\/wp\/v2\/posts"}],"about":[{"href":"https:\/\/agora.xtec.cat\/ceip-torrojaimiret\/wp-json\/wp\/v2\/types\/post"}],"author":[{"embeddable":true,"href":"https:\/\/agora.xtec.cat\/ceip-torrojaimiret\/wp-json\/wp\/v2\/users\/1"}],"replies":[{"embeddable":true,"href":"https:\/\/agora.xtec.cat\/ceip-torrojaimiret\/wp-json\/wp\/v2\/comments?post=8421"}],"version-history":[{"count":0,"href":"https:\/\/agora.xtec.cat\/ceip-torrojaimiret\/wp-json\/wp\/v2\/posts\/8421\/revisions"}],"wp:attachment":[{"href":"https:\/\/agora.xtec.cat\/ceip-torrojaimiret\/wp-json\/wp\/v2\/media?parent=8421"}],"wp:term":[{"taxonomy":"category","embeddable":true,"href":"https:\/\/agora.xtec.cat\/ceip-torrojaimiret\/wp-json\/wp\/v2\/categories?post=8421"},{"taxonomy":"post_tag","embeddable":true,"href":"https:\/\/agora.xtec.cat\/ceip-torrojaimiret\/wp-json\/wp\/v2\/tags?post=8421"}],"curies":[{"name":"wp","href":"https:\/\/api.w.org\/{rel}","templated":true}]}}