{"id":8274,"date":"2017-04-04T16:04:53","date_gmt":"2017-04-04T14:04:53","guid":{"rendered":"http:\/\/blocs.xtec.cat\/ceiptorrojaimiret\/?p=8274"},"modified":"2017-04-04T16:04:53","modified_gmt":"2017-04-04T14:04:53","slug":"contes-per-compartir-p4a-berta","status":"publish","type":"post","link":"https:\/\/agora.xtec.cat\/ceip-torrojaimiret\/general\/contes-per-compartir-p4a-berta\/","title":{"rendered":"CONTES PER COMPARTIR P4A BERTA"},"content":{"rendered":"<p>En el conte triat per la Berta la protagonista \u00e9s una nena que te una caputxeta vermella, que va a visitar a l\u2019\u00e0via i que es troba amb un llop!!!<\/p>\n<p>Les pistes que ens va portar&#8230;un cistell, una caputxeta vermella, la mantellina de l\u2019\u00e0via i fins i tot la cua del llop!<\/p>\n<p><img decoding=\"async\" class=\"aligncenter\" src=\"https:\/\/lh3.googleusercontent.com\/rISHymfgEsTblDgf2zzUYbbY_tUw5ehJAxRzPvyleJvw0vZNPg-EUU9oBNrplrU1xAkix9Gkffx0jmdH2h9OV030LHPpmq-1SyKMBt6x_dcaN_fVArhkc5hoqa8X3z3fnM222V0nWmHaNZDsaWVb7_GFAwmLR81Mrn8BC0ZAB0E08MbiTWjJuC9fMwbCGE8uaGR9JTTbuC6THusT01zNRrK1LZcGmXUkfz1hqtiFj-Ku15SCum81A-W5gEUQgE3buiKJtd1Qygh3lTDcQBODY8ahlZBix5jt_ja68AoA6RvYeSJtSNqNgn3LRgiQS1QMCjYYidoGe0pBBiSW9ZUm0eETXUXRPOxx-tbqJ1EXD-0N3oWlsGjKyMs_uAEDVSRvCqDGMPWt7Xjevb23TGrb3BsBGCPiHa3nhINxeU9Y53gcOm8i2y4CGnnIWelULoJn8TsTpnFGhLiCjGfjaxJdBKdUZT0kQXXT4zcqXni2VIpYVZ62CcpielBjbkMiZ2dZsITP0GTHDvIQ_o6uO8QtH4Ka1gCrYsK-PO_SAXXOsaakCyV06RQ0CFvs4LkKXR2zF79lxQ3htmEtG5oPcQQweqpjjz7IB9BXfXCNOb4nOWSyuBso7zYdIg=w448-h336-no\" \/><\/p>\n<p>&nbsp;<\/p>\n<p>El divendres ens va visitar la seva fam\u00edlia. cadasc\u00fa tenia un paper assignat.<\/p>\n<p>La Berta de caputxeta, el seu pare de llop, la mare feia de narradora i la germaneta petita; la \u00c8lia, feia de ca\u00e7adoorrrr!<\/p>\n<p>Ens van fer una representaci\u00f3 que ens va agradar mooolt i qu\u00e8 tamb\u00e9 ens va fer riure!!!<\/p>\n<p>&nbsp;<\/p>\n<p><a href=\"https:\/\/goo.gl\/photos\/1GKMzvaG579qgRpm7\">CONTES PER COMPARTIR BERTA<\/a><\/p>\n<p>&nbsp;<\/p>\n<p>Moltes gr\u00e0cies fam\u00edlia!!<\/p>\n","protected":false},"excerpt":{"rendered":"<p>En el conte triat per la Berta la protagonista \u00e9s una nena que te una caputxeta vermella, que va a visitar a l\u2019\u00e0via i que es troba amb un llop!!! Les pistes que ens va portar&#8230;un cistell, una caputxeta vermella, la mantellina de l\u2019\u00e0via i fins i tot la cua del llop! &nbsp; El divendres [&hellip;]<\/p>\n","protected":false},"author":1,"featured_media":0,"comment_status":"open","ping_status":"open","sticky":false,"template":"","format":"standard","meta":{"_bbp_topic_count":0,"_bbp_reply_count":0,"_bbp_total_topic_count":0,"_bbp_total_reply_count":0,"_bbp_voice_count":0,"_bbp_anonymous_reply_count":0,"_bbp_topic_count_hidden":0,"_bbp_reply_count_hidden":0,"_bbp_forum_subforum_count":0,"site-sidebar-layout":"default","site-content-layout":"","ast-site-content-layout":"","site-content-style":"default","site-sidebar-style":"default","ast-global-header-display":"","ast-banner-title-visibility":"","ast-main-header-display":"","ast-hfb-above-header-display":"","ast-hfb-below-header-display":"","ast-hfb-mobile-header-display":"","site-post-title":"","ast-breadcrumbs-content":"","ast-featured-img":"","footer-sml-layout":"","theme-transparent-header-meta":"","adv-header-id-meta":"","stick-header-meta":"","header-above-stick-meta":"","header-main-stick-meta":"","header-below-stick-meta":"","astra-migrate-meta-layouts":"default","ast-page-background-enabled":"default","ast-page-background-meta":{"desktop":{"background-color":"var(--ast-global-color-4)","background-image":"","background-repeat":"repeat","background-position":"center center","background-size":"auto","background-attachment":"scroll","background-type":"","background-media":"","overlay-type":"","overlay-color":"","overlay-opacity":"","overlay-gradient":""},"tablet":{"background-color":"","background-image":"","background-repeat":"repeat","background-position":"center center","background-size":"auto","background-attachment":"scroll","background-type":"","background-media":"","overlay-type":"","overlay-color":"","overlay-opacity":"","overlay-gradient":""},"mobile":{"background-color":"","background-image":"","background-repeat":"repeat","background-position":"center center","background-size":"auto","background-attachment":"scroll","background-type":"","background-media":"","overlay-type":"","overlay-color":"","overlay-opacity":"","overlay-gradient":""}},"ast-content-background-meta":{"desktop":{"background-color":"var(--ast-global-color-5)","background-image":"","background-repeat":"repeat","background-position":"center center","background-size":"auto","background-attachment":"scroll","background-type":"","background-media":"","overlay-type":"","overlay-color":"","overlay-opacity":"","overlay-gradient":""},"tablet":{"background-color":"var(--ast-global-color-5)","background-image":"","background-repeat":"repeat","background-position":"center center","background-size":"auto","background-attachment":"scroll","background-type":"","background-media":"","overlay-type":"","overlay-color":"","overlay-opacity":"","overlay-gradient":""},"mobile":{"background-color":"var(--ast-global-color-5)","background-image":"","background-repeat":"repeat","background-position":"center center","background-size":"auto","background-attachment":"scroll","background-type":"","background-media":"","overlay-type":"","overlay-color":"","overlay-opacity":"","overlay-gradient":""}},"footnotes":""},"categories":[1],"tags":[],"class_list":["post-8274","post","type-post","status-publish","format-standard","hentry","category-general"],"post_mailing_queue_ids":[],"_links":{"self":[{"href":"https:\/\/agora.xtec.cat\/ceip-torrojaimiret\/wp-json\/wp\/v2\/posts\/8274","targetHints":{"allow":["GET"]}}],"collection":[{"href":"https:\/\/agora.xtec.cat\/ceip-torrojaimiret\/wp-json\/wp\/v2\/posts"}],"about":[{"href":"https:\/\/agora.xtec.cat\/ceip-torrojaimiret\/wp-json\/wp\/v2\/types\/post"}],"author":[{"embeddable":true,"href":"https:\/\/agora.xtec.cat\/ceip-torrojaimiret\/wp-json\/wp\/v2\/users\/1"}],"replies":[{"embeddable":true,"href":"https:\/\/agora.xtec.cat\/ceip-torrojaimiret\/wp-json\/wp\/v2\/comments?post=8274"}],"version-history":[{"count":0,"href":"https:\/\/agora.xtec.cat\/ceip-torrojaimiret\/wp-json\/wp\/v2\/posts\/8274\/revisions"}],"wp:attachment":[{"href":"https:\/\/agora.xtec.cat\/ceip-torrojaimiret\/wp-json\/wp\/v2\/media?parent=8274"}],"wp:term":[{"taxonomy":"category","embeddable":true,"href":"https:\/\/agora.xtec.cat\/ceip-torrojaimiret\/wp-json\/wp\/v2\/categories?post=8274"},{"taxonomy":"post_tag","embeddable":true,"href":"https:\/\/agora.xtec.cat\/ceip-torrojaimiret\/wp-json\/wp\/v2\/tags?post=8274"}],"curies":[{"name":"wp","href":"https:\/\/api.w.org\/{rel}","templated":true}]}}