{"id":7893,"date":"2017-02-21T21:46:00","date_gmt":"2017-02-21T20:46:00","guid":{"rendered":"http:\/\/blocs.xtec.cat\/ceiptorrojaimiret\/?p=7893"},"modified":"2017-02-21T21:46:00","modified_gmt":"2017-02-21T20:46:00","slug":"ensenyar-i-explicar-p4b-victor","status":"publish","type":"post","link":"https:\/\/agora.xtec.cat\/ceip-torrojaimiret\/general\/ensenyar-i-explicar-p4b-victor\/","title":{"rendered":"ENSENYAR I EXPLICAR P4B: V\u00cdCTOR"},"content":{"rendered":"<p style=\"text-align: justify;\">La setmana passada vam tenir com a protagonista de l&#8217;Ensenyar i explicar al V\u00edctor. Ell ens va portar un Pare Noel de playmobil amb el seu trineu i un ren. I tot aix\u00f2 \u00e9s el que ens va explicar:<\/p>\n<p style=\"text-align: justify;\">&#8220;He portat aquesta joguina perque jugo molt. Me&#8217;l va regalar pel meu aniversari un senyor que no s\u00e9 qui era, per\u00f2 aquell dia tampoc era el meu aniversari; no s\u00e9 perque ho va dir. \u00c9s el Pare Noel que va pujat al trineu i el seu ren. S\u00f3n de playmobils; perqu\u00e8 a mi m&#8217;agrada molt jugar amb els playmobils amb el meu germ\u00e0 Bruno.<\/p>\n<p style=\"text-align: justify;\">Tamb\u00e9 tinc un Elf, la casa del Pare Noel i els regals; per\u00f2 no els he portat perqu\u00e8 la bossa era petita i no hi cabia tot. La casa t\u00e9 un estable pels rens, que semblen c\u00e9rvols per\u00f2 no ho s\u00f3n.\u00a0 I amb el Pare Noel tamb\u00e9 viu un Elf que alegra a tots i ajuda a preparar els regals.<\/p>\n<p style=\"text-align: justify;\">El trineu porta una estrella amb un pal. La volia portar per\u00f2 no l&#8217;he trobat a casa, no s\u00e9 on est\u00e0; potser l&#8217;he perdut. El ren i el Pare Noel poden moure el cap, els bra\u00e7os i les cames.<\/p>\n<p style=\"text-align: justify;\">A casa tamb\u00e9 he vist una pel\u00b7l\u00edcula del Pare Noel, que tamb\u00e9 es diu Santa Claus. Surt un home disfressat que li regala un gosset de veritat a un nen petit. I tamb\u00e9 surt el seu germ\u00e0 que \u00e9s dolent, perqu\u00e8 s&#8217;emporta els nens i els hi d\u00f3na carb\u00f3.<\/p>\n<p style=\"text-align: justify;\">A mi, m&#8217;agrada molt el Pare Noel i els Reis, i sempre em porten regals perqu\u00e8 hem porto molt b\u00e9.&#8221;<\/p>\n<p><a href=\"https:\/\/goo.gl\/photos\/HzrzN3pHB6dEWs359\">ENSENYAR I EXPLICAR P4B V\u00cdCTOR<\/a><\/p>\n","protected":false},"excerpt":{"rendered":"<p>La setmana passada vam tenir com a protagonista de l&#8217;Ensenyar i explicar al V\u00edctor. Ell ens va portar un Pare Noel de playmobil amb el seu trineu i un ren. I tot aix\u00f2 \u00e9s el que ens va explicar: &#8220;He portat aquesta joguina perque jugo molt. Me&#8217;l va regalar pel meu aniversari un senyor que [&hellip;]<\/p>\n","protected":false},"author":1,"featured_media":0,"comment_status":"open","ping_status":"open","sticky":false,"template":"","format":"standard","meta":{"_bbp_topic_count":0,"_bbp_reply_count":0,"_bbp_total_topic_count":0,"_bbp_total_reply_count":0,"_bbp_voice_count":0,"_bbp_anonymous_reply_count":0,"_bbp_topic_count_hidden":0,"_bbp_reply_count_hidden":0,"_bbp_forum_subforum_count":0,"site-sidebar-layout":"default","site-content-layout":"","ast-site-content-layout":"","site-content-style":"default","site-sidebar-style":"default","ast-global-header-display":"","ast-banner-title-visibility":"","ast-main-header-display":"","ast-hfb-above-header-display":"","ast-hfb-below-header-display":"","ast-hfb-mobile-header-display":"","site-post-title":"","ast-breadcrumbs-content":"","ast-featured-img":"","footer-sml-layout":"","theme-transparent-header-meta":"","adv-header-id-meta":"","stick-header-meta":"","header-above-stick-meta":"","header-main-stick-meta":"","header-below-stick-meta":"","astra-migrate-meta-layouts":"default","ast-page-background-enabled":"default","ast-page-background-meta":{"desktop":{"background-color":"var(--ast-global-color-4)","background-image":"","background-repeat":"repeat","background-position":"center center","background-size":"auto","background-attachment":"scroll","background-type":"","background-media":"","overlay-type":"","overlay-color":"","overlay-opacity":"","overlay-gradient":""},"tablet":{"background-color":"","background-image":"","background-repeat":"repeat","background-position":"center center","background-size":"auto","background-attachment":"scroll","background-type":"","background-media":"","overlay-type":"","overlay-color":"","overlay-opacity":"","overlay-gradient":""},"mobile":{"background-color":"","background-image":"","background-repeat":"repeat","background-position":"center center","background-size":"auto","background-attachment":"scroll","background-type":"","background-media":"","overlay-type":"","overlay-color":"","overlay-opacity":"","overlay-gradient":""}},"ast-content-background-meta":{"desktop":{"background-color":"var(--ast-global-color-5)","background-image":"","background-repeat":"repeat","background-position":"center center","background-size":"auto","background-attachment":"scroll","background-type":"","background-media":"","overlay-type":"","overlay-color":"","overlay-opacity":"","overlay-gradient":""},"tablet":{"background-color":"var(--ast-global-color-5)","background-image":"","background-repeat":"repeat","background-position":"center center","background-size":"auto","background-attachment":"scroll","background-type":"","background-media":"","overlay-type":"","overlay-color":"","overlay-opacity":"","overlay-gradient":""},"mobile":{"background-color":"var(--ast-global-color-5)","background-image":"","background-repeat":"repeat","background-position":"center center","background-size":"auto","background-attachment":"scroll","background-type":"","background-media":"","overlay-type":"","overlay-color":"","overlay-opacity":"","overlay-gradient":""}},"footnotes":""},"categories":[1],"tags":[],"class_list":["post-7893","post","type-post","status-publish","format-standard","hentry","category-general"],"post_mailing_queue_ids":[],"_links":{"self":[{"href":"https:\/\/agora.xtec.cat\/ceip-torrojaimiret\/wp-json\/wp\/v2\/posts\/7893","targetHints":{"allow":["GET"]}}],"collection":[{"href":"https:\/\/agora.xtec.cat\/ceip-torrojaimiret\/wp-json\/wp\/v2\/posts"}],"about":[{"href":"https:\/\/agora.xtec.cat\/ceip-torrojaimiret\/wp-json\/wp\/v2\/types\/post"}],"author":[{"embeddable":true,"href":"https:\/\/agora.xtec.cat\/ceip-torrojaimiret\/wp-json\/wp\/v2\/users\/1"}],"replies":[{"embeddable":true,"href":"https:\/\/agora.xtec.cat\/ceip-torrojaimiret\/wp-json\/wp\/v2\/comments?post=7893"}],"version-history":[{"count":0,"href":"https:\/\/agora.xtec.cat\/ceip-torrojaimiret\/wp-json\/wp\/v2\/posts\/7893\/revisions"}],"wp:attachment":[{"href":"https:\/\/agora.xtec.cat\/ceip-torrojaimiret\/wp-json\/wp\/v2\/media?parent=7893"}],"wp:term":[{"taxonomy":"category","embeddable":true,"href":"https:\/\/agora.xtec.cat\/ceip-torrojaimiret\/wp-json\/wp\/v2\/categories?post=7893"},{"taxonomy":"post_tag","embeddable":true,"href":"https:\/\/agora.xtec.cat\/ceip-torrojaimiret\/wp-json\/wp\/v2\/tags?post=7893"}],"curies":[{"name":"wp","href":"https:\/\/api.w.org\/{rel}","templated":true}]}}