{"id":7756,"date":"2017-01-26T14:04:22","date_gmt":"2017-01-26T13:04:22","guid":{"rendered":"http:\/\/blocs.xtec.cat\/ceiptorrojaimiret\/?p=7756"},"modified":"2017-01-26T14:04:22","modified_gmt":"2017-01-26T13:04:22","slug":"recollida-del-paper-dalumini","status":"publish","type":"post","link":"https:\/\/agora.xtec.cat\/ceip-torrojaimiret\/general\/recollida-del-paper-dalumini\/","title":{"rendered":"RECOLLIDA DEL PAPER D&#039;ALUMINI"},"content":{"rendered":"<p>En la primera reuni\u00f3 de delegats verds, ens vam presentar tots i vam estar parlant de quin arbre apadrinaria cada classe.<\/p>\n<p>Al final de la reuni\u00f3, cada delegat\/da verd\/a es va emportar una bossa amb un cartellet on posava: &#8220;PAPER D&#8217;ALUMINI&#8221;.<br \/>\nL&#8217; objectiu era posar-lo en un lloc visible de la classe i recollir el paper d&#8217;alumini que porten els nens i nenes de cada classe amb l&#8217;esmorzar.<br \/>\nA la seg\u00fcent reuni\u00f3, cada delegat havia de portar aquesta bossa i aix\u00ed far\u00edem un r\u00e0nquing de les classes que en tenien m\u00e9s o menys.<br \/>\nL&#8217;objectiu de l&#8217;activitat era ser conscients que com a escola verda, hem d&#8217;intentar utilitzar el m\u00ednim de paper d&#8217;alumini, que \u00e9s molt contaminant.<br \/>\nA les fotos veureu quina quantitat de paper d&#8217;alumini hem recollir i quines classes n&#8217;han recollit m\u00e9s o menys.<\/p>\n<p>Les delegades verdes de 6\u00e8 van ser les encarregades de passar per cada classe a explicar els resultats. Vam acordar que durant aquest curs, farem una altra recollida de paper d&#8217;alumini per veure si aix\u00ed els resultats s\u00f3n inferiors i aix\u00f2 vol dir que utilitzem m\u00e9s la carmanyola que el paper d&#8217;alumini.<\/p>\n<p>Per classes, el resultat ha estat (de menys a m\u00e9s quantitat recollida)<br \/>\n2n B<br \/>\nP4B &#8211; 3rC<br \/>\nP3B &#8211; P4A<br \/>\n3rA<br \/>\n2nA &#8211; 3rB<br \/>\n1rB<br \/>\nP5A<br \/>\nP3A<br \/>\n4tA<br \/>\n5\u00e8B<br \/>\n6\u00e8B<br \/>\n5\u00e8A<br \/>\n6\u00e8A<\/p>\n<p>Felicitem a la classe de 2n B per ser els que menys n&#8217;han recollir i animem a cicle superior a seguir-ne l&#8217;exemple i utilitzar m\u00e9s la CARMANYOLA!!<\/p>\n<p><a href=\"https:\/\/goo.gl\/photos\/mwqn9Jjbvkt9eap48\">FOTOS<\/a><\/p>\n","protected":false},"excerpt":{"rendered":"<p>En la primera reuni\u00f3 de delegats verds, ens vam presentar tots i vam estar parlant de quin arbre apadrinaria cada classe. Al final de la reuni\u00f3, cada delegat\/da verd\/a es va emportar una bossa amb un cartellet on posava: &#8220;PAPER D&#8217;ALUMINI&#8221;. L&#8217; objectiu era posar-lo en un lloc visible de la classe i recollir el [&hellip;]<\/p>\n","protected":false},"author":1,"featured_media":0,"comment_status":"open","ping_status":"open","sticky":false,"template":"","format":"standard","meta":{"_bbp_topic_count":0,"_bbp_reply_count":0,"_bbp_total_topic_count":0,"_bbp_total_reply_count":0,"_bbp_voice_count":0,"_bbp_anonymous_reply_count":0,"_bbp_topic_count_hidden":0,"_bbp_reply_count_hidden":0,"_bbp_forum_subforum_count":0,"site-sidebar-layout":"default","site-content-layout":"","ast-site-content-layout":"","site-content-style":"default","site-sidebar-style":"default","ast-global-header-display":"","ast-banner-title-visibility":"","ast-main-header-display":"","ast-hfb-above-header-display":"","ast-hfb-below-header-display":"","ast-hfb-mobile-header-display":"","site-post-title":"","ast-breadcrumbs-content":"","ast-featured-img":"","footer-sml-layout":"","theme-transparent-header-meta":"","adv-header-id-meta":"","stick-header-meta":"","header-above-stick-meta":"","header-main-stick-meta":"","header-below-stick-meta":"","astra-migrate-meta-layouts":"default","ast-page-background-enabled":"default","ast-page-background-meta":{"desktop":{"background-color":"var(--ast-global-color-4)","background-image":"","background-repeat":"repeat","background-position":"center center","background-size":"auto","background-attachment":"scroll","background-type":"","background-media":"","overlay-type":"","overlay-color":"","overlay-opacity":"","overlay-gradient":""},"tablet":{"background-color":"","background-image":"","background-repeat":"repeat","background-position":"center center","background-size":"auto","background-attachment":"scroll","background-type":"","background-media":"","overlay-type":"","overlay-color":"","overlay-opacity":"","overlay-gradient":""},"mobile":{"background-color":"","background-image":"","background-repeat":"repeat","background-position":"center center","background-size":"auto","background-attachment":"scroll","background-type":"","background-media":"","overlay-type":"","overlay-color":"","overlay-opacity":"","overlay-gradient":""}},"ast-content-background-meta":{"desktop":{"background-color":"var(--ast-global-color-5)","background-image":"","background-repeat":"repeat","background-position":"center center","background-size":"auto","background-attachment":"scroll","background-type":"","background-media":"","overlay-type":"","overlay-color":"","overlay-opacity":"","overlay-gradient":""},"tablet":{"background-color":"var(--ast-global-color-5)","background-image":"","background-repeat":"repeat","background-position":"center center","background-size":"auto","background-attachment":"scroll","background-type":"","background-media":"","overlay-type":"","overlay-color":"","overlay-opacity":"","overlay-gradient":""},"mobile":{"background-color":"var(--ast-global-color-5)","background-image":"","background-repeat":"repeat","background-position":"center center","background-size":"auto","background-attachment":"scroll","background-type":"","background-media":"","overlay-type":"","overlay-color":"","overlay-opacity":"","overlay-gradient":""}},"footnotes":""},"categories":[1,71],"tags":[],"class_list":["post-7756","post","type-post","status-publish","format-standard","hentry","category-general","category-lescola-verda"],"post_mailing_queue_ids":[],"_links":{"self":[{"href":"https:\/\/agora.xtec.cat\/ceip-torrojaimiret\/wp-json\/wp\/v2\/posts\/7756","targetHints":{"allow":["GET"]}}],"collection":[{"href":"https:\/\/agora.xtec.cat\/ceip-torrojaimiret\/wp-json\/wp\/v2\/posts"}],"about":[{"href":"https:\/\/agora.xtec.cat\/ceip-torrojaimiret\/wp-json\/wp\/v2\/types\/post"}],"author":[{"embeddable":true,"href":"https:\/\/agora.xtec.cat\/ceip-torrojaimiret\/wp-json\/wp\/v2\/users\/1"}],"replies":[{"embeddable":true,"href":"https:\/\/agora.xtec.cat\/ceip-torrojaimiret\/wp-json\/wp\/v2\/comments?post=7756"}],"version-history":[{"count":0,"href":"https:\/\/agora.xtec.cat\/ceip-torrojaimiret\/wp-json\/wp\/v2\/posts\/7756\/revisions"}],"wp:attachment":[{"href":"https:\/\/agora.xtec.cat\/ceip-torrojaimiret\/wp-json\/wp\/v2\/media?parent=7756"}],"wp:term":[{"taxonomy":"category","embeddable":true,"href":"https:\/\/agora.xtec.cat\/ceip-torrojaimiret\/wp-json\/wp\/v2\/categories?post=7756"},{"taxonomy":"post_tag","embeddable":true,"href":"https:\/\/agora.xtec.cat\/ceip-torrojaimiret\/wp-json\/wp\/v2\/tags?post=7756"}],"curies":[{"name":"wp","href":"https:\/\/api.w.org\/{rel}","templated":true}]}}