{"id":7625,"date":"2016-12-24T11:21:47","date_gmt":"2016-12-24T10:21:47","guid":{"rendered":"http:\/\/blocs.xtec.cat\/ceiptorrojaimiret\/?p=7625"},"modified":"2016-12-24T11:21:47","modified_gmt":"2016-12-24T10:21:47","slug":"preparem-el-nadal","status":"publish","type":"post","link":"https:\/\/agora.xtec.cat\/ceip-torrojaimiret\/general\/preparem-el-nadal\/","title":{"rendered":"PREPAREM EL NADAL&#8230;"},"content":{"rendered":"<p>I s&#8217;acaba el primer trimestre de P5, i com que s\u00f3n dates especials, hem fet moltes coses que recullo en aquesta not\u00edcia al bloc.<\/p>\n<p>Primer de tot, gr\u00e0cies per la col.laboraci\u00f3 que heu fet amb els flocs de neu, ha quedat una escola molt bonica.<\/p>\n<p><a href=\"https:\/\/goo.gl\/photos\/UG9AmRndCmb5BgGv5\">FOTOS FLOCS DE NEU<\/a><\/p>\n<p>Aqu\u00ed ens podeu veure pintant la tapa de l&#8217;\u00e0lbum:<\/p>\n<p><a href=\"https:\/\/goo.gl\/photos\/Xw8He7pR496qpKVC9\">TAPA \u00c0LBUM<\/a><\/p>\n<p>Assajant pel festival, per tal que sort\u00eds tot genial.<br \/>\n<a href=\"https:\/\/goo.gl\/photos\/raHhNmD7KLewAWGN7\">ASSAIG FESTIVAL<\/a><\/p>\n<p>Preparant el detallet de Nadal, l&#8217;heu penjat a l&#8217;arbre de casa?<br \/>\n<a href=\"https:\/\/goo.gl\/photos\/AsQ9XTXqMB7tH8EQ7\">DETALLET DE NADAL<\/a><\/p>\n<p>Fent cagar el ti\u00f3, es nota que som de P5 i que vam picar ben fort!<br \/>\n<a href=\"https:\/\/goo.gl\/photos\/MqfmQeErMQhRDwZ3A\">CAGAR EL TI\u00d3<\/a><\/p>\n<p>I aqu\u00ed ens veureu compartint l&#8217;esmorzar de Nadal, en una taula molt gran:<br \/>\n<a href=\"https:\/\/goo.gl\/photos\/jLJbeBx3NBTL1T6G7\">ESMORZAR DE NADAL<\/a><\/p>\n<p>Arribat el dia: festival de NADAL! Us va agradar? Vam cantar amb moltes ganes i il.lusi\u00f3!<br \/>\n<a href=\"https:\/\/goo.gl\/photos\/X8dMmo4F4Hzi946G9\">FESTIVAL NADAL<\/a><\/p>\n<p>Ah, ja heu rebut a casa la postal? Aqu\u00ed podreu veure com la vam escriure i vam anar a tirar-la a la b\u00fastia!<br \/>\n<a href=\"https:\/\/goo.gl\/photos\/6Pj8f5fKd6VUvFX17\">POSTAL DE NADAL<\/a><\/p>\n<p>I finalment, entregant la carta als patges reials:<br \/>\n<a href=\"https:\/\/goo.gl\/photos\/CqArdKPJUEGNbn8J7\">VISITA PATGES REIALS<\/a><\/p>\n<p>Ja veieu que han sigut uns dies de no parar i de moltes emocions! BONES FESTES I FELI\u00c7 2017!<\/p>\n","protected":false},"excerpt":{"rendered":"<p>I s&#8217;acaba el primer trimestre de P5, i com que s\u00f3n dates especials, hem fet moltes coses que recullo en aquesta not\u00edcia al bloc. Primer de tot, gr\u00e0cies per la col.laboraci\u00f3 que heu fet amb els flocs de neu, ha quedat una escola molt bonica. FOTOS FLOCS DE NEU Aqu\u00ed ens podeu veure pintant la [&hellip;]<\/p>\n","protected":false},"author":1,"featured_media":0,"comment_status":"open","ping_status":"open","sticky":false,"template":"","format":"standard","meta":{"_bbp_topic_count":0,"_bbp_reply_count":0,"_bbp_total_topic_count":0,"_bbp_total_reply_count":0,"_bbp_voice_count":0,"_bbp_anonymous_reply_count":0,"_bbp_topic_count_hidden":0,"_bbp_reply_count_hidden":0,"_bbp_forum_subforum_count":0,"site-sidebar-layout":"default","site-content-layout":"","ast-site-content-layout":"","site-content-style":"default","site-sidebar-style":"default","ast-global-header-display":"","ast-banner-title-visibility":"","ast-main-header-display":"","ast-hfb-above-header-display":"","ast-hfb-below-header-display":"","ast-hfb-mobile-header-display":"","site-post-title":"","ast-breadcrumbs-content":"","ast-featured-img":"","footer-sml-layout":"","theme-transparent-header-meta":"","adv-header-id-meta":"","stick-header-meta":"","header-above-stick-meta":"","header-main-stick-meta":"","header-below-stick-meta":"","astra-migrate-meta-layouts":"default","ast-page-background-enabled":"default","ast-page-background-meta":{"desktop":{"background-color":"var(--ast-global-color-4)","background-image":"","background-repeat":"repeat","background-position":"center center","background-size":"auto","background-attachment":"scroll","background-type":"","background-media":"","overlay-type":"","overlay-color":"","overlay-opacity":"","overlay-gradient":""},"tablet":{"background-color":"","background-image":"","background-repeat":"repeat","background-position":"center center","background-size":"auto","background-attachment":"scroll","background-type":"","background-media":"","overlay-type":"","overlay-color":"","overlay-opacity":"","overlay-gradient":""},"mobile":{"background-color":"","background-image":"","background-repeat":"repeat","background-position":"center center","background-size":"auto","background-attachment":"scroll","background-type":"","background-media":"","overlay-type":"","overlay-color":"","overlay-opacity":"","overlay-gradient":""}},"ast-content-background-meta":{"desktop":{"background-color":"var(--ast-global-color-5)","background-image":"","background-repeat":"repeat","background-position":"center center","background-size":"auto","background-attachment":"scroll","background-type":"","background-media":"","overlay-type":"","overlay-color":"","overlay-opacity":"","overlay-gradient":""},"tablet":{"background-color":"var(--ast-global-color-5)","background-image":"","background-repeat":"repeat","background-position":"center center","background-size":"auto","background-attachment":"scroll","background-type":"","background-media":"","overlay-type":"","overlay-color":"","overlay-opacity":"","overlay-gradient":""},"mobile":{"background-color":"var(--ast-global-color-5)","background-image":"","background-repeat":"repeat","background-position":"center center","background-size":"auto","background-attachment":"scroll","background-type":"","background-media":"","overlay-type":"","overlay-color":"","overlay-opacity":"","overlay-gradient":""}},"footnotes":""},"categories":[1],"tags":[],"class_list":["post-7625","post","type-post","status-publish","format-standard","hentry","category-general"],"post_mailing_queue_ids":[],"_links":{"self":[{"href":"https:\/\/agora.xtec.cat\/ceip-torrojaimiret\/wp-json\/wp\/v2\/posts\/7625","targetHints":{"allow":["GET"]}}],"collection":[{"href":"https:\/\/agora.xtec.cat\/ceip-torrojaimiret\/wp-json\/wp\/v2\/posts"}],"about":[{"href":"https:\/\/agora.xtec.cat\/ceip-torrojaimiret\/wp-json\/wp\/v2\/types\/post"}],"author":[{"embeddable":true,"href":"https:\/\/agora.xtec.cat\/ceip-torrojaimiret\/wp-json\/wp\/v2\/users\/1"}],"replies":[{"embeddable":true,"href":"https:\/\/agora.xtec.cat\/ceip-torrojaimiret\/wp-json\/wp\/v2\/comments?post=7625"}],"version-history":[{"count":0,"href":"https:\/\/agora.xtec.cat\/ceip-torrojaimiret\/wp-json\/wp\/v2\/posts\/7625\/revisions"}],"wp:attachment":[{"href":"https:\/\/agora.xtec.cat\/ceip-torrojaimiret\/wp-json\/wp\/v2\/media?parent=7625"}],"wp:term":[{"taxonomy":"category","embeddable":true,"href":"https:\/\/agora.xtec.cat\/ceip-torrojaimiret\/wp-json\/wp\/v2\/categories?post=7625"},{"taxonomy":"post_tag","embeddable":true,"href":"https:\/\/agora.xtec.cat\/ceip-torrojaimiret\/wp-json\/wp\/v2\/tags?post=7625"}],"curies":[{"name":"wp","href":"https:\/\/api.w.org\/{rel}","templated":true}]}}