{"id":7603,"date":"2017-03-20T16:17:38","date_gmt":"2017-03-20T15:17:38","guid":{"rendered":"http:\/\/blocs.xtec.cat\/ceiptorrojaimiret\/?p=7603"},"modified":"2017-03-20T16:17:38","modified_gmt":"2017-03-20T15:17:38","slug":"ensenyar-i-explicar-p4a-jana","status":"publish","type":"post","link":"https:\/\/agora.xtec.cat\/ceip-torrojaimiret\/general\/ensenyar-i-explicar-p4a-jana\/","title":{"rendered":"ENSENYAR I EXPLICAR P4A. JANA"},"content":{"rendered":"<p>La JANA ens va portar a la &#8220;BARBIE MARIA&#8221;<\/p>\n<p>Aix\u00f2 \u00e9s el que ens va explicar&#8230;<\/p>\n<p style=\"text-align: center;\"><img decoding=\"async\" src=\"https:\/\/lh3.googleusercontent.com\/hKluWLNdHnW-40_7wODOS6tRrXm8Z80KNE42YNsg3GnUprDAtlmDFJJ5nhHTLPGlNO8D29CG07p7ObtysZiQi632JIFa0ZvBQe-clGaiNX0XN7ZomBT3keuB3dMo128OPuiBgbYEWzz80vSvNam4Ry6eOCI8RLIJUvs-Y89SYk3saNPJvvJ2HSTqWv3bMFUtImoOaEi-WnrY18xaXpoUQXb8kbRvlPk0lfdgR1RFV7JkhwuEO6gQ_Do8uuCmnbiTMN6Rt6TjBzeLLLYRXY1CbQYij5GlvKEvjHJOcx8DrXNwHr9hFrhY3Cs71iuIbjEM1c9twjLAHSjA91PcZRlRD6sSC29JODStkiarMvZvtvJQ6tGmQl1qGzVgLPU2tu3YVFMZmmvcG0mSgw3kIFbUc7tU2_NYe5Zn3Tu9AQMGZgdx1HCHKG-KsIAvlhBQCBf3ItcpoGAyt4_kiPfBuXlowfDxEY_HTqWT-8MQnGnqW6cfKHhxJKtKY84RKmwR9Tz8s6j_KcZe-r-RqGaF3QWRwreewhakVaeIrLoCR1Te7EJprhcMC5hOb890avb-q8jyvmib1sy2z2ZU7aAI3I-FVAeisjhXFmqnfD5m2Su3SjjJUbP43zPvow=w460-h613-no\" \/><\/p>\n<p style=\"text-align: center;\"><strong>LA JANA ENS VA PORTAR UNA BARBIE<\/strong><\/p>\n<p style=\"text-align: center;\"><em>\u00c9S LA BARBIE I TAMB\u00c9 SI LI FIQUES LA CAPA I LI DONES A UN BOT\u00d3 GIRA. PORTA UNA CUA. LA TINC A CASA ON DORMO JO SEMPRE. AL MEU LLIT. DORM AL MEU LLIT. ME LA VA REGALAR LA GISELA\u00a0 QUAN ERA EL SEU CUMPLE. PORTA UN VOLANT PERQU\u00c8 NO LI MOLESTI.<\/em><\/p>\n<p><strong>ALEXIA:<\/strong> M\u2019AGRADA MOLT.<\/p>\n<p><strong>ARNAU:<\/strong> PERQU\u00c8 L\u00b4HAS PORTAT?<\/p>\n<p><strong>JANA: <\/strong>PERQU\u00c8 M\u00b4AGRADA PORTAR-LA AL COLE.<\/p>\n<p><strong>MARCEL:<\/strong> PERQU\u00c8 T\u00c9 LA CAPA COM ALES DE PAPALLONA?<\/p>\n<p><strong>JANA:<\/strong> PERQU\u00c8 LES ESTRELLES VAN AL DAVANT.<\/p>\n<p><strong>JACK: <\/strong>\u00c9S MOLT GUAPA<\/p>\n<p><strong>DANIELA:<\/strong> PERQU\u00c8 T\u00c9 EL CABELL ROSA?<\/p>\n<p><strong>JANA:<\/strong> ME LA VAN COMPRAR ROSA.<\/p>\n<p><strong>HELENA:<\/strong> JANA \u00c9S MOLT BONICA. TAMB\u00c9 \u00c9S LA MEVA PREFERIDA. PER\u00d2 LA MEVA T\u00c9 ELS BRA\u00c7OS TRENCATS.<\/p>\n","protected":false},"excerpt":{"rendered":"<p>La JANA ens va portar a la &#8220;BARBIE MARIA&#8221; Aix\u00f2 \u00e9s el que ens va explicar&#8230; LA JANA ENS VA PORTAR UNA BARBIE \u00c9S LA BARBIE I TAMB\u00c9 SI LI FIQUES LA CAPA I LI DONES A UN BOT\u00d3 GIRA. PORTA UNA CUA. LA TINC A CASA ON DORMO JO SEMPRE. AL MEU LLIT. DORM [&hellip;]<\/p>\n","protected":false},"author":1,"featured_media":0,"comment_status":"open","ping_status":"open","sticky":false,"template":"","format":"standard","meta":{"_bbp_topic_count":0,"_bbp_reply_count":0,"_bbp_total_topic_count":0,"_bbp_total_reply_count":0,"_bbp_voice_count":0,"_bbp_anonymous_reply_count":0,"_bbp_topic_count_hidden":0,"_bbp_reply_count_hidden":0,"_bbp_forum_subforum_count":0,"site-sidebar-layout":"default","site-content-layout":"","ast-site-content-layout":"","site-content-style":"default","site-sidebar-style":"default","ast-global-header-display":"","ast-banner-title-visibility":"","ast-main-header-display":"","ast-hfb-above-header-display":"","ast-hfb-below-header-display":"","ast-hfb-mobile-header-display":"","site-post-title":"","ast-breadcrumbs-content":"","ast-featured-img":"","footer-sml-layout":"","theme-transparent-header-meta":"","adv-header-id-meta":"","stick-header-meta":"","header-above-stick-meta":"","header-main-stick-meta":"","header-below-stick-meta":"","astra-migrate-meta-layouts":"default","ast-page-background-enabled":"default","ast-page-background-meta":{"desktop":{"background-color":"var(--ast-global-color-4)","background-image":"","background-repeat":"repeat","background-position":"center center","background-size":"auto","background-attachment":"scroll","background-type":"","background-media":"","overlay-type":"","overlay-color":"","overlay-opacity":"","overlay-gradient":""},"tablet":{"background-color":"","background-image":"","background-repeat":"repeat","background-position":"center center","background-size":"auto","background-attachment":"scroll","background-type":"","background-media":"","overlay-type":"","overlay-color":"","overlay-opacity":"","overlay-gradient":""},"mobile":{"background-color":"","background-image":"","background-repeat":"repeat","background-position":"center center","background-size":"auto","background-attachment":"scroll","background-type":"","background-media":"","overlay-type":"","overlay-color":"","overlay-opacity":"","overlay-gradient":""}},"ast-content-background-meta":{"desktop":{"background-color":"var(--ast-global-color-5)","background-image":"","background-repeat":"repeat","background-position":"center center","background-size":"auto","background-attachment":"scroll","background-type":"","background-media":"","overlay-type":"","overlay-color":"","overlay-opacity":"","overlay-gradient":""},"tablet":{"background-color":"var(--ast-global-color-5)","background-image":"","background-repeat":"repeat","background-position":"center center","background-size":"auto","background-attachment":"scroll","background-type":"","background-media":"","overlay-type":"","overlay-color":"","overlay-opacity":"","overlay-gradient":""},"mobile":{"background-color":"var(--ast-global-color-5)","background-image":"","background-repeat":"repeat","background-position":"center center","background-size":"auto","background-attachment":"scroll","background-type":"","background-media":"","overlay-type":"","overlay-color":"","overlay-opacity":"","overlay-gradient":""}},"footnotes":""},"categories":[1],"tags":[],"class_list":["post-7603","post","type-post","status-publish","format-standard","hentry","category-general"],"post_mailing_queue_ids":[],"_links":{"self":[{"href":"https:\/\/agora.xtec.cat\/ceip-torrojaimiret\/wp-json\/wp\/v2\/posts\/7603","targetHints":{"allow":["GET"]}}],"collection":[{"href":"https:\/\/agora.xtec.cat\/ceip-torrojaimiret\/wp-json\/wp\/v2\/posts"}],"about":[{"href":"https:\/\/agora.xtec.cat\/ceip-torrojaimiret\/wp-json\/wp\/v2\/types\/post"}],"author":[{"embeddable":true,"href":"https:\/\/agora.xtec.cat\/ceip-torrojaimiret\/wp-json\/wp\/v2\/users\/1"}],"replies":[{"embeddable":true,"href":"https:\/\/agora.xtec.cat\/ceip-torrojaimiret\/wp-json\/wp\/v2\/comments?post=7603"}],"version-history":[{"count":0,"href":"https:\/\/agora.xtec.cat\/ceip-torrojaimiret\/wp-json\/wp\/v2\/posts\/7603\/revisions"}],"wp:attachment":[{"href":"https:\/\/agora.xtec.cat\/ceip-torrojaimiret\/wp-json\/wp\/v2\/media?parent=7603"}],"wp:term":[{"taxonomy":"category","embeddable":true,"href":"https:\/\/agora.xtec.cat\/ceip-torrojaimiret\/wp-json\/wp\/v2\/categories?post=7603"},{"taxonomy":"post_tag","embeddable":true,"href":"https:\/\/agora.xtec.cat\/ceip-torrojaimiret\/wp-json\/wp\/v2\/tags?post=7603"}],"curies":[{"name":"wp","href":"https:\/\/api.w.org\/{rel}","templated":true}]}}