{"id":7570,"date":"2016-12-12T13:26:49","date_gmt":"2016-12-12T12:26:49","guid":{"rendered":"http:\/\/blocs.xtec.cat\/ceiptorrojaimiret\/?p=7570"},"modified":"2016-12-12T13:26:49","modified_gmt":"2016-12-12T12:26:49","slug":"protagonista-de-la-setmana-alan-2","status":"publish","type":"post","link":"https:\/\/agora.xtec.cat\/ceip-torrojaimiret\/general\/protagonista-de-la-setmana-alan-2\/","title":{"rendered":"protagonista de la setmana Alan"},"content":{"rendered":"<p>A la classe del bosc hem tingut nou protagonista, aquesta vegada ha sigut l&#8217;Alan.<\/p>\n<p>A l&#8217;Alan li agrada molt jugar i poc dormir, el futbol \u00e9s el seu esport preferit i diu que quan sigui gran ser\u00e0 porter com el seu germ\u00e0 Estefan. Tamb\u00e9 li agrada molt jugar a arreglar coses de casa amb el tornav\u00eds que li ha regalat el seu pare.<br \/>\nL&#8217;Alan t\u00e9 un gran amic que \u00e9s el Mickey Mouse, t\u00e9 un nino amb el qui dorm. Tamb\u00e9 li agraden molt els animals, sobretot els dinosaures.<\/p>\n<p>La seva familia va venir a la classe a explicar-nos m\u00e9s coses de l&#8217;Alan, la seva mare la Roni i el seu pare el Sebas ens van dir que \u00e9s un nen molt mim\u00f3s i cariny\u00f3s, i que a casa els agradava molt ballar i cantar amb el pal de l&#8217;escombra. Per demostrar-ho hem posat la can\u00e7\u00f3 de &#8221; Xipir\u00f3n &#8221; i l&#8217;hem ballat tots junts, ja hem pogut veure la festa que hi deu haver a casa de l&#8217;Alan cada dia !!!<\/p>\n<p>Els seus pares ens han volgut fer un regal a tots aprofitant que s&#8217;apropen les festes de nadal, i ens han donat una pandereta molt xula.<\/p>\n<p>Gr\u00e0cies fam\u00edlia per haver participat en el nostre projecte vincles !!! esperem que hagueu disfrutat molt de l&#8217;experi\u00e8ncia<\/p>\n<p><a href=\"https:\/\/goo.gl\/photos\/JrA7BQsVfW6pQLvZ6\">protagonista Alan<\/a><\/p>\n","protected":false},"excerpt":{"rendered":"<p>A la classe del bosc hem tingut nou protagonista, aquesta vegada ha sigut l&#8217;Alan. A l&#8217;Alan li agrada molt jugar i poc dormir, el futbol \u00e9s el seu esport preferit i diu que quan sigui gran ser\u00e0 porter com el seu germ\u00e0 Estefan. Tamb\u00e9 li agrada molt jugar a arreglar coses de casa amb el [&hellip;]<\/p>\n","protected":false},"author":1,"featured_media":0,"comment_status":"open","ping_status":"open","sticky":false,"template":"","format":"standard","meta":{"_bbp_topic_count":0,"_bbp_reply_count":0,"_bbp_total_topic_count":0,"_bbp_total_reply_count":0,"_bbp_voice_count":0,"_bbp_anonymous_reply_count":0,"_bbp_topic_count_hidden":0,"_bbp_reply_count_hidden":0,"_bbp_forum_subforum_count":0,"site-sidebar-layout":"default","site-content-layout":"","ast-site-content-layout":"","site-content-style":"default","site-sidebar-style":"default","ast-global-header-display":"","ast-banner-title-visibility":"","ast-main-header-display":"","ast-hfb-above-header-display":"","ast-hfb-below-header-display":"","ast-hfb-mobile-header-display":"","site-post-title":"","ast-breadcrumbs-content":"","ast-featured-img":"","footer-sml-layout":"","theme-transparent-header-meta":"","adv-header-id-meta":"","stick-header-meta":"","header-above-stick-meta":"","header-main-stick-meta":"","header-below-stick-meta":"","astra-migrate-meta-layouts":"default","ast-page-background-enabled":"default","ast-page-background-meta":{"desktop":{"background-color":"var(--ast-global-color-4)","background-image":"","background-repeat":"repeat","background-position":"center center","background-size":"auto","background-attachment":"scroll","background-type":"","background-media":"","overlay-type":"","overlay-color":"","overlay-opacity":"","overlay-gradient":""},"tablet":{"background-color":"","background-image":"","background-repeat":"repeat","background-position":"center center","background-size":"auto","background-attachment":"scroll","background-type":"","background-media":"","overlay-type":"","overlay-color":"","overlay-opacity":"","overlay-gradient":""},"mobile":{"background-color":"","background-image":"","background-repeat":"repeat","background-position":"center center","background-size":"auto","background-attachment":"scroll","background-type":"","background-media":"","overlay-type":"","overlay-color":"","overlay-opacity":"","overlay-gradient":""}},"ast-content-background-meta":{"desktop":{"background-color":"var(--ast-global-color-5)","background-image":"","background-repeat":"repeat","background-position":"center center","background-size":"auto","background-attachment":"scroll","background-type":"","background-media":"","overlay-type":"","overlay-color":"","overlay-opacity":"","overlay-gradient":""},"tablet":{"background-color":"var(--ast-global-color-5)","background-image":"","background-repeat":"repeat","background-position":"center center","background-size":"auto","background-attachment":"scroll","background-type":"","background-media":"","overlay-type":"","overlay-color":"","overlay-opacity":"","overlay-gradient":""},"mobile":{"background-color":"var(--ast-global-color-5)","background-image":"","background-repeat":"repeat","background-position":"center center","background-size":"auto","background-attachment":"scroll","background-type":"","background-media":"","overlay-type":"","overlay-color":"","overlay-opacity":"","overlay-gradient":""}},"footnotes":""},"categories":[1],"tags":[],"class_list":["post-7570","post","type-post","status-publish","format-standard","hentry","category-general"],"post_mailing_queue_ids":[],"_links":{"self":[{"href":"https:\/\/agora.xtec.cat\/ceip-torrojaimiret\/wp-json\/wp\/v2\/posts\/7570","targetHints":{"allow":["GET"]}}],"collection":[{"href":"https:\/\/agora.xtec.cat\/ceip-torrojaimiret\/wp-json\/wp\/v2\/posts"}],"about":[{"href":"https:\/\/agora.xtec.cat\/ceip-torrojaimiret\/wp-json\/wp\/v2\/types\/post"}],"author":[{"embeddable":true,"href":"https:\/\/agora.xtec.cat\/ceip-torrojaimiret\/wp-json\/wp\/v2\/users\/1"}],"replies":[{"embeddable":true,"href":"https:\/\/agora.xtec.cat\/ceip-torrojaimiret\/wp-json\/wp\/v2\/comments?post=7570"}],"version-history":[{"count":0,"href":"https:\/\/agora.xtec.cat\/ceip-torrojaimiret\/wp-json\/wp\/v2\/posts\/7570\/revisions"}],"wp:attachment":[{"href":"https:\/\/agora.xtec.cat\/ceip-torrojaimiret\/wp-json\/wp\/v2\/media?parent=7570"}],"wp:term":[{"taxonomy":"category","embeddable":true,"href":"https:\/\/agora.xtec.cat\/ceip-torrojaimiret\/wp-json\/wp\/v2\/categories?post=7570"},{"taxonomy":"post_tag","embeddable":true,"href":"https:\/\/agora.xtec.cat\/ceip-torrojaimiret\/wp-json\/wp\/v2\/tags?post=7570"}],"curies":[{"name":"wp","href":"https:\/\/api.w.org\/{rel}","templated":true}]}}