{"id":7568,"date":"2016-12-12T13:15:05","date_gmt":"2016-12-12T12:15:05","guid":{"rendered":"http:\/\/blocs.xtec.cat\/ceiptorrojaimiret\/?p=7568"},"modified":"2016-12-12T13:15:05","modified_gmt":"2016-12-12T12:15:05","slug":"noemi-la-protagonista-de-la-setmana","status":"publish","type":"post","link":"https:\/\/agora.xtec.cat\/ceip-torrojaimiret\/general\/noemi-la-protagonista-de-la-setmana\/","title":{"rendered":"Noemi la protagonista de la setmana"},"content":{"rendered":"<p>A la classe del bosc ja hem tingut una nova protagonista, aquesta setmana va ser el torn de la Noemi.<br \/>\nLa fam\u00edlia de la noemi \u00e9s de Rusia, \u00e9s un pa\u00eds que est\u00e0 molt lluny d&#8217;aqu\u00ed i que s&#8217;ha d&#8217;anar amb avi\u00f3. La seva mare es diu Natasha, i el seu pare Bladimir, tamb\u00e9 t\u00e9 una germana m\u00e9s gran que va a sis\u00e8 i es diu Nadia.  I a que no sabeu perqu\u00e8 li van posar Noemi ? Doncs per que la seva mare volia que el seu nom comenc\u00e9s per la N igual que el de la seva germana i la seva mare. Tamb\u00e9 a trav\u00e9s de fotografies hem conegut a tota la fam\u00edlia que viu a Rusia.<\/p>\n<p>la Noemi ens ha ensenyat el seu osset preferit, \u00e9s de color rosa i es diu Miska, i un nino molt gran de la Peppa pigg que li agrada molt. Tamb\u00e9 ens ha portat unes xancles de quan era petita i que ja no li van.<\/p>\n<p>El seu pare i la seva mare han vingut a la classe a explicar-nos m\u00e9s secrets de quan la Noemi era petita i ens han dit que li agrada molt l&#8217;aigua i anar a l&#8217;Aquopolis, i que no li agraden gens els animals.<\/p>\n<p>Gr\u00e0cies fam\u00edlia, ha estat una tarda molt divertida !!!<\/p>\n<p><a href=\"https:\/\/goo.gl\/photos\/h6Lsw6xUsKmRbWXW8\">protagonista Noemi<\/a><\/p>\n","protected":false},"excerpt":{"rendered":"<p>A la classe del bosc ja hem tingut una nova protagonista, aquesta setmana va ser el torn de la Noemi. La fam\u00edlia de la noemi \u00e9s de Rusia, \u00e9s un pa\u00eds que est\u00e0 molt lluny d&#8217;aqu\u00ed i que s&#8217;ha d&#8217;anar amb avi\u00f3. La seva mare es diu Natasha, i el seu pare Bladimir, tamb\u00e9 t\u00e9 [&hellip;]<\/p>\n","protected":false},"author":1,"featured_media":0,"comment_status":"open","ping_status":"open","sticky":false,"template":"","format":"standard","meta":{"_bbp_topic_count":0,"_bbp_reply_count":0,"_bbp_total_topic_count":0,"_bbp_total_reply_count":0,"_bbp_voice_count":0,"_bbp_anonymous_reply_count":0,"_bbp_topic_count_hidden":0,"_bbp_reply_count_hidden":0,"_bbp_forum_subforum_count":0,"site-sidebar-layout":"default","site-content-layout":"","ast-site-content-layout":"","site-content-style":"default","site-sidebar-style":"default","ast-global-header-display":"","ast-banner-title-visibility":"","ast-main-header-display":"","ast-hfb-above-header-display":"","ast-hfb-below-header-display":"","ast-hfb-mobile-header-display":"","site-post-title":"","ast-breadcrumbs-content":"","ast-featured-img":"","footer-sml-layout":"","theme-transparent-header-meta":"","adv-header-id-meta":"","stick-header-meta":"","header-above-stick-meta":"","header-main-stick-meta":"","header-below-stick-meta":"","astra-migrate-meta-layouts":"default","ast-page-background-enabled":"default","ast-page-background-meta":{"desktop":{"background-color":"var(--ast-global-color-4)","background-image":"","background-repeat":"repeat","background-position":"center center","background-size":"auto","background-attachment":"scroll","background-type":"","background-media":"","overlay-type":"","overlay-color":"","overlay-opacity":"","overlay-gradient":""},"tablet":{"background-color":"","background-image":"","background-repeat":"repeat","background-position":"center center","background-size":"auto","background-attachment":"scroll","background-type":"","background-media":"","overlay-type":"","overlay-color":"","overlay-opacity":"","overlay-gradient":""},"mobile":{"background-color":"","background-image":"","background-repeat":"repeat","background-position":"center center","background-size":"auto","background-attachment":"scroll","background-type":"","background-media":"","overlay-type":"","overlay-color":"","overlay-opacity":"","overlay-gradient":""}},"ast-content-background-meta":{"desktop":{"background-color":"var(--ast-global-color-5)","background-image":"","background-repeat":"repeat","background-position":"center center","background-size":"auto","background-attachment":"scroll","background-type":"","background-media":"","overlay-type":"","overlay-color":"","overlay-opacity":"","overlay-gradient":""},"tablet":{"background-color":"var(--ast-global-color-5)","background-image":"","background-repeat":"repeat","background-position":"center center","background-size":"auto","background-attachment":"scroll","background-type":"","background-media":"","overlay-type":"","overlay-color":"","overlay-opacity":"","overlay-gradient":""},"mobile":{"background-color":"var(--ast-global-color-5)","background-image":"","background-repeat":"repeat","background-position":"center center","background-size":"auto","background-attachment":"scroll","background-type":"","background-media":"","overlay-type":"","overlay-color":"","overlay-opacity":"","overlay-gradient":""}},"footnotes":""},"categories":[1],"tags":[],"class_list":["post-7568","post","type-post","status-publish","format-standard","hentry","category-general"],"post_mailing_queue_ids":[],"_links":{"self":[{"href":"https:\/\/agora.xtec.cat\/ceip-torrojaimiret\/wp-json\/wp\/v2\/posts\/7568","targetHints":{"allow":["GET"]}}],"collection":[{"href":"https:\/\/agora.xtec.cat\/ceip-torrojaimiret\/wp-json\/wp\/v2\/posts"}],"about":[{"href":"https:\/\/agora.xtec.cat\/ceip-torrojaimiret\/wp-json\/wp\/v2\/types\/post"}],"author":[{"embeddable":true,"href":"https:\/\/agora.xtec.cat\/ceip-torrojaimiret\/wp-json\/wp\/v2\/users\/1"}],"replies":[{"embeddable":true,"href":"https:\/\/agora.xtec.cat\/ceip-torrojaimiret\/wp-json\/wp\/v2\/comments?post=7568"}],"version-history":[{"count":0,"href":"https:\/\/agora.xtec.cat\/ceip-torrojaimiret\/wp-json\/wp\/v2\/posts\/7568\/revisions"}],"wp:attachment":[{"href":"https:\/\/agora.xtec.cat\/ceip-torrojaimiret\/wp-json\/wp\/v2\/media?parent=7568"}],"wp:term":[{"taxonomy":"category","embeddable":true,"href":"https:\/\/agora.xtec.cat\/ceip-torrojaimiret\/wp-json\/wp\/v2\/categories?post=7568"},{"taxonomy":"post_tag","embeddable":true,"href":"https:\/\/agora.xtec.cat\/ceip-torrojaimiret\/wp-json\/wp\/v2\/tags?post=7568"}],"curies":[{"name":"wp","href":"https:\/\/api.w.org\/{rel}","templated":true}]}}