{"id":7512,"date":"2016-12-06T22:34:27","date_gmt":"2016-12-06T21:34:27","guid":{"rendered":"http:\/\/blocs.xtec.cat\/ceiptorrojaimiret\/?p=7512"},"modified":"2016-12-06T22:34:27","modified_gmt":"2016-12-06T21:34:27","slug":"ensenyar-i-explicar-p4b-gisela","status":"publish","type":"post","link":"https:\/\/agora.xtec.cat\/ceip-torrojaimiret\/general\/ensenyar-i-explicar-p4b-gisela\/","title":{"rendered":"ENSENYAR I EXPLICAR P4B GISELA"},"content":{"rendered":"<p style=\"text-align: justify;\">La Gisela per l&#8217;Ensenyar i explicar, ens va portar un objecte que li \u00e9s prou familiar a casa, perqu\u00e8 el seu pare \u00e9s mag. I sin\u00f2 mireu&#8230;<\/p>\n<p style=\"text-align: justify;\">&#8220;Aix\u00f2 \u00e9s una xistera (un barret de copa) i me la van regalar el papa i la mama perque jo volia tenir una com el papa. El papa \u00e9s mag i en t\u00e9 una per\u00f2 m\u00e9s gran.<\/p>\n<p style=\"text-align: justify;\">\u00c9s una miqueta petita, de color blau i t\u00e9 un lla\u00e7 vermell. Tamb\u00e9 t\u00e9 una flor de color lila amb dues plomes blanques perqu\u00e8 \u00e9s una xistera de nenes.<\/p>\n<p style=\"text-align: justify;\">La xistera serveix per fer m\u00e0gia, per\u00f2 necessites tamb\u00e9 una vareta m\u00e0gica perqu\u00e8 sin\u00f2 no funcionen els trucs de m\u00e0gia. Ah! I tamb\u00e9 has de dir les paraules m\u00e0gigues que s\u00f3n ABRACADABRA!!!<\/p>\n<p style=\"text-align: justify;\">He portat un conill de mentida perque sempre surten conills de les xisteres; no poden sortir serps, ni elefants, ni ratonlins&#8230; I els conills que surten han de ser blancs com el meu. El meu \u00e9s molt petit perque sin\u00f2 no hi cap al barret.<\/p>\n<p style=\"text-align: justify;\">La mama m&#8217;ha dit que puc fer un encanteri cada dia a la classe perqu\u00e8 ho vegin els meus amics. Per\u00f2 no els hi podem dir com ho fem; nom\u00e8s ho hem de saber tu (Gema) i jo. I podem ficar coses de la classe i fer-les desapar\u00e8ixer, vale?<\/p>\n<p style=\"text-align: justify;\">Un altre dia, quan el papa no treballi vindr\u00e0 i ens far\u00e0 encanteris a la classe, per\u00f2 de veritat. Jo nom\u00e8s jugo amb ell i enganyo als meus amics. M&#8217;agrada molt. Quan sigui gran vull treballar amb el papa.&#8221;<\/p>\n<p style=\"text-align: justify;\"><a href=\"https:\/\/goo.gl\/photos\/3GLgeo8J3GYXhgKt7\">https:\/\/goo.gl\/photos\/3GLgeo8J3GYXhgKt7<\/a><\/p>\n","protected":false},"excerpt":{"rendered":"<p>La Gisela per l&#8217;Ensenyar i explicar, ens va portar un objecte que li \u00e9s prou familiar a casa, perqu\u00e8 el seu pare \u00e9s mag. I sin\u00f2 mireu&#8230; &#8220;Aix\u00f2 \u00e9s una xistera (un barret de copa) i me la van regalar el papa i la mama perque jo volia tenir una com el papa. El papa [&hellip;]<\/p>\n","protected":false},"author":1,"featured_media":0,"comment_status":"open","ping_status":"open","sticky":false,"template":"","format":"standard","meta":{"_bbp_topic_count":0,"_bbp_reply_count":0,"_bbp_total_topic_count":0,"_bbp_total_reply_count":0,"_bbp_voice_count":0,"_bbp_anonymous_reply_count":0,"_bbp_topic_count_hidden":0,"_bbp_reply_count_hidden":0,"_bbp_forum_subforum_count":0,"site-sidebar-layout":"default","site-content-layout":"","ast-site-content-layout":"","site-content-style":"default","site-sidebar-style":"default","ast-global-header-display":"","ast-banner-title-visibility":"","ast-main-header-display":"","ast-hfb-above-header-display":"","ast-hfb-below-header-display":"","ast-hfb-mobile-header-display":"","site-post-title":"","ast-breadcrumbs-content":"","ast-featured-img":"","footer-sml-layout":"","theme-transparent-header-meta":"","adv-header-id-meta":"","stick-header-meta":"","header-above-stick-meta":"","header-main-stick-meta":"","header-below-stick-meta":"","astra-migrate-meta-layouts":"default","ast-page-background-enabled":"default","ast-page-background-meta":{"desktop":{"background-color":"var(--ast-global-color-4)","background-image":"","background-repeat":"repeat","background-position":"center center","background-size":"auto","background-attachment":"scroll","background-type":"","background-media":"","overlay-type":"","overlay-color":"","overlay-opacity":"","overlay-gradient":""},"tablet":{"background-color":"","background-image":"","background-repeat":"repeat","background-position":"center center","background-size":"auto","background-attachment":"scroll","background-type":"","background-media":"","overlay-type":"","overlay-color":"","overlay-opacity":"","overlay-gradient":""},"mobile":{"background-color":"","background-image":"","background-repeat":"repeat","background-position":"center center","background-size":"auto","background-attachment":"scroll","background-type":"","background-media":"","overlay-type":"","overlay-color":"","overlay-opacity":"","overlay-gradient":""}},"ast-content-background-meta":{"desktop":{"background-color":"var(--ast-global-color-5)","background-image":"","background-repeat":"repeat","background-position":"center center","background-size":"auto","background-attachment":"scroll","background-type":"","background-media":"","overlay-type":"","overlay-color":"","overlay-opacity":"","overlay-gradient":""},"tablet":{"background-color":"var(--ast-global-color-5)","background-image":"","background-repeat":"repeat","background-position":"center center","background-size":"auto","background-attachment":"scroll","background-type":"","background-media":"","overlay-type":"","overlay-color":"","overlay-opacity":"","overlay-gradient":""},"mobile":{"background-color":"var(--ast-global-color-5)","background-image":"","background-repeat":"repeat","background-position":"center center","background-size":"auto","background-attachment":"scroll","background-type":"","background-media":"","overlay-type":"","overlay-color":"","overlay-opacity":"","overlay-gradient":""}},"footnotes":""},"categories":[1],"tags":[],"class_list":["post-7512","post","type-post","status-publish","format-standard","hentry","category-general"],"post_mailing_queue_ids":[],"_links":{"self":[{"href":"https:\/\/agora.xtec.cat\/ceip-torrojaimiret\/wp-json\/wp\/v2\/posts\/7512","targetHints":{"allow":["GET"]}}],"collection":[{"href":"https:\/\/agora.xtec.cat\/ceip-torrojaimiret\/wp-json\/wp\/v2\/posts"}],"about":[{"href":"https:\/\/agora.xtec.cat\/ceip-torrojaimiret\/wp-json\/wp\/v2\/types\/post"}],"author":[{"embeddable":true,"href":"https:\/\/agora.xtec.cat\/ceip-torrojaimiret\/wp-json\/wp\/v2\/users\/1"}],"replies":[{"embeddable":true,"href":"https:\/\/agora.xtec.cat\/ceip-torrojaimiret\/wp-json\/wp\/v2\/comments?post=7512"}],"version-history":[{"count":0,"href":"https:\/\/agora.xtec.cat\/ceip-torrojaimiret\/wp-json\/wp\/v2\/posts\/7512\/revisions"}],"wp:attachment":[{"href":"https:\/\/agora.xtec.cat\/ceip-torrojaimiret\/wp-json\/wp\/v2\/media?parent=7512"}],"wp:term":[{"taxonomy":"category","embeddable":true,"href":"https:\/\/agora.xtec.cat\/ceip-torrojaimiret\/wp-json\/wp\/v2\/categories?post=7512"},{"taxonomy":"post_tag","embeddable":true,"href":"https:\/\/agora.xtec.cat\/ceip-torrojaimiret\/wp-json\/wp\/v2\/tags?post=7512"}],"curies":[{"name":"wp","href":"https:\/\/api.w.org\/{rel}","templated":true}]}}