{"id":7482,"date":"2016-11-28T13:03:07","date_gmt":"2016-11-28T12:03:07","guid":{"rendered":"http:\/\/blocs.xtec.cat\/ceiptorrojaimiret\/?p=7482"},"modified":"2016-11-28T13:03:07","modified_gmt":"2016-11-28T12:03:07","slug":"7482","status":"publish","type":"post","link":"https:\/\/agora.xtec.cat\/ceip-torrojaimiret\/general\/7482\/","title":{"rendered":"PROTAGONISTA ALEX VAQUERO"},"content":{"rendered":"<p>La setmana passada varem tenir un nou protagonista de la setmana a la classe del bosc, aquesta vegada va ser l&#8217;Alex Vaquero que ens ha explicat molt\u00edssimes coses de quan era petit.<\/p>\n<p>El seu pare es diu Alejandro i la seva mare Maria, tamb\u00e9 t\u00e9 un germ\u00e0 que es diu Erik, i va ser ell qui va escollir el seu nom. Tamb\u00e9 t\u00e9 molts cosins amb els que passa moltes estones jugant, banyant-se a la piscina, els agrada anar a l&#8217;Aquopolis, el seu cos\u00ed preferit \u00e9s el Luis.<\/p>\n<p>A l&#8217;Alex li agrada molt ajudar a la seva mare a cuinar, fa sucs de taronja i el seu plat preferit s\u00f3n els espaguetis i la xocolata.<\/p>\n<p>La seva mare va venir a la classe el divendres i ens va explicar molts m\u00e9s secrets de quan l&#8217;Alex era petit, en va dir que la seva pel.l\u00edcula preferida era Jurasik word, i la seva can\u00e7\u00f3 \u00e9s la &#8221; si te vas &#8220;, aix\u00ed que tots junts l&#8217;hem ballada a la classe.<br \/>\nTamb\u00e9 ens ha portat una sorpresa per a tots els companys i per a les senyoretes, un reno fet amb rotllos de paper de water molt i molt divertit.<\/p>\n<p>Gr\u00e0cies fam\u00edlia per haver participat en el nostre projecte de vincles, esperem que vosaltres hagueu disfrutat tant o m\u00e9s del que ho hem fet nosaltres !!!!<\/p>\n<p><a href=\"https:\/\/goo.gl\/photos\/B63xTn6325nh9jhw8\">PROTAGONISTA ALEX VAQUERO<\/a><\/p>\n","protected":false},"excerpt":{"rendered":"<p>La setmana passada varem tenir un nou protagonista de la setmana a la classe del bosc, aquesta vegada va ser l&#8217;Alex Vaquero que ens ha explicat molt\u00edssimes coses de quan era petit. El seu pare es diu Alejandro i la seva mare Maria, tamb\u00e9 t\u00e9 un germ\u00e0 que es diu Erik, i va ser ell [&hellip;]<\/p>\n","protected":false},"author":1,"featured_media":0,"comment_status":"open","ping_status":"open","sticky":false,"template":"","format":"standard","meta":{"_bbp_topic_count":0,"_bbp_reply_count":0,"_bbp_total_topic_count":0,"_bbp_total_reply_count":0,"_bbp_voice_count":0,"_bbp_anonymous_reply_count":0,"_bbp_topic_count_hidden":0,"_bbp_reply_count_hidden":0,"_bbp_forum_subforum_count":0,"site-sidebar-layout":"default","site-content-layout":"","ast-site-content-layout":"","site-content-style":"default","site-sidebar-style":"default","ast-global-header-display":"","ast-banner-title-visibility":"","ast-main-header-display":"","ast-hfb-above-header-display":"","ast-hfb-below-header-display":"","ast-hfb-mobile-header-display":"","site-post-title":"","ast-breadcrumbs-content":"","ast-featured-img":"","footer-sml-layout":"","theme-transparent-header-meta":"","adv-header-id-meta":"","stick-header-meta":"","header-above-stick-meta":"","header-main-stick-meta":"","header-below-stick-meta":"","astra-migrate-meta-layouts":"default","ast-page-background-enabled":"default","ast-page-background-meta":{"desktop":{"background-color":"var(--ast-global-color-4)","background-image":"","background-repeat":"repeat","background-position":"center center","background-size":"auto","background-attachment":"scroll","background-type":"","background-media":"","overlay-type":"","overlay-color":"","overlay-opacity":"","overlay-gradient":""},"tablet":{"background-color":"","background-image":"","background-repeat":"repeat","background-position":"center center","background-size":"auto","background-attachment":"scroll","background-type":"","background-media":"","overlay-type":"","overlay-color":"","overlay-opacity":"","overlay-gradient":""},"mobile":{"background-color":"","background-image":"","background-repeat":"repeat","background-position":"center center","background-size":"auto","background-attachment":"scroll","background-type":"","background-media":"","overlay-type":"","overlay-color":"","overlay-opacity":"","overlay-gradient":""}},"ast-content-background-meta":{"desktop":{"background-color":"var(--ast-global-color-5)","background-image":"","background-repeat":"repeat","background-position":"center center","background-size":"auto","background-attachment":"scroll","background-type":"","background-media":"","overlay-type":"","overlay-color":"","overlay-opacity":"","overlay-gradient":""},"tablet":{"background-color":"var(--ast-global-color-5)","background-image":"","background-repeat":"repeat","background-position":"center center","background-size":"auto","background-attachment":"scroll","background-type":"","background-media":"","overlay-type":"","overlay-color":"","overlay-opacity":"","overlay-gradient":""},"mobile":{"background-color":"var(--ast-global-color-5)","background-image":"","background-repeat":"repeat","background-position":"center center","background-size":"auto","background-attachment":"scroll","background-type":"","background-media":"","overlay-type":"","overlay-color":"","overlay-opacity":"","overlay-gradient":""}},"footnotes":""},"categories":[1],"tags":[],"class_list":["post-7482","post","type-post","status-publish","format-standard","hentry","category-general"],"post_mailing_queue_ids":[],"_links":{"self":[{"href":"https:\/\/agora.xtec.cat\/ceip-torrojaimiret\/wp-json\/wp\/v2\/posts\/7482","targetHints":{"allow":["GET"]}}],"collection":[{"href":"https:\/\/agora.xtec.cat\/ceip-torrojaimiret\/wp-json\/wp\/v2\/posts"}],"about":[{"href":"https:\/\/agora.xtec.cat\/ceip-torrojaimiret\/wp-json\/wp\/v2\/types\/post"}],"author":[{"embeddable":true,"href":"https:\/\/agora.xtec.cat\/ceip-torrojaimiret\/wp-json\/wp\/v2\/users\/1"}],"replies":[{"embeddable":true,"href":"https:\/\/agora.xtec.cat\/ceip-torrojaimiret\/wp-json\/wp\/v2\/comments?post=7482"}],"version-history":[{"count":0,"href":"https:\/\/agora.xtec.cat\/ceip-torrojaimiret\/wp-json\/wp\/v2\/posts\/7482\/revisions"}],"wp:attachment":[{"href":"https:\/\/agora.xtec.cat\/ceip-torrojaimiret\/wp-json\/wp\/v2\/media?parent=7482"}],"wp:term":[{"taxonomy":"category","embeddable":true,"href":"https:\/\/agora.xtec.cat\/ceip-torrojaimiret\/wp-json\/wp\/v2\/categories?post=7482"},{"taxonomy":"post_tag","embeddable":true,"href":"https:\/\/agora.xtec.cat\/ceip-torrojaimiret\/wp-json\/wp\/v2\/tags?post=7482"}],"curies":[{"name":"wp","href":"https:\/\/api.w.org\/{rel}","templated":true}]}}