{"id":7438,"date":"2016-12-06T21:43:32","date_gmt":"2016-12-06T20:43:32","guid":{"rendered":"http:\/\/blocs.xtec.cat\/ceiptorrojaimiret\/?p=7438"},"modified":"2016-12-06T21:43:32","modified_gmt":"2016-12-06T20:43:32","slug":"ensenyar-i-explicar-p4b-laia","status":"publish","type":"post","link":"https:\/\/agora.xtec.cat\/ceip-torrojaimiret\/general\/ensenyar-i-explicar-p4b-laia\/","title":{"rendered":"ENSENYAR I EXPLICAR P4B LAIA"},"content":{"rendered":"<p style=\"text-align: justify;\">La Laia ens va portar la seva motxilla per Ensenyar i explicar, i s\u00ed, segur que molts pensareu que ja la porta cada dia, per\u00f2 \u00e9s que li agrada tant que volia ensenyar-la b\u00e9 als seus companys\/es. I sin\u00f2, mireu tot el que ens va dir d&#8217;ella&#8230;<\/p>\n<p style=\"text-align: justify;\">&#8220;He portat la motxilla perque m&#8217;agrada molt i molt Frozen. M&#8217;agraden molt les princesses per\u00f2 les que m\u00e9s m&#8217;agraden s\u00f3n l&#8217;Elsa i l&#8217;Anna.\u00a0 Tinc la disfressa de l&#8217;Anna, per\u00f2 vull que el papa i la mama em comprin tamb\u00e9 el de l&#8217;Elsa. Tamb\u00e9 tinc la pel\u00b7l\u00edcula, i la he vist un munt de vegades amb la mama i la Nat\u00e0lia. A la Nat\u00e0lia i a mi, ens agrada molt cantar les can\u00e7ons de Frozen, la sabem totes.<\/p>\n<p style=\"text-align: justify;\">Aquesta motxilla \u00e9s una motxilla de grans com la que porta la Nat\u00e0lia, la meva germana; per\u00f2 la d&#8217;ella no \u00e9s de Frozen; m&#8217;agrada m\u00e9s la meva.<\/p>\n<p style=\"text-align: justify;\">La meva mama me la va comprar el dilluns a una botiga que hi ha al costat de casa, que no m&#8217;enrecordo com es diu la botiga; per\u00f2 hi ha moltes coses. El papa i la mama diuen que aix\u00ed he de venir contenta cada dia al cole. Perque a mi m&#8217;agrada molt el cole per\u00f2 tamb\u00e9 vull estar a casa; i per aix\u00f2 ploro a vegades.<\/p>\n<p style=\"text-align: justify;\">La motxilla t\u00e9 tres butxaques, una butxaca gran i\u00a0 dues petites, a la butxaca gran fico l&#8217;esmorzar perque t\u00e9 cremallera i ax\u00ed no cau; i a les petites fico joguines i papers. \u00c9s de color blau perque a Frozen tot \u00e9s de color blau i a mi tamb\u00e9 m&#8217;agrada molt el blau, per\u00f2 tamb\u00e9 el lila i el rosa.<\/p>\n<p style=\"text-align: justify;\">Els papa i la mama, diuen que jo tamb\u00e9 s\u00f3c una princesa; per\u00f2 que m&#8217;he de portar millor.&#8221;<\/p>\n<p><a href=\"https:\/\/goo.gl\/photos\/3st8ootUYB47NVzF9\">https:\/\/goo.gl\/photos\/3st8ootUYB47NVzF9<\/a><\/p>\n","protected":false},"excerpt":{"rendered":"<p>La Laia ens va portar la seva motxilla per Ensenyar i explicar, i s\u00ed, segur que molts pensareu que ja la porta cada dia, per\u00f2 \u00e9s que li agrada tant que volia ensenyar-la b\u00e9 als seus companys\/es. I sin\u00f2, mireu tot el que ens va dir d&#8217;ella&#8230; &#8220;He portat la motxilla perque m&#8217;agrada molt i [&hellip;]<\/p>\n","protected":false},"author":1,"featured_media":0,"comment_status":"open","ping_status":"open","sticky":false,"template":"","format":"standard","meta":{"_bbp_topic_count":0,"_bbp_reply_count":0,"_bbp_total_topic_count":0,"_bbp_total_reply_count":0,"_bbp_voice_count":0,"_bbp_anonymous_reply_count":0,"_bbp_topic_count_hidden":0,"_bbp_reply_count_hidden":0,"_bbp_forum_subforum_count":0,"site-sidebar-layout":"default","site-content-layout":"","ast-site-content-layout":"","site-content-style":"default","site-sidebar-style":"default","ast-global-header-display":"","ast-banner-title-visibility":"","ast-main-header-display":"","ast-hfb-above-header-display":"","ast-hfb-below-header-display":"","ast-hfb-mobile-header-display":"","site-post-title":"","ast-breadcrumbs-content":"","ast-featured-img":"","footer-sml-layout":"","theme-transparent-header-meta":"","adv-header-id-meta":"","stick-header-meta":"","header-above-stick-meta":"","header-main-stick-meta":"","header-below-stick-meta":"","astra-migrate-meta-layouts":"default","ast-page-background-enabled":"default","ast-page-background-meta":{"desktop":{"background-color":"var(--ast-global-color-4)","background-image":"","background-repeat":"repeat","background-position":"center center","background-size":"auto","background-attachment":"scroll","background-type":"","background-media":"","overlay-type":"","overlay-color":"","overlay-opacity":"","overlay-gradient":""},"tablet":{"background-color":"","background-image":"","background-repeat":"repeat","background-position":"center center","background-size":"auto","background-attachment":"scroll","background-type":"","background-media":"","overlay-type":"","overlay-color":"","overlay-opacity":"","overlay-gradient":""},"mobile":{"background-color":"","background-image":"","background-repeat":"repeat","background-position":"center center","background-size":"auto","background-attachment":"scroll","background-type":"","background-media":"","overlay-type":"","overlay-color":"","overlay-opacity":"","overlay-gradient":""}},"ast-content-background-meta":{"desktop":{"background-color":"var(--ast-global-color-5)","background-image":"","background-repeat":"repeat","background-position":"center center","background-size":"auto","background-attachment":"scroll","background-type":"","background-media":"","overlay-type":"","overlay-color":"","overlay-opacity":"","overlay-gradient":""},"tablet":{"background-color":"var(--ast-global-color-5)","background-image":"","background-repeat":"repeat","background-position":"center center","background-size":"auto","background-attachment":"scroll","background-type":"","background-media":"","overlay-type":"","overlay-color":"","overlay-opacity":"","overlay-gradient":""},"mobile":{"background-color":"var(--ast-global-color-5)","background-image":"","background-repeat":"repeat","background-position":"center center","background-size":"auto","background-attachment":"scroll","background-type":"","background-media":"","overlay-type":"","overlay-color":"","overlay-opacity":"","overlay-gradient":""}},"footnotes":""},"categories":[1],"tags":[],"class_list":["post-7438","post","type-post","status-publish","format-standard","hentry","category-general"],"post_mailing_queue_ids":[],"_links":{"self":[{"href":"https:\/\/agora.xtec.cat\/ceip-torrojaimiret\/wp-json\/wp\/v2\/posts\/7438","targetHints":{"allow":["GET"]}}],"collection":[{"href":"https:\/\/agora.xtec.cat\/ceip-torrojaimiret\/wp-json\/wp\/v2\/posts"}],"about":[{"href":"https:\/\/agora.xtec.cat\/ceip-torrojaimiret\/wp-json\/wp\/v2\/types\/post"}],"author":[{"embeddable":true,"href":"https:\/\/agora.xtec.cat\/ceip-torrojaimiret\/wp-json\/wp\/v2\/users\/1"}],"replies":[{"embeddable":true,"href":"https:\/\/agora.xtec.cat\/ceip-torrojaimiret\/wp-json\/wp\/v2\/comments?post=7438"}],"version-history":[{"count":0,"href":"https:\/\/agora.xtec.cat\/ceip-torrojaimiret\/wp-json\/wp\/v2\/posts\/7438\/revisions"}],"wp:attachment":[{"href":"https:\/\/agora.xtec.cat\/ceip-torrojaimiret\/wp-json\/wp\/v2\/media?parent=7438"}],"wp:term":[{"taxonomy":"category","embeddable":true,"href":"https:\/\/agora.xtec.cat\/ceip-torrojaimiret\/wp-json\/wp\/v2\/categories?post=7438"},{"taxonomy":"post_tag","embeddable":true,"href":"https:\/\/agora.xtec.cat\/ceip-torrojaimiret\/wp-json\/wp\/v2\/tags?post=7438"}],"curies":[{"name":"wp","href":"https:\/\/api.w.org\/{rel}","templated":true}]}}