{"id":7358,"date":"2016-11-18T10:39:57","date_gmt":"2016-11-18T09:39:57","guid":{"rendered":"http:\/\/blocs.xtec.cat\/ceiptorrojaimiret\/?p=7358"},"modified":"2016-11-18T10:39:57","modified_gmt":"2016-11-18T09:39:57","slug":"els-alumnes-de-5e-preparem-el-festival","status":"publish","type":"post","link":"https:\/\/agora.xtec.cat\/ceip-torrojaimiret\/general\/els-alumnes-de-5e-preparem-el-festival\/","title":{"rendered":"ELS ALUMNES DE 5\u00c8 PREPAREN EL FESTIVAL DE NADAL"},"content":{"rendered":"<p>Els alumnes de 5\u00e8 han comen\u00e7at a preparar les can\u00e7ons que interpretaran el dia del Festival de Nadal.<\/p>\n<p>Amb la flauta tocaran la can\u00e7\u00f3 \u201c<strong>Oda a l&#8217;alegria<\/strong>\u201d de Ludwig Van Beethoven&#8221;. Tot seguit, cantaran la nadala \u201c<strong>Ara \u00e9s Nadal<\/strong>\u201d del grup Lexu&#8217;s.<img loading=\"lazy\" decoding=\"async\" class=\"aligncenter\" src=\"http:\/\/www.boatondee.com\/wp-content\/uploads\/2014\/08\/Christmas-Ribbon-PNG-Image.png\" alt=\"Resultat d'imatges de christmas\" width=\"245\" height=\"92\" \/><\/p>\n<p>A continuaci\u00f3 poso tots els recursos per continuar treballant les can\u00e7ons.<\/p>\n<p><strong>ARA \u00c9S NADAL<\/strong><\/p>\n<p><a href=\"https:\/\/drive.google.com\/file\/d\/0B7GrmkVrB2mQS19DbmFBOHdyZDg\/view?usp=sharing\" target=\"_blank\">La fitxa &#8220;Ara \u00e9s Nadal&#8221;<img loading=\"lazy\" decoding=\"async\" class=\"alignleft\" src=\"http:\/\/www.micasarevista.com\/var\/decoracion\/storage\/images\/mi-casa\/salones\/adornos-para-decorar-tu-arbol-de-navidad\/bolas-de-navidad-con-escarcha\/1334793-1-esl-ES\/bolas-de-navidad-con-escarcha_ampliacion.jpg\" alt=\"Resultat d'imatges de bolas de navidad\" width=\"134\" height=\"100\" \/><\/a><\/p>\n<p><a href=\"https:\/\/www.youtube.com\/watch?v=o-WNUUUw5w4\" target=\"_blank\">El v\u00eddeo &#8220;Ara \u00e9s Nadal&#8221;<\/a><\/p>\n<p><a href=\"https:\/\/drive.google.com\/file\/d\/0B7GrmkVrB2mQWDhFZVVsbExmUGc\/view?usp=sharing\" target=\"_blank\">Acompanyament musical<\/a><\/p>\n<p>&nbsp;<\/p>\n<p><strong>ODA A L&#8217;ALEGRIA<\/strong><\/p>\n<p><strong><img loading=\"lazy\" decoding=\"async\" class=\"alignleft\" src=\"https:\/\/edukame.com\/sites\/default\/files\/styles\/articulo_completo\/public\/foto_alegria_1200.jpg\" alt=\"Resultat d'imatges de alegria\" width=\"185\" height=\"123\" \/><\/strong><\/p>\n<p><a href=\"https:\/\/drive.google.com\/file\/d\/0B7GrmkVrB2mQUDJrWS02WTlRTTA\/view?usp=sharing\" target=\"_blank\">Partitura &#8220;Oda a l&#8217;alegria&#8221;<\/a><\/p>\n<p><a href=\"https:\/\/drive.google.com\/file\/d\/0B7GrmkVrB2mQekMyaVdmVWppdGc\/view?usp=sharing\" target=\"_blank\">Acompanyament musical<\/a><\/p>\n","protected":false},"excerpt":{"rendered":"<p>Els alumnes de 5\u00e8 han comen\u00e7at a preparar les can\u00e7ons que interpretaran el dia del Festival de Nadal. Amb la flauta tocaran la can\u00e7\u00f3 \u201cOda a l&#8217;alegria\u201d de Ludwig Van Beethoven&#8221;. Tot seguit, cantaran la nadala \u201cAra \u00e9s Nadal\u201d del grup Lexu&#8217;s. A continuaci\u00f3 poso tots els recursos per continuar treballant les can\u00e7ons. ARA \u00c9S [&hellip;]<\/p>\n","protected":false},"author":1,"featured_media":0,"comment_status":"open","ping_status":"open","sticky":false,"template":"","format":"standard","meta":{"_bbp_topic_count":0,"_bbp_reply_count":0,"_bbp_total_topic_count":0,"_bbp_total_reply_count":0,"_bbp_voice_count":0,"_bbp_anonymous_reply_count":0,"_bbp_topic_count_hidden":0,"_bbp_reply_count_hidden":0,"_bbp_forum_subforum_count":0,"site-sidebar-layout":"default","site-content-layout":"","ast-site-content-layout":"","site-content-style":"default","site-sidebar-style":"default","ast-global-header-display":"","ast-banner-title-visibility":"","ast-main-header-display":"","ast-hfb-above-header-display":"","ast-hfb-below-header-display":"","ast-hfb-mobile-header-display":"","site-post-title":"","ast-breadcrumbs-content":"","ast-featured-img":"","footer-sml-layout":"","theme-transparent-header-meta":"","adv-header-id-meta":"","stick-header-meta":"","header-above-stick-meta":"","header-main-stick-meta":"","header-below-stick-meta":"","astra-migrate-meta-layouts":"default","ast-page-background-enabled":"default","ast-page-background-meta":{"desktop":{"background-color":"var(--ast-global-color-4)","background-image":"","background-repeat":"repeat","background-position":"center center","background-size":"auto","background-attachment":"scroll","background-type":"","background-media":"","overlay-type":"","overlay-color":"","overlay-opacity":"","overlay-gradient":""},"tablet":{"background-color":"","background-image":"","background-repeat":"repeat","background-position":"center center","background-size":"auto","background-attachment":"scroll","background-type":"","background-media":"","overlay-type":"","overlay-color":"","overlay-opacity":"","overlay-gradient":""},"mobile":{"background-color":"","background-image":"","background-repeat":"repeat","background-position":"center center","background-size":"auto","background-attachment":"scroll","background-type":"","background-media":"","overlay-type":"","overlay-color":"","overlay-opacity":"","overlay-gradient":""}},"ast-content-background-meta":{"desktop":{"background-color":"var(--ast-global-color-5)","background-image":"","background-repeat":"repeat","background-position":"center center","background-size":"auto","background-attachment":"scroll","background-type":"","background-media":"","overlay-type":"","overlay-color":"","overlay-opacity":"","overlay-gradient":""},"tablet":{"background-color":"var(--ast-global-color-5)","background-image":"","background-repeat":"repeat","background-position":"center center","background-size":"auto","background-attachment":"scroll","background-type":"","background-media":"","overlay-type":"","overlay-color":"","overlay-opacity":"","overlay-gradient":""},"mobile":{"background-color":"var(--ast-global-color-5)","background-image":"","background-repeat":"repeat","background-position":"center center","background-size":"auto","background-attachment":"scroll","background-type":"","background-media":"","overlay-type":"","overlay-color":"","overlay-opacity":"","overlay-gradient":""}},"footnotes":""},"categories":[1,70,72],"tags":[],"class_list":["post-7358","post","type-post","status-publish","format-standard","hentry","category-general","category-laula-de-musica","category-noticies"],"post_mailing_queue_ids":[],"_links":{"self":[{"href":"https:\/\/agora.xtec.cat\/ceip-torrojaimiret\/wp-json\/wp\/v2\/posts\/7358","targetHints":{"allow":["GET"]}}],"collection":[{"href":"https:\/\/agora.xtec.cat\/ceip-torrojaimiret\/wp-json\/wp\/v2\/posts"}],"about":[{"href":"https:\/\/agora.xtec.cat\/ceip-torrojaimiret\/wp-json\/wp\/v2\/types\/post"}],"author":[{"embeddable":true,"href":"https:\/\/agora.xtec.cat\/ceip-torrojaimiret\/wp-json\/wp\/v2\/users\/1"}],"replies":[{"embeddable":true,"href":"https:\/\/agora.xtec.cat\/ceip-torrojaimiret\/wp-json\/wp\/v2\/comments?post=7358"}],"version-history":[{"count":0,"href":"https:\/\/agora.xtec.cat\/ceip-torrojaimiret\/wp-json\/wp\/v2\/posts\/7358\/revisions"}],"wp:attachment":[{"href":"https:\/\/agora.xtec.cat\/ceip-torrojaimiret\/wp-json\/wp\/v2\/media?parent=7358"}],"wp:term":[{"taxonomy":"category","embeddable":true,"href":"https:\/\/agora.xtec.cat\/ceip-torrojaimiret\/wp-json\/wp\/v2\/categories?post=7358"},{"taxonomy":"post_tag","embeddable":true,"href":"https:\/\/agora.xtec.cat\/ceip-torrojaimiret\/wp-json\/wp\/v2\/tags?post=7358"}],"curies":[{"name":"wp","href":"https:\/\/api.w.org\/{rel}","templated":true}]}}