{"id":6930,"date":"2016-05-11T09:43:51","date_gmt":"2016-05-11T07:43:51","guid":{"rendered":"http:\/\/blocs.xtec.cat\/ceiptorrojaimiret\/?p=6930"},"modified":"2016-05-11T09:43:51","modified_gmt":"2016-05-11T07:43:51","slug":"forum-escola-verda","status":"publish","type":"post","link":"https:\/\/agora.xtec.cat\/ceip-torrojaimiret\/general\/forum-escola-verda\/","title":{"rendered":"F\u00f2rum escola verda"},"content":{"rendered":"<p>Ahir es va celebrar el darrer f\u00f2rum d&#8217;escoles verdes a la ciutat de Reus.<br \/>\nCada dos anys totes les escoles verdes de la prov\u00edncia es reuneixen per intercanviar experi\u00e8ncies.<br \/>\nLa nostra escola ha estat representada per dos mestres i els dos delegats verds de sis\u00e8. Un cop all\u00e0 mestres i alumnes hem realitzat taules rodones per explicar accions que duem a terme a les escoles, i realment hem pogut treure moltes idees de noves accions que podem realitzar a la nostra escola.<\/p>\n<p>Despr\u00e9s de fer un dinar de germanor, hem realitzat una acci\u00f3 pels carrers de reus, hem fet enquestes a la gent per investigar quin medi de transport utilitzen per anar a treballar i fent un c\u00e0lcul del CO2 que generem durant el nostre trajecte.Tamb\u00e9 hem comptat quanta gent viatge en cada cotxe, observant que en la majoria de casos hi va un sol passatger.<\/p>\n<p>Ha sigut una gran experi\u00e8ncia !!! Enhorabona a tota la organitzaci\u00f3 i en especial a Celrogent per tota la tasca que esteu duent a terme.<\/p>\n<p><embed type=\"application\/x-shockwave-flash\" src=\"https:\/\/photos.gstatic.com\/media\/slideshow.swf\" width=\"600\" height=\"400\" flashvars=\"host=picasaweb.google.com&#038;hl=ca&#038;feat=flashalbum&#038;RGB=0x000000&#038;feed=https%3A%2F%2Fpicasaweb.google.com%2Fdata%2Ffeed%2Fapi%2Fuser%2F104115276565930427419%2Falbumid%2F6283328465360558577%3Falt%3Drss%26kind%3Dphoto%26authkey%3DGv1sRgCKje2dLfjs2RzAE%26hl%3Dca\" pluginspage=\"http:\/\/www.macromedia.com\/go\/getflashplayer\"><\/embed><\/p>\n","protected":false},"excerpt":{"rendered":"<p>Ahir es va celebrar el darrer f\u00f2rum d&#8217;escoles verdes a la ciutat de Reus. Cada dos anys totes les escoles verdes de la prov\u00edncia es reuneixen per intercanviar experi\u00e8ncies. La nostra escola ha estat representada per dos mestres i els dos delegats verds de sis\u00e8. Un cop all\u00e0 mestres i alumnes hem realitzat taules rodones [&hellip;]<\/p>\n","protected":false},"author":1,"featured_media":0,"comment_status":"open","ping_status":"open","sticky":false,"template":"","format":"standard","meta":{"_bbp_topic_count":0,"_bbp_reply_count":0,"_bbp_total_topic_count":0,"_bbp_total_reply_count":0,"_bbp_voice_count":0,"_bbp_anonymous_reply_count":0,"_bbp_topic_count_hidden":0,"_bbp_reply_count_hidden":0,"_bbp_forum_subforum_count":0,"site-sidebar-layout":"default","site-content-layout":"","ast-site-content-layout":"","site-content-style":"default","site-sidebar-style":"default","ast-global-header-display":"","ast-banner-title-visibility":"","ast-main-header-display":"","ast-hfb-above-header-display":"","ast-hfb-below-header-display":"","ast-hfb-mobile-header-display":"","site-post-title":"","ast-breadcrumbs-content":"","ast-featured-img":"","footer-sml-layout":"","theme-transparent-header-meta":"","adv-header-id-meta":"","stick-header-meta":"","header-above-stick-meta":"","header-main-stick-meta":"","header-below-stick-meta":"","astra-migrate-meta-layouts":"default","ast-page-background-enabled":"default","ast-page-background-meta":{"desktop":{"background-color":"var(--ast-global-color-4)","background-image":"","background-repeat":"repeat","background-position":"center center","background-size":"auto","background-attachment":"scroll","background-type":"","background-media":"","overlay-type":"","overlay-color":"","overlay-opacity":"","overlay-gradient":""},"tablet":{"background-color":"","background-image":"","background-repeat":"repeat","background-position":"center center","background-size":"auto","background-attachment":"scroll","background-type":"","background-media":"","overlay-type":"","overlay-color":"","overlay-opacity":"","overlay-gradient":""},"mobile":{"background-color":"","background-image":"","background-repeat":"repeat","background-position":"center center","background-size":"auto","background-attachment":"scroll","background-type":"","background-media":"","overlay-type":"","overlay-color":"","overlay-opacity":"","overlay-gradient":""}},"ast-content-background-meta":{"desktop":{"background-color":"var(--ast-global-color-5)","background-image":"","background-repeat":"repeat","background-position":"center center","background-size":"auto","background-attachment":"scroll","background-type":"","background-media":"","overlay-type":"","overlay-color":"","overlay-opacity":"","overlay-gradient":""},"tablet":{"background-color":"var(--ast-global-color-5)","background-image":"","background-repeat":"repeat","background-position":"center center","background-size":"auto","background-attachment":"scroll","background-type":"","background-media":"","overlay-type":"","overlay-color":"","overlay-opacity":"","overlay-gradient":""},"mobile":{"background-color":"var(--ast-global-color-5)","background-image":"","background-repeat":"repeat","background-position":"center center","background-size":"auto","background-attachment":"scroll","background-type":"","background-media":"","overlay-type":"","overlay-color":"","overlay-opacity":"","overlay-gradient":""}},"footnotes":""},"categories":[1,71],"tags":[],"class_list":["post-6930","post","type-post","status-publish","format-standard","hentry","category-general","category-lescola-verda"],"post_mailing_queue_ids":[],"_links":{"self":[{"href":"https:\/\/agora.xtec.cat\/ceip-torrojaimiret\/wp-json\/wp\/v2\/posts\/6930","targetHints":{"allow":["GET"]}}],"collection":[{"href":"https:\/\/agora.xtec.cat\/ceip-torrojaimiret\/wp-json\/wp\/v2\/posts"}],"about":[{"href":"https:\/\/agora.xtec.cat\/ceip-torrojaimiret\/wp-json\/wp\/v2\/types\/post"}],"author":[{"embeddable":true,"href":"https:\/\/agora.xtec.cat\/ceip-torrojaimiret\/wp-json\/wp\/v2\/users\/1"}],"replies":[{"embeddable":true,"href":"https:\/\/agora.xtec.cat\/ceip-torrojaimiret\/wp-json\/wp\/v2\/comments?post=6930"}],"version-history":[{"count":0,"href":"https:\/\/agora.xtec.cat\/ceip-torrojaimiret\/wp-json\/wp\/v2\/posts\/6930\/revisions"}],"wp:attachment":[{"href":"https:\/\/agora.xtec.cat\/ceip-torrojaimiret\/wp-json\/wp\/v2\/media?parent=6930"}],"wp:term":[{"taxonomy":"category","embeddable":true,"href":"https:\/\/agora.xtec.cat\/ceip-torrojaimiret\/wp-json\/wp\/v2\/categories?post=6930"},{"taxonomy":"post_tag","embeddable":true,"href":"https:\/\/agora.xtec.cat\/ceip-torrojaimiret\/wp-json\/wp\/v2\/tags?post=6930"}],"curies":[{"name":"wp","href":"https:\/\/api.w.org\/{rel}","templated":true}]}}