{"id":6879,"date":"2016-05-06T09:42:37","date_gmt":"2016-05-06T07:42:37","guid":{"rendered":"http:\/\/blocs.xtec.cat\/ceiptorrojaimiret\/?p=6879"},"modified":"2016-05-06T09:42:37","modified_gmt":"2016-05-06T07:42:37","slug":"protagonista-de-la-setmana-alvaro","status":"publish","type":"post","link":"https:\/\/agora.xtec.cat\/ceip-torrojaimiret\/general\/protagonista-de-la-setmana-alvaro\/","title":{"rendered":"Protagonista de la setmana \u00c1lvaro"},"content":{"rendered":"<p>Fa un parell de setmanes vam tenir com a protagonista a l&#8217;\u00c0lvaro. El primer dia ens va portar un munt de petxines que va agafar juntament amb la seva mare un dia que ella tenia festa, l&#8217;\u00c0lvaro s&#8217;ho va passar pipa passejant per la platja amb els seus pares i la seva gossa.<\/p>\n<p>Dimarts, un peluix d&#8217;un gos que li va regalar la seva iaia Juani, a la que estima molt. A l&#8217;\u00c0lvaro li agrada molt aquest peluix i sempre s&#8217;ho fica al seu llit per dormir.<\/p>\n<p>Dimecres amb les seves pistoles d&#8217;aigua vam jugar, i es que el nostre amic diu que a l&#8217;estiu li encanta jugar amb elles i refrescar-se.<\/p>\n<p>Dijous ens vam divertir amb la capsa multiactivitats que va portar, en ella hi havia laberints, circuits de boles, un rellotje&#8230;<\/p>\n<p>I divendres a la tarda, la seva fam\u00edlia ens va sorprendre amb la seva gossa Nina. El \u00c0lvaro i el seu pare ens va mostrar i explicar com d\u00f3na la pota, com li agrada jugar i passejar amb ella, com la banyen, com s&#8217;agafen les caques dels gossos quan fan caca al carrer,&#8230; Despr\u00e8s la seva mare ens va ensenyar fotos de quan tant sols un beb\u00e8. I per acabar, unes galetes amb el nostre nom ens van regalar!!! I es que la mam\u00e0 de l&#8217;\u00c0lvaro \u00e9s pastissera, i de les bones!!! Per que les galetes estaven bon\u00edssimes!!!<\/p>\n<p>Moltes gr\u00e0cies fam\u00edlia per tot!!!<\/p>\n<p><embed type=\"application\/x-shockwave-flash\" src=\"https:\/\/photos.gstatic.com\/media\/slideshow.swf\" width=\"600\" height=\"400\" flashvars=\"host=picasaweb.google.com&#038;hl=ca&#038;feat=flashalbum&#038;RGB=0x000000&#038;feed=https%3A%2F%2Fpicasaweb.google.com%2Fdata%2Ffeed%2Fapi%2Fuser%2F104115276565930427419%2Falbumid%2F6281470905822893761%3Falt%3Drss%26kind%3Dphoto%26authkey%3DGv1sRgCMHhtqjNquibQA%26hl%3Dca\" pluginspage=\"http:\/\/www.macromedia.com\/go\/getflashplayer\"><\/embed><\/p>\n","protected":false},"excerpt":{"rendered":"<p>Fa un parell de setmanes vam tenir com a protagonista a l&#8217;\u00c0lvaro. El primer dia ens va portar un munt de petxines que va agafar juntament amb la seva mare un dia que ella tenia festa, l&#8217;\u00c0lvaro s&#8217;ho va passar pipa passejant per la platja amb els seus pares i la seva gossa. Dimarts, un [&hellip;]<\/p>\n","protected":false},"author":1,"featured_media":0,"comment_status":"open","ping_status":"open","sticky":false,"template":"","format":"standard","meta":{"_bbp_topic_count":0,"_bbp_reply_count":0,"_bbp_total_topic_count":0,"_bbp_total_reply_count":0,"_bbp_voice_count":0,"_bbp_anonymous_reply_count":0,"_bbp_topic_count_hidden":0,"_bbp_reply_count_hidden":0,"_bbp_forum_subforum_count":0,"site-sidebar-layout":"default","site-content-layout":"","ast-site-content-layout":"","site-content-style":"default","site-sidebar-style":"default","ast-global-header-display":"","ast-banner-title-visibility":"","ast-main-header-display":"","ast-hfb-above-header-display":"","ast-hfb-below-header-display":"","ast-hfb-mobile-header-display":"","site-post-title":"","ast-breadcrumbs-content":"","ast-featured-img":"","footer-sml-layout":"","theme-transparent-header-meta":"","adv-header-id-meta":"","stick-header-meta":"","header-above-stick-meta":"","header-main-stick-meta":"","header-below-stick-meta":"","astra-migrate-meta-layouts":"default","ast-page-background-enabled":"default","ast-page-background-meta":{"desktop":{"background-color":"var(--ast-global-color-4)","background-image":"","background-repeat":"repeat","background-position":"center center","background-size":"auto","background-attachment":"scroll","background-type":"","background-media":"","overlay-type":"","overlay-color":"","overlay-opacity":"","overlay-gradient":""},"tablet":{"background-color":"","background-image":"","background-repeat":"repeat","background-position":"center center","background-size":"auto","background-attachment":"scroll","background-type":"","background-media":"","overlay-type":"","overlay-color":"","overlay-opacity":"","overlay-gradient":""},"mobile":{"background-color":"","background-image":"","background-repeat":"repeat","background-position":"center center","background-size":"auto","background-attachment":"scroll","background-type":"","background-media":"","overlay-type":"","overlay-color":"","overlay-opacity":"","overlay-gradient":""}},"ast-content-background-meta":{"desktop":{"background-color":"var(--ast-global-color-5)","background-image":"","background-repeat":"repeat","background-position":"center center","background-size":"auto","background-attachment":"scroll","background-type":"","background-media":"","overlay-type":"","overlay-color":"","overlay-opacity":"","overlay-gradient":""},"tablet":{"background-color":"var(--ast-global-color-5)","background-image":"","background-repeat":"repeat","background-position":"center center","background-size":"auto","background-attachment":"scroll","background-type":"","background-media":"","overlay-type":"","overlay-color":"","overlay-opacity":"","overlay-gradient":""},"mobile":{"background-color":"var(--ast-global-color-5)","background-image":"","background-repeat":"repeat","background-position":"center center","background-size":"auto","background-attachment":"scroll","background-type":"","background-media":"","overlay-type":"","overlay-color":"","overlay-opacity":"","overlay-gradient":""}},"footnotes":""},"categories":[1],"tags":[],"class_list":["post-6879","post","type-post","status-publish","format-standard","hentry","category-general"],"post_mailing_queue_ids":[],"_links":{"self":[{"href":"https:\/\/agora.xtec.cat\/ceip-torrojaimiret\/wp-json\/wp\/v2\/posts\/6879","targetHints":{"allow":["GET"]}}],"collection":[{"href":"https:\/\/agora.xtec.cat\/ceip-torrojaimiret\/wp-json\/wp\/v2\/posts"}],"about":[{"href":"https:\/\/agora.xtec.cat\/ceip-torrojaimiret\/wp-json\/wp\/v2\/types\/post"}],"author":[{"embeddable":true,"href":"https:\/\/agora.xtec.cat\/ceip-torrojaimiret\/wp-json\/wp\/v2\/users\/1"}],"replies":[{"embeddable":true,"href":"https:\/\/agora.xtec.cat\/ceip-torrojaimiret\/wp-json\/wp\/v2\/comments?post=6879"}],"version-history":[{"count":0,"href":"https:\/\/agora.xtec.cat\/ceip-torrojaimiret\/wp-json\/wp\/v2\/posts\/6879\/revisions"}],"wp:attachment":[{"href":"https:\/\/agora.xtec.cat\/ceip-torrojaimiret\/wp-json\/wp\/v2\/media?parent=6879"}],"wp:term":[{"taxonomy":"category","embeddable":true,"href":"https:\/\/agora.xtec.cat\/ceip-torrojaimiret\/wp-json\/wp\/v2\/categories?post=6879"},{"taxonomy":"post_tag","embeddable":true,"href":"https:\/\/agora.xtec.cat\/ceip-torrojaimiret\/wp-json\/wp\/v2\/tags?post=6879"}],"curies":[{"name":"wp","href":"https:\/\/api.w.org\/{rel}","templated":true}]}}