{"id":6751,"date":"2016-04-14T12:59:30","date_gmt":"2016-04-14T10:59:30","guid":{"rendered":"http:\/\/blocs.xtec.cat\/ceiptorrojaimiret\/?p=6751"},"modified":"2016-04-14T12:59:30","modified_gmt":"2016-04-14T10:59:30","slug":"la-cantata-de-sant-jordi-2016","status":"publish","type":"post","link":"https:\/\/agora.xtec.cat\/ceip-torrojaimiret\/general\/la-cantata-de-sant-jordi-2016\/","title":{"rendered":"La cantata de Sant Jordi 2016!"},"content":{"rendered":"<p>Els alumnes de prim\u00e0ria de les escoles de Vila-seca farem la cantata \u201cEmocions i sentiments\u201d i cantarem la can\u00e7\u00f3 de Sant Jordi que es diu \u201cPersonatges\u201d el divendres 22 d\u2019abril de 2016 al Pavell\u00f3\u00a0Municipal d\u2019Esports de Vila-seca. El\u00a0 concert comen\u00e7ar\u00e0 a les 11.30h.<\/p>\n<p><strong>Informaci\u00f3 sobre el concert:<\/strong><\/p>\n<ul style=\"list-style-type: circle;\">\n<li><strong>Dia:<\/strong> Divendres, 22 d&#8217;abril de 2016<\/li>\n<li><strong>Hora:<\/strong> 11.30h.<\/li>\n<li><strong>Lloc:<\/strong>\u00a0Pavell\u00f3\u00a0Municipal d&#8217;Esports. Avinguda de l&#8217;Alcalde Pere Molas 28, 43480.<\/li>\n<li><strong>Roba:<\/strong> Els alumnes hauran de portar texans (o faldilla) i una samarreta blanca.<\/li>\n<li><strong>Esmorzar:<\/strong> Han de venir ben esmorzats. Cada alumne rebr\u00e0 un pl\u00e0tan.<\/li>\n<li><strong>Horari:<\/strong> Els alumnes vindran a l&#8217;escola les 9:00h i sortiran de l&#8217;escola a les 12:45h. aproximadament.<\/li>\n<\/ul>\n<p><strong>Planificaci\u00f3 de la jornada:<\/strong><\/p>\n<ol style=\"list-style-type: circle;\">\n<li>9:00: Assaig de l&#8217;orquestra<\/li>\n<li>10:00: Arribada de les escoles<\/li>\n<li>10:15: Assaig de les escoles<\/li>\n<li>11:15: Entrada de les fam\u00edlies<\/li>\n<li>11:30: Comen\u00e7a el concert<\/li>\n<li>12.15: Cloenda<\/li>\n<\/ol>\n<p>Tot seguit hi ha la <strong>circular<\/strong> per a les fam\u00edlies.<\/p>\n<p><a href=\"http:\/\/blocs.xtec.cat\/ceiptorrojaimiret\/files\/2016\/04\/Circular-de-la-cantata-de-Sant-Jordi-2016.pdf\">Circular de la cantata de Sant Jordi 2016<\/a><\/p>\n<p><a href=\"http:\/\/blocs.xtec.cat\/ceiptorrojaimiret\/files\/2016\/04\/Circular-de-la-cantata-de-Sant-Jordi-2016.pdf\" target=\"_blank\"><img loading=\"lazy\" decoding=\"async\" class=\" aligncenter\" src=\"http:\/\/pix.iemoji.com\/images\/emoji\/apple\/ios-9\/256\/document.png\" alt=\"\" width=\"85\" height=\"85\" \/><\/a><\/p>\n<p style=\"text-align: center;\"><strong>Pavell\u00f3 Municipal d&#8217;Esports de Vila-seca<\/strong><img loading=\"lazy\" decoding=\"async\" src=\"http:\/\/www.vila-seca.cat\/documents\/10179\/12604\/Pavell%C3%B3%20municipal+esports+Vila-seca.jpg\/8ebd0c7e-5063-4e8d-8d9e-e9789e6d0fca?t=1385659969000?a=0\" alt=\"Pavell\u00f3 Municipal d'Esports\" width=\"477\" height=\"356\" \/><\/p>\n<p>&nbsp;<\/p>\n<p>A continuaci\u00f3 podreu veure la <strong>distribuci\u00f3<\/strong> de les escoles al Camp Municipal d&#8217;Esports de Vila-seca.\u00a0<a href=\"http:\/\/blocs.xtec.cat\/ceiptorrojaimiret\/files\/2016\/04\/Distribuci\u00f3-a-la-Cantata-2016.pdf\">Distribuci\u00f3 a la Cantata 2016<\/a><\/p>\n<p>La nostra escola \u00e9s la de color verd fosc.<\/p>\n<p><a href=\"http:\/\/blocs.xtec.cat\/ceiptorrojaimiret\/files\/2016\/04\/Distribuci%C3%B3-a-la-Cantata-2016.pdf\" target=\"_blank\"><img loading=\"lazy\" decoding=\"async\" class=\"  wp-image-6773 aligncenter\" src=\"http:\/\/blocs.xtec.cat\/ceiptorrojaimiret\/files\/2016\/04\/distribuci\u00f31.png\" alt=\"distribuci\u00f3\" width=\"545\" height=\"350\" \/><\/a><\/p>\n<p>&nbsp;<\/p>\n","protected":false},"excerpt":{"rendered":"<p>Els alumnes de prim\u00e0ria de les escoles de Vila-seca farem la cantata \u201cEmocions i sentiments\u201d i cantarem la can\u00e7\u00f3 de Sant Jordi que es diu \u201cPersonatges\u201d el divendres 22 d\u2019abril de 2016 al Pavell\u00f3\u00a0Municipal d\u2019Esports de Vila-seca. El\u00a0 concert comen\u00e7ar\u00e0 a les 11.30h. Informaci\u00f3 sobre el concert: Dia: Divendres, 22 d&#8217;abril de 2016 Hora: 11.30h. [&hellip;]<\/p>\n","protected":false},"author":1,"featured_media":0,"comment_status":"open","ping_status":"open","sticky":false,"template":"","format":"standard","meta":{"_bbp_topic_count":0,"_bbp_reply_count":0,"_bbp_total_topic_count":0,"_bbp_total_reply_count":0,"_bbp_voice_count":0,"_bbp_anonymous_reply_count":0,"_bbp_topic_count_hidden":0,"_bbp_reply_count_hidden":0,"_bbp_forum_subforum_count":0,"site-sidebar-layout":"default","site-content-layout":"","ast-site-content-layout":"","site-content-style":"default","site-sidebar-style":"default","ast-global-header-display":"","ast-banner-title-visibility":"","ast-main-header-display":"","ast-hfb-above-header-display":"","ast-hfb-below-header-display":"","ast-hfb-mobile-header-display":"","site-post-title":"","ast-breadcrumbs-content":"","ast-featured-img":"","footer-sml-layout":"","theme-transparent-header-meta":"","adv-header-id-meta":"","stick-header-meta":"","header-above-stick-meta":"","header-main-stick-meta":"","header-below-stick-meta":"","astra-migrate-meta-layouts":"default","ast-page-background-enabled":"default","ast-page-background-meta":{"desktop":{"background-color":"var(--ast-global-color-4)","background-image":"","background-repeat":"repeat","background-position":"center center","background-size":"auto","background-attachment":"scroll","background-type":"","background-media":"","overlay-type":"","overlay-color":"","overlay-opacity":"","overlay-gradient":""},"tablet":{"background-color":"","background-image":"","background-repeat":"repeat","background-position":"center center","background-size":"auto","background-attachment":"scroll","background-type":"","background-media":"","overlay-type":"","overlay-color":"","overlay-opacity":"","overlay-gradient":""},"mobile":{"background-color":"","background-image":"","background-repeat":"repeat","background-position":"center center","background-size":"auto","background-attachment":"scroll","background-type":"","background-media":"","overlay-type":"","overlay-color":"","overlay-opacity":"","overlay-gradient":""}},"ast-content-background-meta":{"desktop":{"background-color":"var(--ast-global-color-5)","background-image":"","background-repeat":"repeat","background-position":"center center","background-size":"auto","background-attachment":"scroll","background-type":"","background-media":"","overlay-type":"","overlay-color":"","overlay-opacity":"","overlay-gradient":""},"tablet":{"background-color":"var(--ast-global-color-5)","background-image":"","background-repeat":"repeat","background-position":"center center","background-size":"auto","background-attachment":"scroll","background-type":"","background-media":"","overlay-type":"","overlay-color":"","overlay-opacity":"","overlay-gradient":""},"mobile":{"background-color":"var(--ast-global-color-5)","background-image":"","background-repeat":"repeat","background-position":"center center","background-size":"auto","background-attachment":"scroll","background-type":"","background-media":"","overlay-type":"","overlay-color":"","overlay-opacity":"","overlay-gradient":""}},"footnotes":""},"categories":[1,70,72],"tags":[],"class_list":["post-6751","post","type-post","status-publish","format-standard","hentry","category-general","category-laula-de-musica","category-noticies"],"post_mailing_queue_ids":[],"_links":{"self":[{"href":"https:\/\/agora.xtec.cat\/ceip-torrojaimiret\/wp-json\/wp\/v2\/posts\/6751","targetHints":{"allow":["GET"]}}],"collection":[{"href":"https:\/\/agora.xtec.cat\/ceip-torrojaimiret\/wp-json\/wp\/v2\/posts"}],"about":[{"href":"https:\/\/agora.xtec.cat\/ceip-torrojaimiret\/wp-json\/wp\/v2\/types\/post"}],"author":[{"embeddable":true,"href":"https:\/\/agora.xtec.cat\/ceip-torrojaimiret\/wp-json\/wp\/v2\/users\/1"}],"replies":[{"embeddable":true,"href":"https:\/\/agora.xtec.cat\/ceip-torrojaimiret\/wp-json\/wp\/v2\/comments?post=6751"}],"version-history":[{"count":0,"href":"https:\/\/agora.xtec.cat\/ceip-torrojaimiret\/wp-json\/wp\/v2\/posts\/6751\/revisions"}],"wp:attachment":[{"href":"https:\/\/agora.xtec.cat\/ceip-torrojaimiret\/wp-json\/wp\/v2\/media?parent=6751"}],"wp:term":[{"taxonomy":"category","embeddable":true,"href":"https:\/\/agora.xtec.cat\/ceip-torrojaimiret\/wp-json\/wp\/v2\/categories?post=6751"},{"taxonomy":"post_tag","embeddable":true,"href":"https:\/\/agora.xtec.cat\/ceip-torrojaimiret\/wp-json\/wp\/v2\/tags?post=6751"}],"curies":[{"name":"wp","href":"https:\/\/api.w.org\/{rel}","templated":true}]}}