{"id":6726,"date":"2016-03-18T15:22:11","date_gmt":"2016-03-18T14:22:11","guid":{"rendered":"http:\/\/blocs.xtec.cat\/ceiptorrojaimiret\/?p=6726"},"modified":"2016-03-18T15:22:11","modified_gmt":"2016-03-18T14:22:11","slug":"protagonista-de-la-setmana-jana","status":"publish","type":"post","link":"https:\/\/agora.xtec.cat\/ceip-torrojaimiret\/general\/protagonista-de-la-setmana-jana\/","title":{"rendered":"Protagonista de la setmana Jana"},"content":{"rendered":"<p>Aquesta setmana la nostra s\u00faper protagonista ha sigut la Jana. Hem apr\u00e8s molt\u00edssim d\u2019ella i ja podem dir que la Jana \u00e9s tota una princesa.<br \/>\nEl dilluns ens va portar un micr\u00f2fon de veritat, s\u00ed s\u00ed, no era de joguina! Era el micr\u00f2fon de Frozen i, juntament amb aquest i tota la classe com a p\u00fablic, ens va cantar dues can\u00e7ons: \u201cLibre soy\u201d i \u201cHazme un mu\u00f1eco de nieve\u201d.  Quina veu! Els m\u00e9s curiosos li van fer algunes preguntes per saber-ne m\u00e9s.<br \/>\nEl dimarts la Jana va ensenyar-nos unes de les seves sabates preferides: els talons de color rosa.<br \/>\nEl dimecres ens va presentar el seu amic, i de molts altres nens i nenes, en\u201cBiri- Biri\u201d. El \u201cBiri-Biri\u201d \u00e9s la mascota del S\u00faper 3. La Jana ens ha explicat que li van regalar els seus pares un dia que estava malalta. Juga molt\u00edssim amb ell i se l\u2019estima encara m\u00e9s!<br \/>\nQuan ja ens pens\u00e0vem que ens havia ensenyat tots els regals que li havien portat els Reigs Mags, la Jana dijous va venir a l\u2019escola amb el kit complet de la Frozen: l\u2019Elsa, el secador i el raspall llumin\u00f3s. A la Jana li agrada molt pentinar-la.<\/p>\n<p>Divendres el seu pare, la seva mare i el seu germ\u00e0 Aleix van venir a la classe a explicar-nos m\u00e9s secrets de la Jana. Sab\u00edeu que la seva fam\u00edlia tenen una caravana i els agrada molt anar de c\u00e0mping ? All\u00e0 la Jana s&#8217;ho passa d&#8217;all\u00f2 m\u00e9s b\u00e9, hi ha una platja i una piscina, i tot el dia va amb bicicleta amunt i avall.<br \/>\nTamb\u00e9 ens han ensenyat fotografies de la seva fam\u00edlia, la seva cosina i la padrina que la Jana estima molt\u00edssim.<br \/>\nDespr\u00e9s ens ha convidat a berenar coca amb xocolata, mmmmm que bona que estava !!!!<\/p>\n<p>Gr\u00e0cies fam\u00edlia per haver participat en el nostre projecte de vincles, esperem que hagueu gaudit d&#8217;aquesta experi\u00e8ncia !!!!<\/p>\n<p><embed type=\"application\/x-shockwave-flash\" src=\"https:\/\/photos.gstatic.com\/media\/slideshow.swf\" width=\"600\" height=\"400\" flashvars=\"host=picasaweb.google.com&#038;hl=ca&#038;feat=flashalbum&#038;RGB=0x000000&#038;feed=https%3A%2F%2Fpicasaweb.google.com%2Fdata%2Ffeed%2Fapi%2Fuser%2F104115276565930427419%2Falbumid%2F6263021222787077089%3Falt%3Drss%26kind%3Dphoto%26authkey%3DGv1sRgCMXFtpfyiZ_7Bw%26hl%3Dca\" pluginspage=\"http:\/\/www.macromedia.com\/go\/getflashplayer\"><\/embed><\/p>\n","protected":false},"excerpt":{"rendered":"<p>Aquesta setmana la nostra s\u00faper protagonista ha sigut la Jana. Hem apr\u00e8s molt\u00edssim d\u2019ella i ja podem dir que la Jana \u00e9s tota una princesa. El dilluns ens va portar un micr\u00f2fon de veritat, s\u00ed s\u00ed, no era de joguina! Era el micr\u00f2fon de Frozen i, juntament amb aquest i tota la classe com a [&hellip;]<\/p>\n","protected":false},"author":1,"featured_media":0,"comment_status":"open","ping_status":"open","sticky":false,"template":"","format":"standard","meta":{"_bbp_topic_count":0,"_bbp_reply_count":0,"_bbp_total_topic_count":0,"_bbp_total_reply_count":0,"_bbp_voice_count":0,"_bbp_anonymous_reply_count":0,"_bbp_topic_count_hidden":0,"_bbp_reply_count_hidden":0,"_bbp_forum_subforum_count":0,"site-sidebar-layout":"default","site-content-layout":"","ast-site-content-layout":"","site-content-style":"default","site-sidebar-style":"default","ast-global-header-display":"","ast-banner-title-visibility":"","ast-main-header-display":"","ast-hfb-above-header-display":"","ast-hfb-below-header-display":"","ast-hfb-mobile-header-display":"","site-post-title":"","ast-breadcrumbs-content":"","ast-featured-img":"","footer-sml-layout":"","theme-transparent-header-meta":"","adv-header-id-meta":"","stick-header-meta":"","header-above-stick-meta":"","header-main-stick-meta":"","header-below-stick-meta":"","astra-migrate-meta-layouts":"default","ast-page-background-enabled":"default","ast-page-background-meta":{"desktop":{"background-color":"var(--ast-global-color-4)","background-image":"","background-repeat":"repeat","background-position":"center center","background-size":"auto","background-attachment":"scroll","background-type":"","background-media":"","overlay-type":"","overlay-color":"","overlay-opacity":"","overlay-gradient":""},"tablet":{"background-color":"","background-image":"","background-repeat":"repeat","background-position":"center center","background-size":"auto","background-attachment":"scroll","background-type":"","background-media":"","overlay-type":"","overlay-color":"","overlay-opacity":"","overlay-gradient":""},"mobile":{"background-color":"","background-image":"","background-repeat":"repeat","background-position":"center center","background-size":"auto","background-attachment":"scroll","background-type":"","background-media":"","overlay-type":"","overlay-color":"","overlay-opacity":"","overlay-gradient":""}},"ast-content-background-meta":{"desktop":{"background-color":"var(--ast-global-color-5)","background-image":"","background-repeat":"repeat","background-position":"center center","background-size":"auto","background-attachment":"scroll","background-type":"","background-media":"","overlay-type":"","overlay-color":"","overlay-opacity":"","overlay-gradient":""},"tablet":{"background-color":"var(--ast-global-color-5)","background-image":"","background-repeat":"repeat","background-position":"center center","background-size":"auto","background-attachment":"scroll","background-type":"","background-media":"","overlay-type":"","overlay-color":"","overlay-opacity":"","overlay-gradient":""},"mobile":{"background-color":"var(--ast-global-color-5)","background-image":"","background-repeat":"repeat","background-position":"center center","background-size":"auto","background-attachment":"scroll","background-type":"","background-media":"","overlay-type":"","overlay-color":"","overlay-opacity":"","overlay-gradient":""}},"footnotes":""},"categories":[1],"tags":[],"class_list":["post-6726","post","type-post","status-publish","format-standard","hentry","category-general"],"post_mailing_queue_ids":[],"_links":{"self":[{"href":"https:\/\/agora.xtec.cat\/ceip-torrojaimiret\/wp-json\/wp\/v2\/posts\/6726","targetHints":{"allow":["GET"]}}],"collection":[{"href":"https:\/\/agora.xtec.cat\/ceip-torrojaimiret\/wp-json\/wp\/v2\/posts"}],"about":[{"href":"https:\/\/agora.xtec.cat\/ceip-torrojaimiret\/wp-json\/wp\/v2\/types\/post"}],"author":[{"embeddable":true,"href":"https:\/\/agora.xtec.cat\/ceip-torrojaimiret\/wp-json\/wp\/v2\/users\/1"}],"replies":[{"embeddable":true,"href":"https:\/\/agora.xtec.cat\/ceip-torrojaimiret\/wp-json\/wp\/v2\/comments?post=6726"}],"version-history":[{"count":0,"href":"https:\/\/agora.xtec.cat\/ceip-torrojaimiret\/wp-json\/wp\/v2\/posts\/6726\/revisions"}],"wp:attachment":[{"href":"https:\/\/agora.xtec.cat\/ceip-torrojaimiret\/wp-json\/wp\/v2\/media?parent=6726"}],"wp:term":[{"taxonomy":"category","embeddable":true,"href":"https:\/\/agora.xtec.cat\/ceip-torrojaimiret\/wp-json\/wp\/v2\/categories?post=6726"},{"taxonomy":"post_tag","embeddable":true,"href":"https:\/\/agora.xtec.cat\/ceip-torrojaimiret\/wp-json\/wp\/v2\/tags?post=6726"}],"curies":[{"name":"wp","href":"https:\/\/api.w.org\/{rel}","templated":true}]}}