{"id":6717,"date":"2016-03-17T14:59:03","date_gmt":"2016-03-17T13:59:03","guid":{"rendered":"http:\/\/blocs.xtec.cat\/ceiptorrojaimiret\/?p=6717"},"modified":"2016-03-17T14:59:03","modified_gmt":"2016-03-17T13:59:03","slug":"protagonista-de-la-setmana-marcel","status":"publish","type":"post","link":"https:\/\/agora.xtec.cat\/ceip-torrojaimiret\/general\/protagonista-de-la-setmana-marcel\/","title":{"rendered":"Protagonista de la setmana Marcel"},"content":{"rendered":"<p>Avui us presentem un altre dels nostres s\u00faper protagonistes: el Marcel. Fa dues setmanes vam podem escoltar  i observar tot el que ens havia portat. Vam aprendre moltes coses noves!<br \/>\nPer comen\u00e7ar de la millor manera la setmana, el Marcel ens va posar a prova.<br \/>\n-Sabeu qu\u00e8 \u00e9s una carrasca? &#8211; Una carrasca? Cap de nosaltres hav\u00edem sentit aquest nom abans. Doncs b\u00e9, el Marcel ens va explicar que una carrasca \u00e9s com anomenen a les alzines a Rasquera, el poble dels seus avis.<br \/>\nPerqu\u00e8 tothom pogu\u00e9s veure com \u00e9s una carrasca, en Marcel ens en va regalar una la qual vam plantar en una torreta.<br \/>\nL\u2019endem\u00e0, el Marcel, ens va portar uns contes d\u2019animals genials! Ara ja sabem que les girafes tenen el coll tant llarg per agafar fulles dels arbres, i que, la trompa de l\u2019elefant \u00e9s tant llarga com la nostra al\u00e7ada.<br \/>\nAl Marcel li agradaria treballar com el seu pare aix\u00ed doncs, el dimecres ens va portar una grua de joguina, una armilla taronja, unes ulleres protectores i un casc de color groc.<br \/>\nEl divendres el Marcel va venir acompanyat. Ens va presentar la seva mare, la Jordina , el seu pare, l\u2019Oleguer i una b\u00e8stia del seguici: el Fardatxo, una esp\u00e8cie de llangardaix.<br \/>\nEls m\u00e9s atrevits ens el vam posar a sobre i vam ballar junts.<\/p>\n<p><embed type=\"application\/x-shockwave-flash\" src=\"https:\/\/photos.gstatic.com\/media\/slideshow.swf\" width=\"600\" height=\"400\" flashvars=\"host=picasaweb.google.com&#038;hl=ca&#038;feat=flashalbum&#038;RGB=0x000000&#038;feed=https%3A%2F%2Fpicasaweb.google.com%2Fdata%2Ffeed%2Fapi%2Fuser%2F104115276565930427419%2Falbumid%2F6262958506160359985%3Falt%3Drss%26kind%3Dphoto%26authkey%3DGv1sRgCOa6vqq6ptyaaw%26hl%3Dca\" pluginspage=\"http:\/\/www.macromedia.com\/go\/getflashplayer\"><\/embed><\/p>\n","protected":false},"excerpt":{"rendered":"<p>Avui us presentem un altre dels nostres s\u00faper protagonistes: el Marcel. Fa dues setmanes vam podem escoltar i observar tot el que ens havia portat. Vam aprendre moltes coses noves! Per comen\u00e7ar de la millor manera la setmana, el Marcel ens va posar a prova. -Sabeu qu\u00e8 \u00e9s una carrasca? &#8211; Una carrasca? Cap de [&hellip;]<\/p>\n","protected":false},"author":1,"featured_media":0,"comment_status":"open","ping_status":"open","sticky":false,"template":"","format":"standard","meta":{"_bbp_topic_count":0,"_bbp_reply_count":0,"_bbp_total_topic_count":0,"_bbp_total_reply_count":0,"_bbp_voice_count":0,"_bbp_anonymous_reply_count":0,"_bbp_topic_count_hidden":0,"_bbp_reply_count_hidden":0,"_bbp_forum_subforum_count":0,"site-sidebar-layout":"default","site-content-layout":"","ast-site-content-layout":"","site-content-style":"default","site-sidebar-style":"default","ast-global-header-display":"","ast-banner-title-visibility":"","ast-main-header-display":"","ast-hfb-above-header-display":"","ast-hfb-below-header-display":"","ast-hfb-mobile-header-display":"","site-post-title":"","ast-breadcrumbs-content":"","ast-featured-img":"","footer-sml-layout":"","theme-transparent-header-meta":"","adv-header-id-meta":"","stick-header-meta":"","header-above-stick-meta":"","header-main-stick-meta":"","header-below-stick-meta":"","astra-migrate-meta-layouts":"default","ast-page-background-enabled":"default","ast-page-background-meta":{"desktop":{"background-color":"var(--ast-global-color-4)","background-image":"","background-repeat":"repeat","background-position":"center center","background-size":"auto","background-attachment":"scroll","background-type":"","background-media":"","overlay-type":"","overlay-color":"","overlay-opacity":"","overlay-gradient":""},"tablet":{"background-color":"","background-image":"","background-repeat":"repeat","background-position":"center center","background-size":"auto","background-attachment":"scroll","background-type":"","background-media":"","overlay-type":"","overlay-color":"","overlay-opacity":"","overlay-gradient":""},"mobile":{"background-color":"","background-image":"","background-repeat":"repeat","background-position":"center center","background-size":"auto","background-attachment":"scroll","background-type":"","background-media":"","overlay-type":"","overlay-color":"","overlay-opacity":"","overlay-gradient":""}},"ast-content-background-meta":{"desktop":{"background-color":"var(--ast-global-color-5)","background-image":"","background-repeat":"repeat","background-position":"center center","background-size":"auto","background-attachment":"scroll","background-type":"","background-media":"","overlay-type":"","overlay-color":"","overlay-opacity":"","overlay-gradient":""},"tablet":{"background-color":"var(--ast-global-color-5)","background-image":"","background-repeat":"repeat","background-position":"center center","background-size":"auto","background-attachment":"scroll","background-type":"","background-media":"","overlay-type":"","overlay-color":"","overlay-opacity":"","overlay-gradient":""},"mobile":{"background-color":"var(--ast-global-color-5)","background-image":"","background-repeat":"repeat","background-position":"center center","background-size":"auto","background-attachment":"scroll","background-type":"","background-media":"","overlay-type":"","overlay-color":"","overlay-opacity":"","overlay-gradient":""}},"footnotes":""},"categories":[1],"tags":[],"class_list":["post-6717","post","type-post","status-publish","format-standard","hentry","category-general"],"post_mailing_queue_ids":[],"_links":{"self":[{"href":"https:\/\/agora.xtec.cat\/ceip-torrojaimiret\/wp-json\/wp\/v2\/posts\/6717","targetHints":{"allow":["GET"]}}],"collection":[{"href":"https:\/\/agora.xtec.cat\/ceip-torrojaimiret\/wp-json\/wp\/v2\/posts"}],"about":[{"href":"https:\/\/agora.xtec.cat\/ceip-torrojaimiret\/wp-json\/wp\/v2\/types\/post"}],"author":[{"embeddable":true,"href":"https:\/\/agora.xtec.cat\/ceip-torrojaimiret\/wp-json\/wp\/v2\/users\/1"}],"replies":[{"embeddable":true,"href":"https:\/\/agora.xtec.cat\/ceip-torrojaimiret\/wp-json\/wp\/v2\/comments?post=6717"}],"version-history":[{"count":0,"href":"https:\/\/agora.xtec.cat\/ceip-torrojaimiret\/wp-json\/wp\/v2\/posts\/6717\/revisions"}],"wp:attachment":[{"href":"https:\/\/agora.xtec.cat\/ceip-torrojaimiret\/wp-json\/wp\/v2\/media?parent=6717"}],"wp:term":[{"taxonomy":"category","embeddable":true,"href":"https:\/\/agora.xtec.cat\/ceip-torrojaimiret\/wp-json\/wp\/v2\/categories?post=6717"},{"taxonomy":"post_tag","embeddable":true,"href":"https:\/\/agora.xtec.cat\/ceip-torrojaimiret\/wp-json\/wp\/v2\/tags?post=6717"}],"curies":[{"name":"wp","href":"https:\/\/api.w.org\/{rel}","templated":true}]}}