{"id":6650,"date":"2016-03-08T13:18:44","date_gmt":"2016-03-08T12:18:44","guid":{"rendered":"http:\/\/blocs.xtec.cat\/ceiptorrojaimiret\/?p=6650"},"modified":"2016-03-08T13:18:44","modified_gmt":"2016-03-08T12:18:44","slug":"vila-seca-canta-2016","status":"publish","type":"post","link":"https:\/\/agora.xtec.cat\/ceip-torrojaimiret\/general\/vila-seca-canta-2016\/","title":{"rendered":"Vila-seca Canta 2016"},"content":{"rendered":"<p>Aquest any tots els alumnes de prim\u00e0ria de les escoles de Vila-seca farem la cantata &#8220;Emocions i sentiments&#8221; i cantarem la can\u00e7\u00f3 de Sant Jordi que es diu &#8220;Personatges&#8221;.<\/p>\n<p>La cantata la farem el divendres 22 d&#8217;abril de 2016 al Camp Municipal d&#8217;Esports de Vila-seca.<\/p>\n<p><strong>Voleu practicar les can\u00e7ons? A continuaci\u00f3 podeu escoltar-les!<\/strong><\/p>\n<p>1. Can\u00e7\u00f3 de la felicitat (Tots\/es)<\/p>\n<!--[if lt IE 9]><script>document.createElement('audio');<\/script><![endif]-->\n<audio class=\"wp-audio-shortcode\" id=\"audio-6650-1\" preload=\"none\" style=\"width: 100%;\" controls=\"controls\"><source type=\"audio\/mpeg\" src=\"http:\/\/blocs.xtec.cat\/ceiptorrojaimiret\/files\/2016\/03\/01-Can\u00e7\u00f3-de-la-felicitat.mp3?_=1\" \/><a href=\"http:\/\/blocs.xtec.cat\/ceiptorrojaimiret\/files\/2016\/03\/01-Can\u00e7\u00f3-de-la-felicitat.mp3\">http:\/\/blocs.xtec.cat\/ceiptorrojaimiret\/files\/2016\/03\/01-Can\u00e7\u00f3-de-la-felicitat.mp3<\/a><\/audio>\n<p>2. Quan em sento sol\u00a0(Cicle Mitj\u00e0)<\/p>\n<audio class=\"wp-audio-shortcode\" id=\"audio-6650-2\" preload=\"none\" style=\"width: 100%;\" controls=\"controls\"><source type=\"audio\/mpeg\" src=\"http:\/\/blocs.xtec.cat\/ceiptorrojaimiret\/files\/2016\/03\/02-Quan-em-sento-sol.mp3?_=2\" \/><a href=\"http:\/\/blocs.xtec.cat\/ceiptorrojaimiret\/files\/2016\/03\/02-Quan-em-sento-sol.mp3\">http:\/\/blocs.xtec.cat\/ceiptorrojaimiret\/files\/2016\/03\/02-Quan-em-sento-sol.mp3<\/a><\/audio>\n<p>3. Som uns valents (Cicle Inicial)<\/p>\n<audio class=\"wp-audio-shortcode\" id=\"audio-6650-3\" preload=\"none\" style=\"width: 100%;\" controls=\"controls\"><source type=\"audio\/mpeg\" src=\"http:\/\/blocs.xtec.cat\/ceiptorrojaimiret\/files\/2016\/03\/03-Som-uns-valents.mp3?_=3\" \/><a href=\"http:\/\/blocs.xtec.cat\/ceiptorrojaimiret\/files\/2016\/03\/03-Som-uns-valents.mp3\">http:\/\/blocs.xtec.cat\/ceiptorrojaimiret\/files\/2016\/03\/03-Som-uns-valents.mp3<\/a><\/audio>\n<p>4. L&#8217;enfadat: Tossut i malhumorat (Cicle Superior)<\/p>\n<audio class=\"wp-audio-shortcode\" id=\"audio-6650-4\" preload=\"none\" style=\"width: 100%;\" controls=\"controls\"><source type=\"audio\/mpeg\" src=\"http:\/\/blocs.xtec.cat\/ceiptorrojaimiret\/files\/2016\/03\/04-Lenfadat-tossut-i-malhumorat.mp3?_=4\" \/><a href=\"http:\/\/blocs.xtec.cat\/ceiptorrojaimiret\/files\/2016\/03\/04-Lenfadat-tossut-i-malhumorat.mp3\">http:\/\/blocs.xtec.cat\/ceiptorrojaimiret\/files\/2016\/03\/04-Lenfadat-tossut-i-malhumorat.mp3<\/a><\/audio>\n<p>5. Tinc por\u00a0(Tots\/es)<\/p>\n<audio class=\"wp-audio-shortcode\" id=\"audio-6650-5\" preload=\"none\" style=\"width: 100%;\" controls=\"controls\"><source type=\"audio\/mpeg\" src=\"http:\/\/blocs.xtec.cat\/ceiptorrojaimiret\/files\/2016\/03\/05-Tinc-por.mp3?_=5\" \/><a href=\"http:\/\/blocs.xtec.cat\/ceiptorrojaimiret\/files\/2016\/03\/05-Tinc-por.mp3\">http:\/\/blocs.xtec.cat\/ceiptorrojaimiret\/files\/2016\/03\/05-Tinc-por.mp3<\/a><\/audio>\n<p>6. \u00c9s meu! No, meu!\u00a0(Cicle Mitj\u00e0)<\/p>\n<audio class=\"wp-audio-shortcode\" id=\"audio-6650-6\" preload=\"none\" style=\"width: 100%;\" controls=\"controls\"><source type=\"audio\/mpeg\" src=\"http:\/\/blocs.xtec.cat\/ceiptorrojaimiret\/files\/2016\/03\/06-\u00c9s-meu-no-meu.mp3?_=6\" \/><a href=\"http:\/\/blocs.xtec.cat\/ceiptorrojaimiret\/files\/2016\/03\/06-\u00c9s-meu-no-meu.mp3\">http:\/\/blocs.xtec.cat\/ceiptorrojaimiret\/files\/2016\/03\/06-\u00c9s-meu-no-meu.mp3<\/a><\/audio>\n<p>7. La vergonya\u00a0(Cicle Superior)<\/p>\n<audio class=\"wp-audio-shortcode\" id=\"audio-6650-7\" preload=\"none\" style=\"width: 100%;\" controls=\"controls\"><source type=\"audio\/mpeg\" src=\"http:\/\/blocs.xtec.cat\/ceiptorrojaimiret\/files\/2016\/03\/07-La-vergonya.mp3?_=7\" \/><a href=\"http:\/\/blocs.xtec.cat\/ceiptorrojaimiret\/files\/2016\/03\/07-La-vergonya.mp3\">http:\/\/blocs.xtec.cat\/ceiptorrojaimiret\/files\/2016\/03\/07-La-vergonya.mp3<\/a><\/audio>\n<p>8. Quin gust si \u00e9s finet\u00a0(Tots\/es)<\/p>\n<audio class=\"wp-audio-shortcode\" id=\"audio-6650-8\" preload=\"none\" style=\"width: 100%;\" controls=\"controls\"><source type=\"audio\/mpeg\" src=\"http:\/\/blocs.xtec.cat\/ceiptorrojaimiret\/files\/2016\/03\/08-Quin-gustet-mes-finet.mp3?_=8\" \/><a href=\"http:\/\/blocs.xtec.cat\/ceiptorrojaimiret\/files\/2016\/03\/08-Quin-gustet-mes-finet.mp3\">http:\/\/blocs.xtec.cat\/ceiptorrojaimiret\/files\/2016\/03\/08-Quin-gustet-mes-finet.mp3<\/a><\/audio>\n<p>9. Sentiments i emocions\u00a0(Cicle Mitj\u00e0)<\/p>\n<audio class=\"wp-audio-shortcode\" id=\"audio-6650-9\" preload=\"none\" style=\"width: 100%;\" controls=\"controls\"><source type=\"audio\/mpeg\" src=\"http:\/\/blocs.xtec.cat\/ceiptorrojaimiret\/files\/2016\/03\/09-Sentiments-i-emocions.mp3?_=9\" \/><a href=\"http:\/\/blocs.xtec.cat\/ceiptorrojaimiret\/files\/2016\/03\/09-Sentiments-i-emocions.mp3\">http:\/\/blocs.xtec.cat\/ceiptorrojaimiret\/files\/2016\/03\/09-Sentiments-i-emocions.mp3<\/a><\/audio>\n<p>La can\u00e7\u00f3 de Sant Jordi &#8220;Personatges&#8221; de J.M. Pag\u00e1n\u00a0(Tots\/es)<\/p>\n<p>[youtube]https:\/\/www.youtube.com\/watch?v=Qy3EjdcXJo4[\/youtube]<\/p>\n<p>&nbsp;<\/p>\n<p><strong>Voleu veure la lletra de les can\u00e7ons?<\/strong><\/p>\n<p>Cliqueu damunt de la mandala i podreu veure les lletres de totes les can\u00e7ons de la cantata.<\/p>\n<p><a href=\"http:\/\/www.auladeso.org\/files\/3-236055-annex\/cantata_dels_sentiments_i_les_emocions_luz_marina.pdf\" target=\"_blank\">El can\u00e7oner de la cantata<\/a><\/p>\n<p><a href=\"http:\/\/www.auladeso.org\/files\/3-236055-annex\/cantata_dels_sentiments_i_les_emocions_luz_marina.pdf\" target=\"_blank\"><img loading=\"lazy\" decoding=\"async\" class=\"transparent aligncenter\" src=\"https:\/\/s-media-cache-ak0.pinimg.com\/originals\/5e\/71\/80\/5e718074f6351726795ecb6111706f5b.gif\" alt=\"https:\/\/s-media-cache-ak0.pinimg.com\/originals\/5e\/71\/80\/5e718074f6351726795ecb6111706f5b.gif\" width=\"176\" height=\"177\" \/><\/a><\/p>\n<p>&nbsp;<\/p>\n<p>&nbsp;<\/p>\n<p>&nbsp;<\/p>\n","protected":false},"excerpt":{"rendered":"<p>Aquest any tots els alumnes de prim\u00e0ria de les escoles de Vila-seca farem la cantata &#8220;Emocions i sentiments&#8221; i cantarem la can\u00e7\u00f3 de Sant Jordi que es diu &#8220;Personatges&#8221;. La cantata la farem el divendres 22 d&#8217;abril de 2016 al Camp Municipal d&#8217;Esports de Vila-seca. Voleu practicar les can\u00e7ons? A continuaci\u00f3 podeu escoltar-les! 1. Can\u00e7\u00f3 [&hellip;]<\/p>\n","protected":false},"author":1,"featured_media":0,"comment_status":"open","ping_status":"open","sticky":false,"template":"","format":"standard","meta":{"_bbp_topic_count":0,"_bbp_reply_count":0,"_bbp_total_topic_count":0,"_bbp_total_reply_count":0,"_bbp_voice_count":0,"_bbp_anonymous_reply_count":0,"_bbp_topic_count_hidden":0,"_bbp_reply_count_hidden":0,"_bbp_forum_subforum_count":0,"site-sidebar-layout":"default","site-content-layout":"","ast-site-content-layout":"","site-content-style":"default","site-sidebar-style":"default","ast-global-header-display":"","ast-banner-title-visibility":"","ast-main-header-display":"","ast-hfb-above-header-display":"","ast-hfb-below-header-display":"","ast-hfb-mobile-header-display":"","site-post-title":"","ast-breadcrumbs-content":"","ast-featured-img":"","footer-sml-layout":"","theme-transparent-header-meta":"","adv-header-id-meta":"","stick-header-meta":"","header-above-stick-meta":"","header-main-stick-meta":"","header-below-stick-meta":"","astra-migrate-meta-layouts":"default","ast-page-background-enabled":"default","ast-page-background-meta":{"desktop":{"background-color":"var(--ast-global-color-4)","background-image":"","background-repeat":"repeat","background-position":"center center","background-size":"auto","background-attachment":"scroll","background-type":"","background-media":"","overlay-type":"","overlay-color":"","overlay-opacity":"","overlay-gradient":""},"tablet":{"background-color":"","background-image":"","background-repeat":"repeat","background-position":"center center","background-size":"auto","background-attachment":"scroll","background-type":"","background-media":"","overlay-type":"","overlay-color":"","overlay-opacity":"","overlay-gradient":""},"mobile":{"background-color":"","background-image":"","background-repeat":"repeat","background-position":"center center","background-size":"auto","background-attachment":"scroll","background-type":"","background-media":"","overlay-type":"","overlay-color":"","overlay-opacity":"","overlay-gradient":""}},"ast-content-background-meta":{"desktop":{"background-color":"var(--ast-global-color-5)","background-image":"","background-repeat":"repeat","background-position":"center center","background-size":"auto","background-attachment":"scroll","background-type":"","background-media":"","overlay-type":"","overlay-color":"","overlay-opacity":"","overlay-gradient":""},"tablet":{"background-color":"var(--ast-global-color-5)","background-image":"","background-repeat":"repeat","background-position":"center center","background-size":"auto","background-attachment":"scroll","background-type":"","background-media":"","overlay-type":"","overlay-color":"","overlay-opacity":"","overlay-gradient":""},"mobile":{"background-color":"var(--ast-global-color-5)","background-image":"","background-repeat":"repeat","background-position":"center center","background-size":"auto","background-attachment":"scroll","background-type":"","background-media":"","overlay-type":"","overlay-color":"","overlay-opacity":"","overlay-gradient":""}},"footnotes":""},"categories":[1,70,72],"tags":[],"class_list":["post-6650","post","type-post","status-publish","format-standard","hentry","category-general","category-laula-de-musica","category-noticies"],"post_mailing_queue_ids":[],"_links":{"self":[{"href":"https:\/\/agora.xtec.cat\/ceip-torrojaimiret\/wp-json\/wp\/v2\/posts\/6650","targetHints":{"allow":["GET"]}}],"collection":[{"href":"https:\/\/agora.xtec.cat\/ceip-torrojaimiret\/wp-json\/wp\/v2\/posts"}],"about":[{"href":"https:\/\/agora.xtec.cat\/ceip-torrojaimiret\/wp-json\/wp\/v2\/types\/post"}],"author":[{"embeddable":true,"href":"https:\/\/agora.xtec.cat\/ceip-torrojaimiret\/wp-json\/wp\/v2\/users\/1"}],"replies":[{"embeddable":true,"href":"https:\/\/agora.xtec.cat\/ceip-torrojaimiret\/wp-json\/wp\/v2\/comments?post=6650"}],"version-history":[{"count":0,"href":"https:\/\/agora.xtec.cat\/ceip-torrojaimiret\/wp-json\/wp\/v2\/posts\/6650\/revisions"}],"wp:attachment":[{"href":"https:\/\/agora.xtec.cat\/ceip-torrojaimiret\/wp-json\/wp\/v2\/media?parent=6650"}],"wp:term":[{"taxonomy":"category","embeddable":true,"href":"https:\/\/agora.xtec.cat\/ceip-torrojaimiret\/wp-json\/wp\/v2\/categories?post=6650"},{"taxonomy":"post_tag","embeddable":true,"href":"https:\/\/agora.xtec.cat\/ceip-torrojaimiret\/wp-json\/wp\/v2\/tags?post=6650"}],"curies":[{"name":"wp","href":"https:\/\/api.w.org\/{rel}","templated":true}]}}