{"id":6558,"date":"2016-02-22T10:04:29","date_gmt":"2016-02-22T09:04:29","guid":{"rendered":"http:\/\/blocs.xtec.cat\/ceiptorrojaimiret\/?p=6558"},"modified":"2016-02-22T10:04:29","modified_gmt":"2016-02-22T09:04:29","slug":"plastica-a-p3-2","status":"publish","type":"post","link":"https:\/\/agora.xtec.cat\/ceip-torrojaimiret\/general\/plastica-a-p3-2\/","title":{"rendered":"Pl\u00e0stica a P3"},"content":{"rendered":"<p>El llenguatge pl\u00e0stic \u00e9s un dels mitjans de comunicaci\u00f3 de qu\u00e8 disposa l&#8217;infant per expressar tot all\u00f2 que va coneixent del seu m\u00f3n intern (sentiments, pensaments, emocions, viv\u00e8ncies,&#8230;) i del seu entorn. Per aix\u00f2 cal que se&#8217;ls ofereixin recursos per a fer-ho. A l&#8217;Educaci\u00f3 Infantil els presentem moltes oportunitats i situacions per buscar, mirar, percebre, aprendre, experimentar i descobrir, tot emprant diferents procediments, utilitzant diferents materials, t\u00e8cniques i formats. D&#8217;aquesta manera els nens i nenes poden desenvolupar les seves capacitats creadores i elaborar aut\u00e8ntiques produccions art\u00edstiques.<\/p>\n<p> A les classes de P3, la setmana passada vam realitzar una sessi\u00f3 de pl\u00e0stica molt divertida. Vam empaperar una taula ben gran, i amb safates de pintura i pinzells, vam deixar que tots\/es dibuixessin lliurement.<\/p>\n<p>Mireu que b\u00e9 que ens ho vam passar !!!<\/p>\n<p><embed type=\"application\/x-shockwave-flash\" src=\"https:\/\/photos.gstatic.com\/media\/slideshow.swf\" width=\"600\" height=\"400\" flashvars=\"host=picasaweb.google.com&#038;hl=ca&#038;feat=flashalbum&#038;RGB=0x000000&#038;feed=https%3A%2F%2Fpicasaweb.google.com%2Fdata%2Ffeed%2Fapi%2Fuser%2F104115276565930427419%2Falbumid%2F6254036796604368241%3Falt%3Drss%26kind%3Dphoto%26authkey%3DGv1sRgCPnL2Y3k3NL_zAE%26hl%3Dca\" pluginspage=\"http:\/\/www.macromedia.com\/go\/getflashplayer\"><\/embed><\/p>\n","protected":false},"excerpt":{"rendered":"<p>El llenguatge pl\u00e0stic \u00e9s un dels mitjans de comunicaci\u00f3 de qu\u00e8 disposa l&#8217;infant per expressar tot all\u00f2 que va coneixent del seu m\u00f3n intern (sentiments, pensaments, emocions, viv\u00e8ncies,&#8230;) i del seu entorn. Per aix\u00f2 cal que se&#8217;ls ofereixin recursos per a fer-ho. A l&#8217;Educaci\u00f3 Infantil els presentem moltes oportunitats i situacions per buscar, mirar, percebre, [&hellip;]<\/p>\n","protected":false},"author":1,"featured_media":0,"comment_status":"open","ping_status":"open","sticky":false,"template":"","format":"standard","meta":{"_bbp_topic_count":0,"_bbp_reply_count":0,"_bbp_total_topic_count":0,"_bbp_total_reply_count":0,"_bbp_voice_count":0,"_bbp_anonymous_reply_count":0,"_bbp_topic_count_hidden":0,"_bbp_reply_count_hidden":0,"_bbp_forum_subforum_count":0,"site-sidebar-layout":"default","site-content-layout":"","ast-site-content-layout":"","site-content-style":"default","site-sidebar-style":"default","ast-global-header-display":"","ast-banner-title-visibility":"","ast-main-header-display":"","ast-hfb-above-header-display":"","ast-hfb-below-header-display":"","ast-hfb-mobile-header-display":"","site-post-title":"","ast-breadcrumbs-content":"","ast-featured-img":"","footer-sml-layout":"","theme-transparent-header-meta":"","adv-header-id-meta":"","stick-header-meta":"","header-above-stick-meta":"","header-main-stick-meta":"","header-below-stick-meta":"","astra-migrate-meta-layouts":"default","ast-page-background-enabled":"default","ast-page-background-meta":{"desktop":{"background-color":"var(--ast-global-color-4)","background-image":"","background-repeat":"repeat","background-position":"center center","background-size":"auto","background-attachment":"scroll","background-type":"","background-media":"","overlay-type":"","overlay-color":"","overlay-opacity":"","overlay-gradient":""},"tablet":{"background-color":"","background-image":"","background-repeat":"repeat","background-position":"center center","background-size":"auto","background-attachment":"scroll","background-type":"","background-media":"","overlay-type":"","overlay-color":"","overlay-opacity":"","overlay-gradient":""},"mobile":{"background-color":"","background-image":"","background-repeat":"repeat","background-position":"center center","background-size":"auto","background-attachment":"scroll","background-type":"","background-media":"","overlay-type":"","overlay-color":"","overlay-opacity":"","overlay-gradient":""}},"ast-content-background-meta":{"desktop":{"background-color":"var(--ast-global-color-5)","background-image":"","background-repeat":"repeat","background-position":"center center","background-size":"auto","background-attachment":"scroll","background-type":"","background-media":"","overlay-type":"","overlay-color":"","overlay-opacity":"","overlay-gradient":""},"tablet":{"background-color":"var(--ast-global-color-5)","background-image":"","background-repeat":"repeat","background-position":"center center","background-size":"auto","background-attachment":"scroll","background-type":"","background-media":"","overlay-type":"","overlay-color":"","overlay-opacity":"","overlay-gradient":""},"mobile":{"background-color":"var(--ast-global-color-5)","background-image":"","background-repeat":"repeat","background-position":"center center","background-size":"auto","background-attachment":"scroll","background-type":"","background-media":"","overlay-type":"","overlay-color":"","overlay-opacity":"","overlay-gradient":""}},"footnotes":""},"categories":[1],"tags":[],"class_list":["post-6558","post","type-post","status-publish","format-standard","hentry","category-general"],"post_mailing_queue_ids":[],"_links":{"self":[{"href":"https:\/\/agora.xtec.cat\/ceip-torrojaimiret\/wp-json\/wp\/v2\/posts\/6558","targetHints":{"allow":["GET"]}}],"collection":[{"href":"https:\/\/agora.xtec.cat\/ceip-torrojaimiret\/wp-json\/wp\/v2\/posts"}],"about":[{"href":"https:\/\/agora.xtec.cat\/ceip-torrojaimiret\/wp-json\/wp\/v2\/types\/post"}],"author":[{"embeddable":true,"href":"https:\/\/agora.xtec.cat\/ceip-torrojaimiret\/wp-json\/wp\/v2\/users\/1"}],"replies":[{"embeddable":true,"href":"https:\/\/agora.xtec.cat\/ceip-torrojaimiret\/wp-json\/wp\/v2\/comments?post=6558"}],"version-history":[{"count":0,"href":"https:\/\/agora.xtec.cat\/ceip-torrojaimiret\/wp-json\/wp\/v2\/posts\/6558\/revisions"}],"wp:attachment":[{"href":"https:\/\/agora.xtec.cat\/ceip-torrojaimiret\/wp-json\/wp\/v2\/media?parent=6558"}],"wp:term":[{"taxonomy":"category","embeddable":true,"href":"https:\/\/agora.xtec.cat\/ceip-torrojaimiret\/wp-json\/wp\/v2\/categories?post=6558"},{"taxonomy":"post_tag","embeddable":true,"href":"https:\/\/agora.xtec.cat\/ceip-torrojaimiret\/wp-json\/wp\/v2\/tags?post=6558"}],"curies":[{"name":"wp","href":"https:\/\/api.w.org\/{rel}","templated":true}]}}