{"id":6009,"date":"2015-06-19T21:14:12","date_gmt":"2015-06-19T19:14:12","guid":{"rendered":"http:\/\/blocs.xtec.cat\/ceiptorrojaimiret\/?p=6009"},"modified":"2015-06-19T21:14:12","modified_gmt":"2015-06-19T19:14:12","slug":"vincles-aina","status":"publish","type":"post","link":"https:\/\/agora.xtec.cat\/ceip-torrojaimiret\/general\/vincles-aina\/","title":{"rendered":"Vincles Aina"},"content":{"rendered":"<p>Una tarda m\u00e9s a la classe de les motos v\u00e0rem gaudir d&#8217;un conte: l&#8217;elefant. Aquesta vegada la protagonista va ser l&#8217;Aina. Durant la setmana ens va anar portant una pista cada dia perqu\u00e8 els seus companys\/es  anessin  pensant i investigant quin conte ens vindrien a narrar el divendres (un cistell, un barret, un mocador&#8230;). La veritat \u00e9s que no ho vam saber endevinar. Era un p\u00e8l dif\u00edcil!!<br \/>\nVa arribar el divendres i amb l&#8217;Aina va venir el seu pare. Ens van comen\u00e7ar a repartir a cada nen\/a un full de color rosa. Tots est\u00e0vem ansiosos. I perqu\u00e8 farem servir aquest full? Preguntaven els companys\/es a l\u2019Aina i al seu pare. Un cop repartits va comen\u00e7ar a narrar el conte amb l&#8217;ajuda de la pissarra tradicional on anava dibuixant. El conte anava avan\u00e7ant i el dibuix cada vegada era m\u00e9s clar. Fins que en acabar vam veure que havia dibuixat&#8230;&#8230;&#8230;.. un elefant!!!!!. Els nens\/es al\u2022lucinaven. El pare de l\u2019Aina ens va proposar que ara ho f\u00e9ssim tots a la vegada. Mentre ell explicava el conte cadasc\u00fa amb el full que els havien repartir anessin dibuixant segons les passes del conte. I aix\u00ed va ser!!! Molts deien cridant emocionats: he dibuixat un elefant!!!<br \/>\nVa estar una tarda diferent on els motoristes van gaudir d\u2019all\u00f2 m\u00e9s amb aquest conte t\u2019han peculiar i bonic!!!<\/p>\n<p>Mireu que b\u00e9 ens ho vam passar!!!<\/p>\n<p><embed type=\"application\/x-shockwave-flash\" src=\"https:\/\/photos.gstatic.com\/media\/slideshow.swf\" width=\"600\" height=\"400\" flashvars=\"host=picasaweb.google.com&#038;hl=ca&#038;feat=flashalbum&#038;RGB=0x000000&#038;feed=https%3A%2F%2Fpicasaweb.google.com%2Fdata%2Ffeed%2Fapi%2Fuser%2F104115276565930427419%2Falbumid%2F6160981544421068513%3Falt%3Drss%26kind%3Dphoto%26authkey%3DGv1sRgCNOG-6aT5-j2CQ%26hl%3Dca\" pluginspage=\"http:\/\/www.macromedia.com\/go\/getflashplayer\"><\/embed><\/p>\n","protected":false},"excerpt":{"rendered":"<p>Una tarda m\u00e9s a la classe de les motos v\u00e0rem gaudir d&#8217;un conte: l&#8217;elefant. Aquesta vegada la protagonista va ser l&#8217;Aina. Durant la setmana ens va anar portant una pista cada dia perqu\u00e8 els seus companys\/es anessin pensant i investigant quin conte ens vindrien a narrar el divendres (un cistell, un barret, un mocador&#8230;). La [&hellip;]<\/p>\n","protected":false},"author":1,"featured_media":0,"comment_status":"open","ping_status":"open","sticky":false,"template":"","format":"standard","meta":{"_bbp_topic_count":0,"_bbp_reply_count":0,"_bbp_total_topic_count":0,"_bbp_total_reply_count":0,"_bbp_voice_count":0,"_bbp_anonymous_reply_count":0,"_bbp_topic_count_hidden":0,"_bbp_reply_count_hidden":0,"_bbp_forum_subforum_count":0,"site-sidebar-layout":"default","site-content-layout":"","ast-site-content-layout":"","site-content-style":"default","site-sidebar-style":"default","ast-global-header-display":"","ast-banner-title-visibility":"","ast-main-header-display":"","ast-hfb-above-header-display":"","ast-hfb-below-header-display":"","ast-hfb-mobile-header-display":"","site-post-title":"","ast-breadcrumbs-content":"","ast-featured-img":"","footer-sml-layout":"","theme-transparent-header-meta":"","adv-header-id-meta":"","stick-header-meta":"","header-above-stick-meta":"","header-main-stick-meta":"","header-below-stick-meta":"","astra-migrate-meta-layouts":"default","ast-page-background-enabled":"default","ast-page-background-meta":{"desktop":{"background-color":"var(--ast-global-color-4)","background-image":"","background-repeat":"repeat","background-position":"center center","background-size":"auto","background-attachment":"scroll","background-type":"","background-media":"","overlay-type":"","overlay-color":"","overlay-opacity":"","overlay-gradient":""},"tablet":{"background-color":"","background-image":"","background-repeat":"repeat","background-position":"center center","background-size":"auto","background-attachment":"scroll","background-type":"","background-media":"","overlay-type":"","overlay-color":"","overlay-opacity":"","overlay-gradient":""},"mobile":{"background-color":"","background-image":"","background-repeat":"repeat","background-position":"center center","background-size":"auto","background-attachment":"scroll","background-type":"","background-media":"","overlay-type":"","overlay-color":"","overlay-opacity":"","overlay-gradient":""}},"ast-content-background-meta":{"desktop":{"background-color":"var(--ast-global-color-5)","background-image":"","background-repeat":"repeat","background-position":"center center","background-size":"auto","background-attachment":"scroll","background-type":"","background-media":"","overlay-type":"","overlay-color":"","overlay-opacity":"","overlay-gradient":""},"tablet":{"background-color":"var(--ast-global-color-5)","background-image":"","background-repeat":"repeat","background-position":"center center","background-size":"auto","background-attachment":"scroll","background-type":"","background-media":"","overlay-type":"","overlay-color":"","overlay-opacity":"","overlay-gradient":""},"mobile":{"background-color":"var(--ast-global-color-5)","background-image":"","background-repeat":"repeat","background-position":"center center","background-size":"auto","background-attachment":"scroll","background-type":"","background-media":"","overlay-type":"","overlay-color":"","overlay-opacity":"","overlay-gradient":""}},"footnotes":""},"categories":[1],"tags":[],"class_list":["post-6009","post","type-post","status-publish","format-standard","hentry","category-general"],"post_mailing_queue_ids":[],"_links":{"self":[{"href":"https:\/\/agora.xtec.cat\/ceip-torrojaimiret\/wp-json\/wp\/v2\/posts\/6009","targetHints":{"allow":["GET"]}}],"collection":[{"href":"https:\/\/agora.xtec.cat\/ceip-torrojaimiret\/wp-json\/wp\/v2\/posts"}],"about":[{"href":"https:\/\/agora.xtec.cat\/ceip-torrojaimiret\/wp-json\/wp\/v2\/types\/post"}],"author":[{"embeddable":true,"href":"https:\/\/agora.xtec.cat\/ceip-torrojaimiret\/wp-json\/wp\/v2\/users\/1"}],"replies":[{"embeddable":true,"href":"https:\/\/agora.xtec.cat\/ceip-torrojaimiret\/wp-json\/wp\/v2\/comments?post=6009"}],"version-history":[{"count":0,"href":"https:\/\/agora.xtec.cat\/ceip-torrojaimiret\/wp-json\/wp\/v2\/posts\/6009\/revisions"}],"wp:attachment":[{"href":"https:\/\/agora.xtec.cat\/ceip-torrojaimiret\/wp-json\/wp\/v2\/media?parent=6009"}],"wp:term":[{"taxonomy":"category","embeddable":true,"href":"https:\/\/agora.xtec.cat\/ceip-torrojaimiret\/wp-json\/wp\/v2\/categories?post=6009"},{"taxonomy":"post_tag","embeddable":true,"href":"https:\/\/agora.xtec.cat\/ceip-torrojaimiret\/wp-json\/wp\/v2\/tags?post=6009"}],"curies":[{"name":"wp","href":"https:\/\/api.w.org\/{rel}","templated":true}]}}