{"id":5460,"date":"2015-02-09T21:00:21","date_gmt":"2015-02-09T20:00:21","guid":{"rendered":"http:\/\/blocs.xtec.cat\/ceiptorrojaimiret\/?p=5460"},"modified":"2015-02-09T21:00:21","modified_gmt":"2015-02-09T20:00:21","slug":"les-formigues-aprenen-que-es-la-geometria","status":"publish","type":"post","link":"https:\/\/agora.xtec.cat\/ceip-torrojaimiret\/general\/les-formigues-aprenen-que-es-la-geometria\/","title":{"rendered":"LES FORMIGUES APRENEN QU\u00c8 \u00c9S LA GEOMETRIA"},"content":{"rendered":"<p>La geometria forma part del coneixement de les matem\u00e0tiques. Aix\u00ed, des de un plantejament global i complet d\u2019aquesta \u00e0rea, a les aules d\u2019infantil tamb\u00e9 hi te espai la geometria.<\/p>\n<p>Com sempre la nostra manera de treballar perqu\u00e8 els nens aprenguin \u00e9s a trav\u00e9s d\u2019un enfocament l\u00fadic, manipulatiu, vivencial i significatiu. A partir d\u2019aquesta manera volem enfocar el treball de la geometria a les aules de P3.<\/p>\n<p>Com sempre tot comen\u00e7a a casa, a partir de la col\u2022laboracio de les fam\u00edlies aportant material geom\u00e8tric, \u00e9s a dir, cossos geom\u00e8trics que tinguin forma de prisma, de con, esfera i cilindre. Hi ha mil tipus d\u2019objectes a casa nostra.<\/p>\n<p>El seg\u00fcent pas, passa per la manipulaci\u00f3 i el joc. Aix\u00ed, de forma natural els nens observem i van descobrint com s\u00f3n. Aix\u00ed, aprenen que un prisma es pot apilar perqu\u00e8 te cares planes i que una esfera no, per\u00f2 en canvi aquesta si pot rodar i l\u2019altre no perqu\u00e8 aquesta no v\u00e8rtex.<\/p>\n<p>Aix\u00ed, poc a poc i a partir de sessions els nens van descobrint les propietats dels cossos geom\u00e8trics. A partir del joc, de la classificaci\u00f3, del descobriment els nens aprenen qu\u00e8 \u00e9s la geometria.<\/p>\n<p><embed type=\"application\/x-shockwave-flash\" src=\"https:\/\/photos.gstatic.com\/media\/slideshow.swf\" width=\"600\" height=\"400\" flashvars=\"host=picasaweb.google.com&#038;hl=ca&#038;feat=flashalbum&#038;RGB=0x000000&#038;feed=https%3A%2F%2Fpicasaweb.google.com%2Fdata%2Ffeed%2Fapi%2Fuser%2F104115276565930427419%2Falbumid%2F6111225333045713441%3Falt%3Drss%26kind%3Dphoto%26hl%3Dca\" pluginspage=\"http:\/\/www.macromedia.com\/go\/getflashplayer\"><\/embed><\/p>\n","protected":false},"excerpt":{"rendered":"<p>La geometria forma part del coneixement de les matem\u00e0tiques. Aix\u00ed, des de un plantejament global i complet d\u2019aquesta \u00e0rea, a les aules d\u2019infantil tamb\u00e9 hi te espai la geometria. Com sempre la nostra manera de treballar perqu\u00e8 els nens aprenguin \u00e9s a trav\u00e9s d\u2019un enfocament l\u00fadic, manipulatiu, vivencial i significatiu. A partir d\u2019aquesta manera volem [&hellip;]<\/p>\n","protected":false},"author":1,"featured_media":0,"comment_status":"open","ping_status":"open","sticky":false,"template":"","format":"standard","meta":{"_bbp_topic_count":0,"_bbp_reply_count":0,"_bbp_total_topic_count":0,"_bbp_total_reply_count":0,"_bbp_voice_count":0,"_bbp_anonymous_reply_count":0,"_bbp_topic_count_hidden":0,"_bbp_reply_count_hidden":0,"_bbp_forum_subforum_count":0,"site-sidebar-layout":"default","site-content-layout":"","ast-site-content-layout":"","site-content-style":"default","site-sidebar-style":"default","ast-global-header-display":"","ast-banner-title-visibility":"","ast-main-header-display":"","ast-hfb-above-header-display":"","ast-hfb-below-header-display":"","ast-hfb-mobile-header-display":"","site-post-title":"","ast-breadcrumbs-content":"","ast-featured-img":"","footer-sml-layout":"","theme-transparent-header-meta":"","adv-header-id-meta":"","stick-header-meta":"","header-above-stick-meta":"","header-main-stick-meta":"","header-below-stick-meta":"","astra-migrate-meta-layouts":"default","ast-page-background-enabled":"default","ast-page-background-meta":{"desktop":{"background-color":"var(--ast-global-color-4)","background-image":"","background-repeat":"repeat","background-position":"center center","background-size":"auto","background-attachment":"scroll","background-type":"","background-media":"","overlay-type":"","overlay-color":"","overlay-opacity":"","overlay-gradient":""},"tablet":{"background-color":"","background-image":"","background-repeat":"repeat","background-position":"center center","background-size":"auto","background-attachment":"scroll","background-type":"","background-media":"","overlay-type":"","overlay-color":"","overlay-opacity":"","overlay-gradient":""},"mobile":{"background-color":"","background-image":"","background-repeat":"repeat","background-position":"center center","background-size":"auto","background-attachment":"scroll","background-type":"","background-media":"","overlay-type":"","overlay-color":"","overlay-opacity":"","overlay-gradient":""}},"ast-content-background-meta":{"desktop":{"background-color":"var(--ast-global-color-5)","background-image":"","background-repeat":"repeat","background-position":"center center","background-size":"auto","background-attachment":"scroll","background-type":"","background-media":"","overlay-type":"","overlay-color":"","overlay-opacity":"","overlay-gradient":""},"tablet":{"background-color":"var(--ast-global-color-5)","background-image":"","background-repeat":"repeat","background-position":"center center","background-size":"auto","background-attachment":"scroll","background-type":"","background-media":"","overlay-type":"","overlay-color":"","overlay-opacity":"","overlay-gradient":""},"mobile":{"background-color":"var(--ast-global-color-5)","background-image":"","background-repeat":"repeat","background-position":"center center","background-size":"auto","background-attachment":"scroll","background-type":"","background-media":"","overlay-type":"","overlay-color":"","overlay-opacity":"","overlay-gradient":""}},"footnotes":""},"categories":[1],"tags":[],"class_list":["post-5460","post","type-post","status-publish","format-standard","hentry","category-general"],"post_mailing_queue_ids":[],"_links":{"self":[{"href":"https:\/\/agora.xtec.cat\/ceip-torrojaimiret\/wp-json\/wp\/v2\/posts\/5460","targetHints":{"allow":["GET"]}}],"collection":[{"href":"https:\/\/agora.xtec.cat\/ceip-torrojaimiret\/wp-json\/wp\/v2\/posts"}],"about":[{"href":"https:\/\/agora.xtec.cat\/ceip-torrojaimiret\/wp-json\/wp\/v2\/types\/post"}],"author":[{"embeddable":true,"href":"https:\/\/agora.xtec.cat\/ceip-torrojaimiret\/wp-json\/wp\/v2\/users\/1"}],"replies":[{"embeddable":true,"href":"https:\/\/agora.xtec.cat\/ceip-torrojaimiret\/wp-json\/wp\/v2\/comments?post=5460"}],"version-history":[{"count":0,"href":"https:\/\/agora.xtec.cat\/ceip-torrojaimiret\/wp-json\/wp\/v2\/posts\/5460\/revisions"}],"wp:attachment":[{"href":"https:\/\/agora.xtec.cat\/ceip-torrojaimiret\/wp-json\/wp\/v2\/media?parent=5460"}],"wp:term":[{"taxonomy":"category","embeddable":true,"href":"https:\/\/agora.xtec.cat\/ceip-torrojaimiret\/wp-json\/wp\/v2\/categories?post=5460"},{"taxonomy":"post_tag","embeddable":true,"href":"https:\/\/agora.xtec.cat\/ceip-torrojaimiret\/wp-json\/wp\/v2\/tags?post=5460"}],"curies":[{"name":"wp","href":"https:\/\/api.w.org\/{rel}","templated":true}]}}