{"id":5438,"date":"2015-02-09T13:20:19","date_gmt":"2015-02-09T12:20:19","guid":{"rendered":"http:\/\/blocs.xtec.cat\/ceiptorrojaimiret\/?p=5438"},"modified":"2015-02-09T13:20:19","modified_gmt":"2015-02-09T12:20:19","slug":"todos-juntos-contra-el-hambre","status":"publish","type":"post","link":"https:\/\/agora.xtec.cat\/ceip-torrojaimiret\/general\/todos-juntos-contra-el-hambre\/","title":{"rendered":"TODOS JUNTOS CONTRA EL HAMBRE"},"content":{"rendered":"<p><strong>Si us plau, si t&#8217;agrada el v\u00eddeo\u00a0d\u00f3na&#8217;ns\u00a0un &#8216;like&#8217; <a title=\"v\u00eddeo de sis\u00e9\" href=\"http:\/\/www.clipmetrajesmanosunidas.org\/videos\/todos-juntos-contra-el-hambre\/\" target=\"_blank\">aqu\u00ed<\/a> i, comparteix-lo en les teves xarxes socials. El v\u00eddeo amb m\u00e9s &#8216;likes&#8217; t\u00e9 premi!!!<\/strong><\/p>\n<p>Aquest \u00e9s l&#8217;enlla\u00e7 que has de compartir al teu Facebook!:<\/p>\n<p><a href=\"http:\/\/www.clipmetrajesmanosunidas.org\/videos\/todos-juntos-contra-el-hambre\/\" target=\"_blank\">http:\/\/www.clipmetrajesmanosunidas.org\/videos\/todos-juntos-contra-el-hambre\/ \u00a0<\/a><\/p>\n<p>Els alumnes de sis\u00e8, despr\u00e9s d&#8217;haver adquirit consci\u00e8ncia de la fam que pateixen algunes de les regions del m\u00f3n i haver ent\u00e8s algunes de les causes que la desencadenen, han decidit llan\u00e7ar-se a la realitzaci\u00f3 d&#8217;aquest v\u00eddeo.<\/p>\n<p>La idea del v\u00eddeo parteix d&#8217;ells i elles; els mestres nom\u00e9s hem ajudat en la realitzaci\u00f3 i muntatge.<\/p>\n<p>Treball realitzat dins de l&#8217;assignatura d&#8217;Educaci\u00f3 per a la Ciutadania.<\/p>\n<p>[youtube]https:\/\/www.youtube.com\/watch?v=afxcs7YZFRE[\/youtube]<\/p>\n","protected":false},"excerpt":{"rendered":"<p>Si us plau, si t&#8217;agrada el v\u00eddeo\u00a0d\u00f3na&#8217;ns\u00a0un &#8216;like&#8217; aqu\u00ed i, comparteix-lo en les teves xarxes socials. El v\u00eddeo amb m\u00e9s &#8216;likes&#8217; t\u00e9 premi!!! Aquest \u00e9s l&#8217;enlla\u00e7 que has de compartir al teu Facebook!: http:\/\/www.clipmetrajesmanosunidas.org\/videos\/todos-juntos-contra-el-hambre\/ \u00a0 Els alumnes de sis\u00e8, despr\u00e9s d&#8217;haver adquirit consci\u00e8ncia de la fam que pateixen algunes de les regions del m\u00f3n i [&hellip;]<\/p>\n","protected":false},"author":1,"featured_media":0,"comment_status":"open","ping_status":"open","sticky":false,"template":"","format":"standard","meta":{"_bbp_topic_count":0,"_bbp_reply_count":0,"_bbp_total_topic_count":0,"_bbp_total_reply_count":0,"_bbp_voice_count":0,"_bbp_anonymous_reply_count":0,"_bbp_topic_count_hidden":0,"_bbp_reply_count_hidden":0,"_bbp_forum_subforum_count":0,"site-sidebar-layout":"default","site-content-layout":"","ast-site-content-layout":"","site-content-style":"default","site-sidebar-style":"default","ast-global-header-display":"","ast-banner-title-visibility":"","ast-main-header-display":"","ast-hfb-above-header-display":"","ast-hfb-below-header-display":"","ast-hfb-mobile-header-display":"","site-post-title":"","ast-breadcrumbs-content":"","ast-featured-img":"","footer-sml-layout":"","theme-transparent-header-meta":"","adv-header-id-meta":"","stick-header-meta":"","header-above-stick-meta":"","header-main-stick-meta":"","header-below-stick-meta":"","astra-migrate-meta-layouts":"default","ast-page-background-enabled":"default","ast-page-background-meta":{"desktop":{"background-color":"var(--ast-global-color-4)","background-image":"","background-repeat":"repeat","background-position":"center center","background-size":"auto","background-attachment":"scroll","background-type":"","background-media":"","overlay-type":"","overlay-color":"","overlay-opacity":"","overlay-gradient":""},"tablet":{"background-color":"","background-image":"","background-repeat":"repeat","background-position":"center center","background-size":"auto","background-attachment":"scroll","background-type":"","background-media":"","overlay-type":"","overlay-color":"","overlay-opacity":"","overlay-gradient":""},"mobile":{"background-color":"","background-image":"","background-repeat":"repeat","background-position":"center center","background-size":"auto","background-attachment":"scroll","background-type":"","background-media":"","overlay-type":"","overlay-color":"","overlay-opacity":"","overlay-gradient":""}},"ast-content-background-meta":{"desktop":{"background-color":"var(--ast-global-color-5)","background-image":"","background-repeat":"repeat","background-position":"center center","background-size":"auto","background-attachment":"scroll","background-type":"","background-media":"","overlay-type":"","overlay-color":"","overlay-opacity":"","overlay-gradient":""},"tablet":{"background-color":"var(--ast-global-color-5)","background-image":"","background-repeat":"repeat","background-position":"center center","background-size":"auto","background-attachment":"scroll","background-type":"","background-media":"","overlay-type":"","overlay-color":"","overlay-opacity":"","overlay-gradient":""},"mobile":{"background-color":"var(--ast-global-color-5)","background-image":"","background-repeat":"repeat","background-position":"center center","background-size":"auto","background-attachment":"scroll","background-type":"","background-media":"","overlay-type":"","overlay-color":"","overlay-opacity":"","overlay-gradient":""}},"footnotes":""},"categories":[1],"tags":[],"class_list":["post-5438","post","type-post","status-publish","format-standard","hentry","category-general"],"post_mailing_queue_ids":[],"_links":{"self":[{"href":"https:\/\/agora.xtec.cat\/ceip-torrojaimiret\/wp-json\/wp\/v2\/posts\/5438","targetHints":{"allow":["GET"]}}],"collection":[{"href":"https:\/\/agora.xtec.cat\/ceip-torrojaimiret\/wp-json\/wp\/v2\/posts"}],"about":[{"href":"https:\/\/agora.xtec.cat\/ceip-torrojaimiret\/wp-json\/wp\/v2\/types\/post"}],"author":[{"embeddable":true,"href":"https:\/\/agora.xtec.cat\/ceip-torrojaimiret\/wp-json\/wp\/v2\/users\/1"}],"replies":[{"embeddable":true,"href":"https:\/\/agora.xtec.cat\/ceip-torrojaimiret\/wp-json\/wp\/v2\/comments?post=5438"}],"version-history":[{"count":0,"href":"https:\/\/agora.xtec.cat\/ceip-torrojaimiret\/wp-json\/wp\/v2\/posts\/5438\/revisions"}],"wp:attachment":[{"href":"https:\/\/agora.xtec.cat\/ceip-torrojaimiret\/wp-json\/wp\/v2\/media?parent=5438"}],"wp:term":[{"taxonomy":"category","embeddable":true,"href":"https:\/\/agora.xtec.cat\/ceip-torrojaimiret\/wp-json\/wp\/v2\/categories?post=5438"},{"taxonomy":"post_tag","embeddable":true,"href":"https:\/\/agora.xtec.cat\/ceip-torrojaimiret\/wp-json\/wp\/v2\/tags?post=5438"}],"curies":[{"name":"wp","href":"https:\/\/api.w.org\/{rel}","templated":true}]}}