{"id":4750,"date":"2014-03-16T22:19:07","date_gmt":"2014-03-16T21:19:07","guid":{"rendered":"http:\/\/blocs.xtec.cat\/ceiptorrojaimiret\/?p=4750"},"modified":"2014-03-16T22:19:07","modified_gmt":"2014-03-16T21:19:07","slug":"els-vampirs-construeixen-edificis","status":"publish","type":"post","link":"https:\/\/agora.xtec.cat\/ceip-torrojaimiret\/general\/els-vampirs-construeixen-edificis\/","title":{"rendered":"ELS VAMPIRS CONSTRUEIXEN EDIFICIS!!!"},"content":{"rendered":"<p>AQUESTA SETMANA HEM ACABAT UN NOU REPTE: LA CONSTRUCCI\u00d3 D\u2019UN EDIFICI A PARTIR DE LES IDEES DE L\u2019ARQUITECTE GAUDI I TOT ALL\u00d2 QUE L\u2019ANTONIETA (L\u2019ASSESSORA DE PL\u00c0STICA) ENS VA ENSENYAR.<\/p>\n<p>AIX\u00cd, AMB LA IDEA DE CONTRUIR, DE FER VOLUMS, DE REPRESENTAR I BARREJAR TOTS AQUELLS CONCEPTES QUE HEM APR\u00c9S AL VOLTANT DE GAUDI ELS NENS\/ES DE LA CLASSE DELS VAMPIRS HAN CONTRUIT ELS SEUS EDIFICIS.<\/p>\n<p>PER EQUIPS DE 3, CADA U HA PENSAT QU\u00c8 VOLIA FER, I AMB TOT EL MATERIAL QUE TENIEM DELS COSSOS GEOM\u00c8TRICS ENS HEM POSAT MANS A L\u2019OBRA. EL\u00a0\u00a0 PRIMER VA SER CONSTRUIR I PEGAR LES CAPSES. ELS NENS HO VAN FER AMB COLA I CELO. DESPR\u00c9S LES VAN PINTAR DE BLANC. A LA TERCERA SESSI\u00d3 ELS NENS VAN EXPERIMENTAR AMB ELS PAPERS DE COLORS I EL QUE VAN\u00a0 FER VA SER TALLAR EN LINEES CORVES, IGUAL QUE HO FEIA GAUDI.\u00a0 L\u2019\u00daLTIM PAS HA SIGUT\u00a0 GUARNIR \u2013LES, I HO VAN FER AMB PLASTELINA I ELEMENTS NATUTRALS, TAL I COM ENS VA ENSENYAR L\u2019ANTONIETA.<\/p>\n<p>EL REUSUTAT HAN SIGUT \u00a0CASES, CASTELLS, ESCOLES DE NATACI\u00d3, EDIFICIS I UN MALBARATAMNET D\u2019IMAGINACI\u00d3, CREATIVITAT, TREBALL EN EQUIP I AMB LES SENSACIONS D\u2019HAVER COMPARTIR AMB GAUDI L\u2019EXPERI\u00c8NCIA DE \u00a0CONSTRUIR<\/p>\n<p><embed type=\"application\/x-shockwave-flash\" src=\"https:\/\/photos.gstatic.com\/media\/slideshow.swf\" width=\"600\" height=\"400\" flashvars=\"host=picasaweb.google.com&#038;hl=ca&#038;feat=flashalbum&#038;RGB=0x000000&#038;feed=https%3A%2F%2Fpicasaweb.google.com%2Fdata%2Ffeed%2Fapi%2Fuser%2F109759367829402032720%2Falbumid%2F5991485938787517057%3Falt%3Drss%26kind%3Dphoto%26hl%3Dca\" pluginspage=\"http:\/\/www.macromedia.com\/go\/getflashplayer\"><\/embed><\/p>\n","protected":false},"excerpt":{"rendered":"<p>AQUESTA SETMANA HEM ACABAT UN NOU REPTE: LA CONSTRUCCI\u00d3 D\u2019UN EDIFICI A PARTIR DE LES IDEES DE L\u2019ARQUITECTE GAUDI I TOT ALL\u00d2 QUE L\u2019ANTONIETA (L\u2019ASSESSORA DE PL\u00c0STICA) ENS VA ENSENYAR. AIX\u00cd, AMB LA IDEA DE CONTRUIR, DE FER VOLUMS, DE REPRESENTAR I BARREJAR TOTS AQUELLS CONCEPTES QUE HEM APR\u00c9S AL VOLTANT DE GAUDI ELS NENS\/ES [&hellip;]<\/p>\n","protected":false},"author":1,"featured_media":0,"comment_status":"open","ping_status":"open","sticky":false,"template":"","format":"standard","meta":{"_bbp_topic_count":0,"_bbp_reply_count":0,"_bbp_total_topic_count":0,"_bbp_total_reply_count":0,"_bbp_voice_count":0,"_bbp_anonymous_reply_count":0,"_bbp_topic_count_hidden":0,"_bbp_reply_count_hidden":0,"_bbp_forum_subforum_count":0,"site-sidebar-layout":"default","site-content-layout":"","ast-site-content-layout":"","site-content-style":"default","site-sidebar-style":"default","ast-global-header-display":"","ast-banner-title-visibility":"","ast-main-header-display":"","ast-hfb-above-header-display":"","ast-hfb-below-header-display":"","ast-hfb-mobile-header-display":"","site-post-title":"","ast-breadcrumbs-content":"","ast-featured-img":"","footer-sml-layout":"","theme-transparent-header-meta":"","adv-header-id-meta":"","stick-header-meta":"","header-above-stick-meta":"","header-main-stick-meta":"","header-below-stick-meta":"","astra-migrate-meta-layouts":"default","ast-page-background-enabled":"default","ast-page-background-meta":{"desktop":{"background-color":"var(--ast-global-color-4)","background-image":"","background-repeat":"repeat","background-position":"center center","background-size":"auto","background-attachment":"scroll","background-type":"","background-media":"","overlay-type":"","overlay-color":"","overlay-opacity":"","overlay-gradient":""},"tablet":{"background-color":"","background-image":"","background-repeat":"repeat","background-position":"center center","background-size":"auto","background-attachment":"scroll","background-type":"","background-media":"","overlay-type":"","overlay-color":"","overlay-opacity":"","overlay-gradient":""},"mobile":{"background-color":"","background-image":"","background-repeat":"repeat","background-position":"center center","background-size":"auto","background-attachment":"scroll","background-type":"","background-media":"","overlay-type":"","overlay-color":"","overlay-opacity":"","overlay-gradient":""}},"ast-content-background-meta":{"desktop":{"background-color":"var(--ast-global-color-5)","background-image":"","background-repeat":"repeat","background-position":"center center","background-size":"auto","background-attachment":"scroll","background-type":"","background-media":"","overlay-type":"","overlay-color":"","overlay-opacity":"","overlay-gradient":""},"tablet":{"background-color":"var(--ast-global-color-5)","background-image":"","background-repeat":"repeat","background-position":"center center","background-size":"auto","background-attachment":"scroll","background-type":"","background-media":"","overlay-type":"","overlay-color":"","overlay-opacity":"","overlay-gradient":""},"mobile":{"background-color":"var(--ast-global-color-5)","background-image":"","background-repeat":"repeat","background-position":"center center","background-size":"auto","background-attachment":"scroll","background-type":"","background-media":"","overlay-type":"","overlay-color":"","overlay-opacity":"","overlay-gradient":""}},"footnotes":""},"categories":[1],"tags":[],"class_list":["post-4750","post","type-post","status-publish","format-standard","hentry","category-general"],"post_mailing_queue_ids":[],"_links":{"self":[{"href":"https:\/\/agora.xtec.cat\/ceip-torrojaimiret\/wp-json\/wp\/v2\/posts\/4750","targetHints":{"allow":["GET"]}}],"collection":[{"href":"https:\/\/agora.xtec.cat\/ceip-torrojaimiret\/wp-json\/wp\/v2\/posts"}],"about":[{"href":"https:\/\/agora.xtec.cat\/ceip-torrojaimiret\/wp-json\/wp\/v2\/types\/post"}],"author":[{"embeddable":true,"href":"https:\/\/agora.xtec.cat\/ceip-torrojaimiret\/wp-json\/wp\/v2\/users\/1"}],"replies":[{"embeddable":true,"href":"https:\/\/agora.xtec.cat\/ceip-torrojaimiret\/wp-json\/wp\/v2\/comments?post=4750"}],"version-history":[{"count":0,"href":"https:\/\/agora.xtec.cat\/ceip-torrojaimiret\/wp-json\/wp\/v2\/posts\/4750\/revisions"}],"wp:attachment":[{"href":"https:\/\/agora.xtec.cat\/ceip-torrojaimiret\/wp-json\/wp\/v2\/media?parent=4750"}],"wp:term":[{"taxonomy":"category","embeddable":true,"href":"https:\/\/agora.xtec.cat\/ceip-torrojaimiret\/wp-json\/wp\/v2\/categories?post=4750"},{"taxonomy":"post_tag","embeddable":true,"href":"https:\/\/agora.xtec.cat\/ceip-torrojaimiret\/wp-json\/wp\/v2\/tags?post=4750"}],"curies":[{"name":"wp","href":"https:\/\/api.w.org\/{rel}","templated":true}]}}