{"id":4621,"date":"2014-02-25T11:12:34","date_gmt":"2014-02-25T10:12:34","guid":{"rendered":"http:\/\/blocs.xtec.cat\/ceiptorrojaimiret\/?p=4621"},"modified":"2014-02-25T11:12:34","modified_gmt":"2014-02-25T10:12:34","slug":"periodista-de-la-setmana-daniel","status":"publish","type":"post","link":"https:\/\/agora.xtec.cat\/ceip-torrojaimiret\/general\/periodista-de-la-setmana-daniel\/","title":{"rendered":"PERIODISTA DE LA SETMANA: DANIEL"},"content":{"rendered":"<p>EL DANIEL TAMB\u00c9 HA FET DE PERIODISTA DE LA SETMANA A LA CLASSE DE LES SIRENES. I ENS HA PORTAT UN MUNT DE NOT\u00cdCIES DEL SEU VIATGE A AST\u00daRIES DEL PASSAT CAP D&#8217;ANY.<br \/>\nHEM APR\u00c8S ON EST\u00c0 AST\u00daRIES, COM \u00c9S LA SEVA BANDERA, LES CASES T\u00cdPIQUES D&#8217;ALL\u00c0 (H\u00d3RREOS), QUE FERNANDO ALONSO HI VA N\u00c9IXER&#8230; I MOLTES COSES M\u00c9S QUE VA FER I VISITAR EL DANIEL AMB LA SEVA FAM\u00cdLIA I QUE AMB LA SEVA MARE I GERMANA ENS HAN VINGUT A EXPLICAR!<br \/>\nAH, I HEM DESCOBERT QUE LA BANDERA D&#8217;AST\u00daRIES T\u00c9 ELS MATEIXOS COLORS QUE LA DE VILA-SECA I LA D&#8217;UCRAINA (EL PA\u00cdS DE LA FAM\u00cdLIA DEL DANIEL).<\/p>\n<p>MIREU LES FOTOS, S\u00d3N MOLT INTERESSANTS&#8230;<\/p>\n<p><embed type=\"application\/x-shockwave-flash\" src=\"https:\/\/photos.gstatic.com\/media\/slideshow.swf\" width=\"400\" height=\"267\" flashvars=\"host=picasaweb.google.com&#038;hl=ca&#038;feat=flashalbum&#038;RGB=0x000000&#038;feed=https%3A%2F%2Fpicasaweb.google.com%2Fdata%2Ffeed%2Fapi%2Fuser%2F104115276565930427419%2Falbumid%2F5984275723320980369%3Falt%3Drss%26kind%3Dphoto%26authkey%3DGv1sRgCMGt3eby-5W7rAE%26hl%3Dca\" pluginspage=\"http:\/\/www.macromedia.com\/go\/getflashplayer\"><\/embed><\/p>\n","protected":false},"excerpt":{"rendered":"<p>EL DANIEL TAMB\u00c9 HA FET DE PERIODISTA DE LA SETMANA A LA CLASSE DE LES SIRENES. I ENS HA PORTAT UN MUNT DE NOT\u00cdCIES DEL SEU VIATGE A AST\u00daRIES DEL PASSAT CAP D&#8217;ANY. HEM APR\u00c8S ON EST\u00c0 AST\u00daRIES, COM \u00c9S LA SEVA BANDERA, LES CASES T\u00cdPIQUES D&#8217;ALL\u00c0 (H\u00d3RREOS), QUE FERNANDO ALONSO HI VA N\u00c9IXER&#8230; I [&hellip;]<\/p>\n","protected":false},"author":1,"featured_media":0,"comment_status":"open","ping_status":"open","sticky":false,"template":"","format":"standard","meta":{"_bbp_topic_count":0,"_bbp_reply_count":0,"_bbp_total_topic_count":0,"_bbp_total_reply_count":0,"_bbp_voice_count":0,"_bbp_anonymous_reply_count":0,"_bbp_topic_count_hidden":0,"_bbp_reply_count_hidden":0,"_bbp_forum_subforum_count":0,"site-sidebar-layout":"default","site-content-layout":"","ast-site-content-layout":"","site-content-style":"default","site-sidebar-style":"default","ast-global-header-display":"","ast-banner-title-visibility":"","ast-main-header-display":"","ast-hfb-above-header-display":"","ast-hfb-below-header-display":"","ast-hfb-mobile-header-display":"","site-post-title":"","ast-breadcrumbs-content":"","ast-featured-img":"","footer-sml-layout":"","theme-transparent-header-meta":"","adv-header-id-meta":"","stick-header-meta":"","header-above-stick-meta":"","header-main-stick-meta":"","header-below-stick-meta":"","astra-migrate-meta-layouts":"default","ast-page-background-enabled":"default","ast-page-background-meta":{"desktop":{"background-color":"var(--ast-global-color-4)","background-image":"","background-repeat":"repeat","background-position":"center center","background-size":"auto","background-attachment":"scroll","background-type":"","background-media":"","overlay-type":"","overlay-color":"","overlay-opacity":"","overlay-gradient":""},"tablet":{"background-color":"","background-image":"","background-repeat":"repeat","background-position":"center center","background-size":"auto","background-attachment":"scroll","background-type":"","background-media":"","overlay-type":"","overlay-color":"","overlay-opacity":"","overlay-gradient":""},"mobile":{"background-color":"","background-image":"","background-repeat":"repeat","background-position":"center center","background-size":"auto","background-attachment":"scroll","background-type":"","background-media":"","overlay-type":"","overlay-color":"","overlay-opacity":"","overlay-gradient":""}},"ast-content-background-meta":{"desktop":{"background-color":"var(--ast-global-color-5)","background-image":"","background-repeat":"repeat","background-position":"center center","background-size":"auto","background-attachment":"scroll","background-type":"","background-media":"","overlay-type":"","overlay-color":"","overlay-opacity":"","overlay-gradient":""},"tablet":{"background-color":"var(--ast-global-color-5)","background-image":"","background-repeat":"repeat","background-position":"center center","background-size":"auto","background-attachment":"scroll","background-type":"","background-media":"","overlay-type":"","overlay-color":"","overlay-opacity":"","overlay-gradient":""},"mobile":{"background-color":"var(--ast-global-color-5)","background-image":"","background-repeat":"repeat","background-position":"center center","background-size":"auto","background-attachment":"scroll","background-type":"","background-media":"","overlay-type":"","overlay-color":"","overlay-opacity":"","overlay-gradient":""}},"footnotes":""},"categories":[1],"tags":[],"class_list":["post-4621","post","type-post","status-publish","format-standard","hentry","category-general"],"post_mailing_queue_ids":[],"_links":{"self":[{"href":"https:\/\/agora.xtec.cat\/ceip-torrojaimiret\/wp-json\/wp\/v2\/posts\/4621","targetHints":{"allow":["GET"]}}],"collection":[{"href":"https:\/\/agora.xtec.cat\/ceip-torrojaimiret\/wp-json\/wp\/v2\/posts"}],"about":[{"href":"https:\/\/agora.xtec.cat\/ceip-torrojaimiret\/wp-json\/wp\/v2\/types\/post"}],"author":[{"embeddable":true,"href":"https:\/\/agora.xtec.cat\/ceip-torrojaimiret\/wp-json\/wp\/v2\/users\/1"}],"replies":[{"embeddable":true,"href":"https:\/\/agora.xtec.cat\/ceip-torrojaimiret\/wp-json\/wp\/v2\/comments?post=4621"}],"version-history":[{"count":0,"href":"https:\/\/agora.xtec.cat\/ceip-torrojaimiret\/wp-json\/wp\/v2\/posts\/4621\/revisions"}],"wp:attachment":[{"href":"https:\/\/agora.xtec.cat\/ceip-torrojaimiret\/wp-json\/wp\/v2\/media?parent=4621"}],"wp:term":[{"taxonomy":"category","embeddable":true,"href":"https:\/\/agora.xtec.cat\/ceip-torrojaimiret\/wp-json\/wp\/v2\/categories?post=4621"},{"taxonomy":"post_tag","embeddable":true,"href":"https:\/\/agora.xtec.cat\/ceip-torrojaimiret\/wp-json\/wp\/v2\/tags?post=4621"}],"curies":[{"name":"wp","href":"https:\/\/api.w.org\/{rel}","templated":true}]}}