{"id":4403,"date":"2014-02-25T10:47:12","date_gmt":"2014-02-25T09:47:12","guid":{"rendered":"http:\/\/blocs.xtec.cat\/ceiptorrojaimiret\/?p=4403"},"modified":"2014-02-25T10:47:12","modified_gmt":"2014-02-25T09:47:12","slug":"cap-gros-classe-de-les-sirenes","status":"publish","type":"post","link":"https:\/\/agora.xtec.cat\/ceip-torrojaimiret\/general\/cap-gros-classe-de-les-sirenes\/","title":{"rendered":"CAP-GROS CLASSE DE LES SIRENES"},"content":{"rendered":"<p>AL GENER VAM CELEBRAR LA FESTA MAJOR DE VILA-SECA, DURANT AQUELLES SETMANES VAM DECORAR L&#8217;ESCOLA I VAM FER MOLTES ACTIVITATS RELACIONADES AMB LA FESTA MAJOR.<br \/>\nUNA DE LES ACTIVITATS QUE M\u00c9S ENS VA AGRADAR VA SER LA DE DISSENYAR EL NOSTRE PROPI CAPGROS.<br \/>\nPRIMER VAM DIR DIFERENTS PERSONATGES QUE PODR\u00cdEM FER I DESPR\u00c9S D&#8217;ALGUNA VOTACI\u00d3, VAM ACORDAR FER UN CAPGROS &#8220;SR.POTATO&#8221; I AIX\u00cd HO VAM FER ENTRE TOTS I TOTES.<br \/>\nI COM NO, VA PARTICIPAR A LA CERCAVILA PREPARADA AMB TOTS ELS NOSTRES COMPANYS I COMPANYES DEL CICLE D&#8217;EDUCACI\u00d3 INFANTIL.<br \/>\nSI VOLEU, ENCARA PODEU VEURE EL NOSTRE CAPGROS I EL DE LES ALTRS CLASSES, ESTAN EXPOSATS AL PASSAD\u00cdS DE BAIX DEL NOSTRE PAVELL\u00d3.<br \/>\nI DES DE CASA, TAMB\u00c9 EL PODEU VEURE, EN AQUEST \u00c0LBUM DE FOTOS&#8230;ON PODEU VEURE TOT EL PROC\u00c9S: ELECCI\u00d3, DIBUIX-DISSENY, EXPERIMENTACI\u00d3&#8230;<\/p>\n<p><embed type=\"application\/x-shockwave-flash\" src=\"https:\/\/static.googleusercontent.com\/external_content\/picasaweb.googleusercontent.com\/slideshow.swf\" width=\"400\" height=\"267\" flashvars=\"host=picasaweb.google.com&#038;hl=ca&#038;feat=flashalbum&#038;RGB=0x000000&#038;feed=https%3A%2F%2Fpicasaweb.google.com%2Fdata%2Ffeed%2Fapi%2Fuser%2F104115276565930427419%2Falbumid%2F5972426449320049105%3Falt%3Drss%26kind%3Dphoto%26authkey%3DGv1sRgCMLUvcfN6I-sCA%26hl%3Dca\" pluginspage=\"http:\/\/www.macromedia.com\/go\/getflashplayer\"><\/embed><\/p>\n","protected":false},"excerpt":{"rendered":"<p>AL GENER VAM CELEBRAR LA FESTA MAJOR DE VILA-SECA, DURANT AQUELLES SETMANES VAM DECORAR L&#8217;ESCOLA I VAM FER MOLTES ACTIVITATS RELACIONADES AMB LA FESTA MAJOR. UNA DE LES ACTIVITATS QUE M\u00c9S ENS VA AGRADAR VA SER LA DE DISSENYAR EL NOSTRE PROPI CAPGROS. PRIMER VAM DIR DIFERENTS PERSONATGES QUE PODR\u00cdEM FER I DESPR\u00c9S D&#8217;ALGUNA VOTACI\u00d3, [&hellip;]<\/p>\n","protected":false},"author":1,"featured_media":0,"comment_status":"open","ping_status":"open","sticky":false,"template":"","format":"standard","meta":{"_bbp_topic_count":0,"_bbp_reply_count":0,"_bbp_total_topic_count":0,"_bbp_total_reply_count":0,"_bbp_voice_count":0,"_bbp_anonymous_reply_count":0,"_bbp_topic_count_hidden":0,"_bbp_reply_count_hidden":0,"_bbp_forum_subforum_count":0,"site-sidebar-layout":"default","site-content-layout":"","ast-site-content-layout":"","site-content-style":"default","site-sidebar-style":"default","ast-global-header-display":"","ast-banner-title-visibility":"","ast-main-header-display":"","ast-hfb-above-header-display":"","ast-hfb-below-header-display":"","ast-hfb-mobile-header-display":"","site-post-title":"","ast-breadcrumbs-content":"","ast-featured-img":"","footer-sml-layout":"","theme-transparent-header-meta":"","adv-header-id-meta":"","stick-header-meta":"","header-above-stick-meta":"","header-main-stick-meta":"","header-below-stick-meta":"","astra-migrate-meta-layouts":"default","ast-page-background-enabled":"default","ast-page-background-meta":{"desktop":{"background-color":"var(--ast-global-color-4)","background-image":"","background-repeat":"repeat","background-position":"center center","background-size":"auto","background-attachment":"scroll","background-type":"","background-media":"","overlay-type":"","overlay-color":"","overlay-opacity":"","overlay-gradient":""},"tablet":{"background-color":"","background-image":"","background-repeat":"repeat","background-position":"center center","background-size":"auto","background-attachment":"scroll","background-type":"","background-media":"","overlay-type":"","overlay-color":"","overlay-opacity":"","overlay-gradient":""},"mobile":{"background-color":"","background-image":"","background-repeat":"repeat","background-position":"center center","background-size":"auto","background-attachment":"scroll","background-type":"","background-media":"","overlay-type":"","overlay-color":"","overlay-opacity":"","overlay-gradient":""}},"ast-content-background-meta":{"desktop":{"background-color":"var(--ast-global-color-5)","background-image":"","background-repeat":"repeat","background-position":"center center","background-size":"auto","background-attachment":"scroll","background-type":"","background-media":"","overlay-type":"","overlay-color":"","overlay-opacity":"","overlay-gradient":""},"tablet":{"background-color":"var(--ast-global-color-5)","background-image":"","background-repeat":"repeat","background-position":"center center","background-size":"auto","background-attachment":"scroll","background-type":"","background-media":"","overlay-type":"","overlay-color":"","overlay-opacity":"","overlay-gradient":""},"mobile":{"background-color":"var(--ast-global-color-5)","background-image":"","background-repeat":"repeat","background-position":"center center","background-size":"auto","background-attachment":"scroll","background-type":"","background-media":"","overlay-type":"","overlay-color":"","overlay-opacity":"","overlay-gradient":""}},"footnotes":""},"categories":[1],"tags":[],"class_list":["post-4403","post","type-post","status-publish","format-standard","hentry","category-general"],"post_mailing_queue_ids":[],"_links":{"self":[{"href":"https:\/\/agora.xtec.cat\/ceip-torrojaimiret\/wp-json\/wp\/v2\/posts\/4403","targetHints":{"allow":["GET"]}}],"collection":[{"href":"https:\/\/agora.xtec.cat\/ceip-torrojaimiret\/wp-json\/wp\/v2\/posts"}],"about":[{"href":"https:\/\/agora.xtec.cat\/ceip-torrojaimiret\/wp-json\/wp\/v2\/types\/post"}],"author":[{"embeddable":true,"href":"https:\/\/agora.xtec.cat\/ceip-torrojaimiret\/wp-json\/wp\/v2\/users\/1"}],"replies":[{"embeddable":true,"href":"https:\/\/agora.xtec.cat\/ceip-torrojaimiret\/wp-json\/wp\/v2\/comments?post=4403"}],"version-history":[{"count":0,"href":"https:\/\/agora.xtec.cat\/ceip-torrojaimiret\/wp-json\/wp\/v2\/posts\/4403\/revisions"}],"wp:attachment":[{"href":"https:\/\/agora.xtec.cat\/ceip-torrojaimiret\/wp-json\/wp\/v2\/media?parent=4403"}],"wp:term":[{"taxonomy":"category","embeddable":true,"href":"https:\/\/agora.xtec.cat\/ceip-torrojaimiret\/wp-json\/wp\/v2\/categories?post=4403"},{"taxonomy":"post_tag","embeddable":true,"href":"https:\/\/agora.xtec.cat\/ceip-torrojaimiret\/wp-json\/wp\/v2\/tags?post=4403"}],"curies":[{"name":"wp","href":"https:\/\/api.w.org\/{rel}","templated":true}]}}